{"id":10152,"date":"2021-12-09T11:29:27","date_gmt":"2021-12-09T15:29:27","guid":{"rendered":"https:\/\/www.arssenasa.gob.do\/?p=10152"},"modified":"2022-01-12T14:43:12","modified_gmt":"2022-01-12T18:43:12","slug":"senasa-realiza-charla-sobre-la-norma-internacional-iso-26000","status":"publish","type":"post","link":"https:\/\/www.arssenasa.gob.do\/index.php\/blog\/2021\/12\/09\/senasa-realiza-charla-sobre-la-norma-internacional-iso-26000\/","title":{"rendered":"SeNaSa realiza charla sobre la Norma Internacional ISO 26000"},"content":{"rendered":"\n<p><strong>Santo Domingo .- <\/strong>El Seguro Nacional de Salud (SeNaSa) imparti\u00f3 una charla sobre la Norma ISO 26000 al equipo de gerentes y subgerentes, con el objetivo de fomentar un liderazgo sostenible en la instituci\u00f3n, como parte de las acciones de Responsabilidad Social Institucional, para identificar eficazmente acciones sostenibles, de modo que puedan ser organizadas y establecidas seg\u00fan los m\u00e1s altos est\u00e1ndares internacionales.<\/p>\n\n\n\n<p>Todas las organizaciones est\u00e1n sometidas a un escrutinio cada vez mayor por parte de sus p\u00fablicos, grupos de inter\u00e9s y de la sociedad en general, por lo que han sido dise\u00f1adas reglamentaciones de asunci\u00f3n voluntaria tan importantes como la Norma Internacional ISO 26000 o Gu\u00eda de Responsabilidad Social (RS), que establece los lineamientos para su implementaci\u00f3n en cada organizaci\u00f3n.<\/p>\n\n\n\n<p>El Dr. Santiago Hazim, director ejecutivo de SeNaSa, asegur\u00f3 que, para la instituci\u00f3n es de alta relevancia que el equipo gerencial conozca esta norma, as\u00ed como la importancia de la Responsabilidad Social, las directrices para entender el prop\u00f3sito, la estructura y el contenido de la misma, fomentando entre todos un ejercicio \u00e9tico y una visi\u00f3n sistem\u00e1tica que promueva la vinculaci\u00f3n de la organizaci\u00f3n con la problem\u00e1tica social, econ\u00f3mica, pol\u00edtica y ambiental de nuestro pa\u00eds.<\/p>\n","protected":false},"excerpt":{"rendered":"<p>Santo Domingo .- El Seguro Nacional de Salud (SeNaSa) imparti\u00f3 una charla sobre la Norma ISO 26000 al equipo de gerentes y subgerentes, con el objetivo de fomentar un liderazgo sostenible en la instituci\u00f3n, como parte de las acciones de Responsabilidad Social Institucional, para identificar eficazmente acciones sostenibles, de modo que puedan ser organizadas y [&hellip;]<\/p>\n","protected":false},"author":3,"featured_media":10153,"comment_status":"open","ping_status":"open","sticky":false,"template":"","format":"standard","meta":{"inline_featured_image":false,"yasr_overall_rating":0,"yasr_post_is_review":"","yasr_auto_insert_disabled":"","yasr_review_type":"","_glsr_average":0,"_glsr_ranking":0,"_glsr_reviews":0,"footnotes":""},"categories":[13,40],"tags":[],"class_list":["post-10152","post","type-post","status-publish","format-standard","has-post-thumbnail","hentry","category-noticias","category-rsi-educacion"],"yoast_head":"<!-- This site is optimized with the Yoast SEO plugin v26.6 - https:\/\/yoast.com\/wordpress\/plugins\/seo\/ -->\n<title>SeNaSa realiza charla sobre la Norma Internacional ISO 26000 - ARSSeNaSa<\/title>\n<meta name=\"description\" content=\"%\" \/>\n<meta name=\"robots\" content=\"index, follow, max-snippet:-1, max-image-preview:large, max-video-preview:-1\" \/>\n<link rel=\"canonical\" href=\"https:\/\/www.arssenasa.gob.do\/index.php\/blog\/2021\/12\/09\/senasa-realiza-charla-sobre-la-norma-internacional-iso-26000\/\" \/>\n<meta property=\"og:locale\" content=\"es_ES\" \/>\n<meta property=\"og:type\" content=\"article\" \/>\n<meta property=\"og:title\" content=\"SeNaSa realiza charla sobre la Norma Internacional ISO 26000 - ARSSeNaSa\" \/>\n<meta property=\"og:description\" content=\"%\" \/>\n<meta property=\"og:url\" content=\"https:\/\/www.arssenasa.gob.do\/index.php\/blog\/2021\/12\/09\/senasa-realiza-charla-sobre-la-norma-internacional-iso-26000\/\" \/>\n<meta property=\"og:site_name\" content=\"ARSSeNaSa\" \/>\n<meta property=\"article:publisher\" content=\"https:\/\/www.facebook.com\/ARSSeNaSaRD\" \/>\n<meta property=\"article:published_time\" content=\"2021-12-09T15:29:27+00:00\" \/>\n<meta property=\"article:modified_time\" content=\"2022-01-12T18:43:12+00:00\" \/>\n<meta property=\"og:image\" content=\"https:\/\/www.arssenasa.gob.do\/wp-content\/uploads\/2021\/12\/IMG-20211206-WA0000.jpg\" \/>\n\t<meta property=\"og:image:width\" content=\"1280\" \/>\n\t<meta property=\"og:image:height\" content=\"854\" \/>\n\t<meta property=\"og:image:type\" content=\"image\/jpeg\" \/>\n<meta name=\"author\" content=\"SeNaSa\" \/>\n<meta name=\"twitter:card\" content=\"summary_large_image\" \/>\n<meta name=\"twitter:creator\" content=\"@arssenasard\" \/>\n<meta name=\"twitter:site\" content=\"@arssenasard\" \/>\n<meta name=\"twitter:label1\" content=\"Written by\" \/>\n\t<meta name=\"twitter:data1\" content=\"SeNaSa\" \/>\n\t<meta name=\"twitter:label2\" content=\"Est. reading time\" \/>\n\t<meta name=\"twitter:data2\" content=\"1 minuto\" \/>\n<script type=\"application\/ld+json\" class=\"yoast-schema-graph\">{\"@context\":\"https:\/\/schema.org\",\"@graph\":[{\"@type\":\"Article\",\"@id\":\"https:\/\/www.arssenasa.gob.do\/index.php\/blog\/2021\/12\/09\/senasa-realiza-charla-sobre-la-norma-internacional-iso-26000\/#article\",\"isPartOf\":{\"@id\":\"https:\/\/www.arssenasa.gob.do\/index.php\/blog\/2021\/12\/09\/senasa-realiza-charla-sobre-la-norma-internacional-iso-26000\/\"},\"author\":{\"name\":\"SeNaSa\",\"@id\":\"https:\/\/www.arssenasa.gob.do\/#\/schema\/person\/b9d6c2c58f44cdecdcdaab7a6f9504c0\"},\"headline\":\"SeNaSa realiza charla sobre la Norma Internacional ISO 26000\",\"datePublished\":\"2021-12-09T15:29:27+00:00\",\"dateModified\":\"2022-01-12T18:43:12+00:00\",\"mainEntityOfPage\":{\"@id\":\"https:\/\/www.arssenasa.gob.do\/index.php\/blog\/2021\/12\/09\/senasa-realiza-charla-sobre-la-norma-internacional-iso-26000\/\"},\"wordCount\":223,\"commentCount\":0,\"publisher\":{\"@id\":\"https:\/\/www.arssenasa.gob.do\/#organization\"},\"image\":{\"@id\":\"https:\/\/www.arssenasa.gob.do\/index.php\/blog\/2021\/12\/09\/senasa-realiza-charla-sobre-la-norma-internacional-iso-26000\/#primaryimage\"},\"thumbnailUrl\":\"https:\/\/www.arssenasa.gob.do\/wp-content\/uploads\/2021\/12\/IMG-20211206-WA0000.jpg\",\"articleSection\":[\"Noticias\",\"RSI-Educaci\u00f3n\"],\"inLanguage\":\"es\",\"potentialAction\":[{\"@type\":\"CommentAction\",\"name\":\"Comment\",\"target\":[\"https:\/\/www.arssenasa.gob.do\/index.php\/blog\/2021\/12\/09\/senasa-realiza-charla-sobre-la-norma-internacional-iso-26000\/#respond\"]}]},{\"@type\":\"WebPage\",\"@id\":\"https:\/\/www.arssenasa.gob.do\/index.php\/blog\/2021\/12\/09\/senasa-realiza-charla-sobre-la-norma-internacional-iso-26000\/\",\"url\":\"https:\/\/www.arssenasa.gob.do\/index.php\/blog\/2021\/12\/09\/senasa-realiza-charla-sobre-la-norma-internacional-iso-26000\/\",\"name\":\"SeNaSa realiza charla sobre la Norma Internacional ISO 26000 - ARSSeNaSa\",\"isPartOf\":{\"@id\":\"https:\/\/www.arssenasa.gob.do\/#website\"},\"primaryImageOfPage\":{\"@id\":\"https:\/\/www.arssenasa.gob.do\/index.php\/blog\/2021\/12\/09\/senasa-realiza-charla-sobre-la-norma-internacional-iso-26000\/#primaryimage\"},\"image\":{\"@id\":\"https:\/\/www.arssenasa.gob.do\/index.php\/blog\/2021\/12\/09\/senasa-realiza-charla-sobre-la-norma-internacional-iso-26000\/#primaryimage\"},\"thumbnailUrl\":\"https:\/\/www.arssenasa.gob.do\/wp-content\/uploads\/2021\/12\/IMG-20211206-WA0000.jpg\",\"datePublished\":\"2021-12-09T15:29:27+00:00\",\"dateModified\":\"2022-01-12T18:43:12+00:00\",\"description\":\"%\",\"breadcrumb\":{\"@id\":\"https:\/\/www.arssenasa.gob.do\/index.php\/blog\/2021\/12\/09\/senasa-realiza-charla-sobre-la-norma-internacional-iso-26000\/#breadcrumb\"},\"inLanguage\":\"es\",\"potentialAction\":[{\"@type\":\"ReadAction\",\"target\":[\"https:\/\/www.arssenasa.gob.do\/index.php\/blog\/2021\/12\/09\/senasa-realiza-charla-sobre-la-norma-internacional-iso-26000\/\"]}]},{\"@type\":\"ImageObject\",\"inLanguage\":\"es\",\"@id\":\"https:\/\/www.arssenasa.gob.do\/index.php\/blog\/2021\/12\/09\/senasa-realiza-charla-sobre-la-norma-internacional-iso-26000\/#primaryimage\",\"url\":\"https:\/\/www.arssenasa.gob.do\/wp-content\/uploads\/2021\/12\/IMG-20211206-WA0000.jpg\",\"contentUrl\":\"https:\/\/www.arssenasa.gob.do\/wp-content\/uploads\/2021\/12\/IMG-20211206-WA0000.jpg\",\"width\":1280,\"height\":854,\"caption\":\"SeNaSa realiza charla sobre la Norma Internacional ISO 26000\"},{\"@type\":\"BreadcrumbList\",\"@id\":\"https:\/\/www.arssenasa.gob.do\/index.php\/blog\/2021\/12\/09\/senasa-realiza-charla-sobre-la-norma-internacional-iso-26000\/#breadcrumb\",\"itemListElement\":[{\"@type\":\"ListItem\",\"position\":1,\"name\":\"Inicio\",\"item\":\"https:\/\/www.arssenasa.gob.do\/\"},{\"@type\":\"ListItem\",\"position\":2,\"name\":\"SeNaSa realiza charla sobre la Norma Internacional ISO 26000\"}]},{\"@type\":\"WebSite\",\"@id\":\"https:\/\/www.arssenasa.gob.do\/#website\",\"url\":\"https:\/\/www.arssenasa.gob.do\/\",\"name\":\"ARSSeNaSa\",\"description\":\"\",\"publisher\":{\"@id\":\"https:\/\/www.arssenasa.gob.do\/#organization\"},\"potentialAction\":[{\"@type\":\"SearchAction\",\"target\":{\"@type\":\"EntryPoint\",\"urlTemplate\":\"https:\/\/www.arssenasa.gob.do\/?s={search_term_string}\"},\"query-input\":{\"@type\":\"PropertyValueSpecification\",\"valueRequired\":true,\"valueName\":\"search_term_string\"}}],\"inLanguage\":\"es\"},{\"@type\":\"Organization\",\"@id\":\"https:\/\/www.arssenasa.gob.do\/#organization\",\"name\":\"SeNaSa - Seguro Nacional de Salud\",\"url\":\"https:\/\/www.arssenasa.gob.do\/\",\"logo\":{\"@type\":\"ImageObject\",\"inLanguage\":\"es\",\"@id\":\"https:\/\/www.arssenasa.gob.do\/#\/schema\/logo\/image\/\",\"url\":\"https:\/\/www.arssenasa.gob.do\/wp-content\/uploads\/2018\/11\/logo2022.png\",\"contentUrl\":\"https:\/\/www.arssenasa.gob.do\/wp-content\/uploads\/2018\/11\/logo2022.png\",\"width\":310,\"height\":200,\"caption\":\"SeNaSa - Seguro Nacional de Salud\"},\"image\":{\"@id\":\"https:\/\/www.arssenasa.gob.do\/#\/schema\/logo\/image\/\"},\"sameAs\":[\"https:\/\/www.facebook.com\/ARSSeNaSaRD\",\"https:\/\/x.com\/arssenasard\",\"https:\/\/www.instagram.com\/arssenasard\/\",\"https:\/\/www.youtube.com\/user\/ARSSeNaSa\"]},{\"@type\":\"Person\",\"@id\":\"https:\/\/www.arssenasa.gob.do\/#\/schema\/person\/b9d6c2c58f44cdecdcdaab7a6f9504c0\",\"name\":\"SeNaSa\",\"image\":{\"@type\":\"ImageObject\",\"inLanguage\":\"es\",\"@id\":\"https:\/\/www.arssenasa.gob.do\/#\/schema\/person\/image\/\",\"url\":\"https:\/\/secure.gravatar.com\/avatar\/3c45125f46520136bb5577344179f8312f2704a1174137df27ae1baa182b5a6e?s=96&d=mm&r=g\",\"contentUrl\":\"https:\/\/secure.gravatar.com\/avatar\/3c45125f46520136bb5577344179f8312f2704a1174137df27ae1baa182b5a6e?s=96&d=mm&r=g\",\"caption\":\"SeNaSa\"},\"url\":\"https:\/\/www.arssenasa.gob.do\/index.php\/blog\/author\/admin\/\"},false]}<\/script>\n<!-- \/ Yoast SEO plugin. -->","yoast_head_json":{"title":"SeNaSa realiza charla sobre la Norma Internacional ISO 26000 - ARSSeNaSa","description":"%","robots":{"index":"index","follow":"follow","max-snippet":"max-snippet:-1","max-image-preview":"max-image-preview:large","max-video-preview":"max-video-preview:-1"},"canonical":"https:\/\/www.arssenasa.gob.do\/index.php\/blog\/2021\/12\/09\/senasa-realiza-charla-sobre-la-norma-internacional-iso-26000\/","og_locale":"es_ES","og_type":"article","og_title":"SeNaSa realiza charla sobre la Norma Internacional ISO 26000 - ARSSeNaSa","og_description":"%","og_url":"https:\/\/www.arssenasa.gob.do\/index.php\/blog\/2021\/12\/09\/senasa-realiza-charla-sobre-la-norma-internacional-iso-26000\/","og_site_name":"ARSSeNaSa","article_publisher":"https:\/\/www.facebook.com\/ARSSeNaSaRD","article_published_time":"2021-12-09T15:29:27+00:00","article_modified_time":"2022-01-12T18:43:12+00:00","og_image":[{"width":1280,"height":854,"url":"https:\/\/www.arssenasa.gob.do\/wp-content\/uploads\/2021\/12\/IMG-20211206-WA0000.jpg","type":"image\/jpeg"}],"author":"SeNaSa","twitter_card":"summary_large_image","twitter_creator":"@arssenasard","twitter_site":"@arssenasard","twitter_misc":{"Written by":"SeNaSa","Est. reading time":"1 minuto"},"schema":{"@context":"https:\/\/schema.org","@graph":[{"@type":"Article","@id":"https:\/\/www.arssenasa.gob.do\/index.php\/blog\/2021\/12\/09\/senasa-realiza-charla-sobre-la-norma-internacional-iso-26000\/#article","isPartOf":{"@id":"https:\/\/www.arssenasa.gob.do\/index.php\/blog\/2021\/12\/09\/senasa-realiza-charla-sobre-la-norma-internacional-iso-26000\/"},"author":{"name":"SeNaSa","@id":"https:\/\/www.arssenasa.gob.do\/#\/schema\/person\/b9d6c2c58f44cdecdcdaab7a6f9504c0"},"headline":"SeNaSa realiza charla sobre la Norma Internacional ISO 26000","datePublished":"2021-12-09T15:29:27+00:00","dateModified":"2022-01-12T18:43:12+00:00","mainEntityOfPage":{"@id":"https:\/\/www.arssenasa.gob.do\/index.php\/blog\/2021\/12\/09\/senasa-realiza-charla-sobre-la-norma-internacional-iso-26000\/"},"wordCount":223,"commentCount":0,"publisher":{"@id":"https:\/\/www.arssenasa.gob.do\/#organization"},"image":{"@id":"https:\/\/www.arssenasa.gob.do\/index.php\/blog\/2021\/12\/09\/senasa-realiza-charla-sobre-la-norma-internacional-iso-26000\/#primaryimage"},"thumbnailUrl":"https:\/\/www.arssenasa.gob.do\/wp-content\/uploads\/2021\/12\/IMG-20211206-WA0000.jpg","articleSection":["Noticias","RSI-Educaci\u00f3n"],"inLanguage":"es","potentialAction":[{"@type":"CommentAction","name":"Comment","target":["https:\/\/www.arssenasa.gob.do\/index.php\/blog\/2021\/12\/09\/senasa-realiza-charla-sobre-la-norma-internacional-iso-26000\/#respond"]}]},{"@type":"WebPage","@id":"https:\/\/www.arssenasa.gob.do\/index.php\/blog\/2021\/12\/09\/senasa-realiza-charla-sobre-la-norma-internacional-iso-26000\/","url":"https:\/\/www.arssenasa.gob.do\/index.php\/blog\/2021\/12\/09\/senasa-realiza-charla-sobre-la-norma-internacional-iso-26000\/","name":"SeNaSa realiza charla sobre la Norma Internacional ISO 26000 - ARSSeNaSa","isPartOf":{"@id":"https:\/\/www.arssenasa.gob.do\/#website"},"primaryImageOfPage":{"@id":"https:\/\/www.arssenasa.gob.do\/index.php\/blog\/2021\/12\/09\/senasa-realiza-charla-sobre-la-norma-internacional-iso-26000\/#primaryimage"},"image":{"@id":"https:\/\/www.arssenasa.gob.do\/index.php\/blog\/2021\/12\/09\/senasa-realiza-charla-sobre-la-norma-internacional-iso-26000\/#primaryimage"},"thumbnailUrl":"https:\/\/www.arssenasa.gob.do\/wp-content\/uploads\/2021\/12\/IMG-20211206-WA0000.jpg","datePublished":"2021-12-09T15:29:27+00:00","dateModified":"2022-01-12T18:43:12+00:00","description":"%","breadcrumb":{"@id":"https:\/\/www.arssenasa.gob.do\/index.php\/blog\/2021\/12\/09\/senasa-realiza-charla-sobre-la-norma-internacional-iso-26000\/#breadcrumb"},"inLanguage":"es","potentialAction":[{"@type":"ReadAction","target":["https:\/\/www.arssenasa.gob.do\/index.php\/blog\/2021\/12\/09\/senasa-realiza-charla-sobre-la-norma-internacional-iso-26000\/"]}]},{"@type":"ImageObject","inLanguage":"es","@id":"https:\/\/www.arssenasa.gob.do\/index.php\/blog\/2021\/12\/09\/senasa-realiza-charla-sobre-la-norma-internacional-iso-26000\/#primaryimage","url":"https:\/\/www.arssenasa.gob.do\/wp-content\/uploads\/2021\/12\/IMG-20211206-WA0000.jpg","contentUrl":"https:\/\/www.arssenasa.gob.do\/wp-content\/uploads\/2021\/12\/IMG-20211206-WA0000.jpg","width":1280,"height":854,"caption":"SeNaSa realiza charla sobre la Norma Internacional ISO 26000"},{"@type":"BreadcrumbList","@id":"https:\/\/www.arssenasa.gob.do\/index.php\/blog\/2021\/12\/09\/senasa-realiza-charla-sobre-la-norma-internacional-iso-26000\/#breadcrumb","itemListElement":[{"@type":"ListItem","position":1,"name":"Inicio","item":"https:\/\/www.arssenasa.gob.do\/"},{"@type":"ListItem","position":2,"name":"SeNaSa realiza charla sobre la Norma Internacional ISO 26000"}]},{"@type":"WebSite","@id":"https:\/\/www.arssenasa.gob.do\/#website","url":"https:\/\/www.arssenasa.gob.do\/","name":"ARSSeNaSa","description":"","publisher":{"@id":"https:\/\/www.arssenasa.gob.do\/#organization"},"potentialAction":[{"@type":"SearchAction","target":{"@type":"EntryPoint","urlTemplate":"https:\/\/www.arssenasa.gob.do\/?s={search_term_string}"},"query-input":{"@type":"PropertyValueSpecification","valueRequired":true,"valueName":"search_term_string"}}],"inLanguage":"es"},{"@type":"Organization","@id":"https:\/\/www.arssenasa.gob.do\/#organization","name":"SeNaSa - Seguro Nacional de Salud","url":"https:\/\/www.arssenasa.gob.do\/","logo":{"@type":"ImageObject","inLanguage":"es","@id":"https:\/\/www.arssenasa.gob.do\/#\/schema\/logo\/image\/","url":"https:\/\/www.arssenasa.gob.do\/wp-content\/uploads\/2018\/11\/logo2022.png","contentUrl":"https:\/\/www.arssenasa.gob.do\/wp-content\/uploads\/2018\/11\/logo2022.png","width":310,"height":200,"caption":"SeNaSa - Seguro Nacional de Salud"},"image":{"@id":"https:\/\/www.arssenasa.gob.do\/#\/schema\/logo\/image\/"},"sameAs":["https:\/\/www.facebook.com\/ARSSeNaSaRD","https:\/\/x.com\/arssenasard","https:\/\/www.instagram.com\/arssenasard\/","https:\/\/www.youtube.com\/user\/ARSSeNaSa"]},{"@type":"Person","@id":"https:\/\/www.arssenasa.gob.do\/#\/schema\/person\/b9d6c2c58f44cdecdcdaab7a6f9504c0","name":"SeNaSa","image":{"@type":"ImageObject","inLanguage":"es","@id":"https:\/\/www.arssenasa.gob.do\/#\/schema\/person\/image\/","url":"https:\/\/secure.gravatar.com\/avatar\/3c45125f46520136bb5577344179f8312f2704a1174137df27ae1baa182b5a6e?s=96&d=mm&r=g","contentUrl":"https:\/\/secure.gravatar.com\/avatar\/3c45125f46520136bb5577344179f8312f2704a1174137df27ae1baa182b5a6e?s=96&d=mm&r=g","caption":"SeNaSa"},"url":"https:\/\/www.arssenasa.gob.do\/index.php\/blog\/author\/admin\/"},false]}},"yasr_visitor_votes":{"stars_attributes":{"read_only":false,"span_bottom":false},"number_of_votes":0,"sum_votes":0},"_links":{"self":[{"href":"https:\/\/www.arssenasa.gob.do\/index.php\/wp-json\/wp\/v2\/posts\/10152","targetHints":{"allow":["GET"]}}],"collection":[{"href":"https:\/\/www.arssenasa.gob.do\/index.php\/wp-json\/wp\/v2\/posts"}],"about":[{"href":"https:\/\/www.arssenasa.gob.do\/index.php\/wp-json\/wp\/v2\/types\/post"}],"author":[{"embeddable":true,"href":"https:\/\/www.arssenasa.gob.do\/index.php\/wp-json\/wp\/v2\/users\/3"}],"replies":[{"embeddable":true,"href":"https:\/\/www.arssenasa.gob.do\/index.php\/wp-json\/wp\/v2\/comments?post=10152"}],"version-history":[{"count":1,"href":"https:\/\/www.arssenasa.gob.do\/index.php\/wp-json\/wp\/v2\/posts\/10152\/revisions"}],"predecessor-version":[{"id":10154,"href":"https:\/\/www.arssenasa.gob.do\/index.php\/wp-json\/wp\/v2\/posts\/10152\/revisions\/10154"}],"wp:featuredmedia":[{"embeddable":true,"href":"https:\/\/www.arssenasa.gob.do\/index.php\/wp-json\/wp\/v2\/media\/10153"}],"wp:attachment":[{"href":"https:\/\/www.arssenasa.gob.do\/index.php\/wp-json\/wp\/v2\/media?parent=10152"}],"wp:term":[{"taxonomy":"category","embeddable":true,"href":"https:\/\/www.arssenasa.gob.do\/index.php\/wp-json\/wp\/v2\/categories?post=10152"},{"taxonomy":"post_tag","embeddable":true,"href":"https:\/\/www.arssenasa.gob.do\/index.php\/wp-json\/wp\/v2\/tags?post=10152"}],"curies":[{"name":"wp","href":"https:\/\/api.w.org\/{rel}","templated":true}]}}