{"id":1115,"date":"2017-09-13T10:11:26","date_gmt":"2017-09-13T14:11:26","guid":{"rendered":"http:\/\/192.168.1.138\/wordpress\/?p=1115"},"modified":"2018-12-13T10:12:23","modified_gmt":"2018-12-13T14:12:23","slug":"senasa-en-la-comunidad-desde-hoy-en-sectores-del-distrito-buscan-incluir-nuevos-afiliados","status":"publish","type":"post","link":"https:\/\/www.arssenasa.gob.do\/index.php\/blog\/2017\/09\/13\/senasa-en-la-comunidad-desde-hoy-en-sectores-del-distrito-buscan-incluir-nuevos-afiliados\/","title":{"rendered":"\u201cSeNaSa en la Comunidad\u201d desde hoy en sectores del Distrito; buscan incluir nuevos afiliados"},"content":{"rendered":"\n<p><strong><em>Santo Domingo.-<\/em><\/strong>&nbsp;El Seguro Nacional de Salud (SeNaSa) realiza desde hoy mi\u00e9rcoles 13 y hasta este viernes 15 de septiembre, el operativo \u201cSeNaSa en la Comunidad\u201d, con el fin de incluir nuevos afiliados al R\u00e9gimen Subsidiado de SeNaSa en los sectores de Guachupita, La Ci\u00e9nega, Los Guandules y Domingo Savio.<\/p>\n\n\n\n<p>Esta jornada de afiliaci\u00f3n se realizar\u00e1 de manera simult\u00e1nea en estos cuatro barrios, espec\u00edficamente en el Sal\u00f3n Parroquial de la Iglesia San Mart\u00edn de Porres, en Guachupita; la Escuela Mar\u00eda Blanca, en la Ci\u00e9nega; la Iglesia San Lu\u00eds Gonzaga; y en el comedor de la Escuela Domingo Savio.<\/p>\n\n\n\n<p>Con respecto a estas jornadas, el director de SeNaSa, Chanel Rosa, indic\u00f3 que se realizan como parte del objetivo del seguro de salud del Estado de democratizar el acceso a los servicios de salud a la poblaci\u00f3n vulnerable del pa\u00eds, a trav\u00e9s de la afiliaci\u00f3n al R\u00e9gimen Subsidiado.<\/p>\n\n\n\n<p>Rosa Chupany agreg\u00f3 que estos operativos de afiliaci\u00f3n se enmarcan dentro del programa Quisqueya Digna que realiza la Direcci\u00f3n General de Programas Especiales (DIGEPEP), y que son coordinadas con los l\u00edderes comunitarios y religiosos de los sectores visitados.<\/p>\n\n\n\n<p><strong>SeNaSa R\u00e9gimen Subsidiado brinda cobertura efectiva a m\u00e1s de 3.2 millones de afiliados<\/strong><\/p>\n\n\n\n<p>SeNaSa es el seguro de salud del Estado responsable de garantizar la protecci\u00f3n social en salud al 40% de la poblaci\u00f3n dominicana. Actualmente, cuentan con 4 millones 204 mil 783 afiliados en los diferentes reg\u00edmenes y planes que maneja. De estos, m\u00e1s de 3.2 millones de afiliados corresponden al R\u00e9gimen Subsidiado.<\/p>\n\n\n\n<p>En ese orden, Rosa Chupany explic\u00f3 que \u201cel R\u00e9gimen Subsidiado garantiza lo que por derecho le corresponde a sus afiliados: un acceso digno a los servicios de salud\u201d.<\/p>\n\n\n\n<p>Adem\u00e1s, indic\u00f3 que el SeNaSa Subsidiado brinda cobertura efectiva y valor agregado a personas de escasos recursos que no pagan diferencia por ning\u00fan servicio recibido y que cuentan con cobertura para atenciones de alto costo requeridas en caso de padecimientos como &nbsp;c\u00e1ncer, enfermedades cardiovasculares y trasplante de ri\u00f1\u00f3n.&nbsp;<\/p>\n","protected":false},"excerpt":{"rendered":"<p>Santo Domingo.-&nbsp;El Seguro Nacional de Salud (SeNaSa) realiza desde hoy mi\u00e9rcoles 13 y hasta este viernes 15 de septiembre, el operativo \u201cSeNaSa en la Comunidad\u201d, con el fin de incluir nuevos afiliados al R\u00e9gimen Subsidiado de SeNaSa en los sectores de Guachupita, La Ci\u00e9nega, Los Guandules y Domingo Savio. Esta jornada de afiliaci\u00f3n se realizar\u00e1 [&hellip;]<\/p>\n","protected":false},"author":3,"featured_media":0,"comment_status":"open","ping_status":"open","sticky":false,"template":"","format":"standard","meta":{"inline_featured_image":false,"yasr_overall_rating":0,"yasr_post_is_review":"","yasr_auto_insert_disabled":"","yasr_review_type":"","_glsr_average":0,"_glsr_ranking":0,"_glsr_reviews":0,"footnotes":""},"categories":[13],"tags":[],"class_list":["post-1115","post","type-post","status-publish","format-standard","hentry","category-noticias"],"yoast_head":"<!-- This site is optimized with the Yoast SEO plugin v26.6 - https:\/\/yoast.com\/wordpress\/plugins\/seo\/ -->\n<title>\u201cSeNaSa en la Comunidad\u201d desde hoy en sectores del Distrito; buscan incluir nuevos afiliados - ARSSeNaSa<\/title>\n<meta name=\"description\" content=\"%\" \/>\n<meta name=\"robots\" content=\"index, follow, max-snippet:-1, max-image-preview:large, max-video-preview:-1\" \/>\n<link rel=\"canonical\" href=\"https:\/\/www.arssenasa.gob.do\/index.php\/blog\/2017\/09\/13\/senasa-en-la-comunidad-desde-hoy-en-sectores-del-distrito-buscan-incluir-nuevos-afiliados\/\" \/>\n<meta property=\"og:locale\" content=\"es_ES\" \/>\n<meta property=\"og:type\" content=\"article\" \/>\n<meta property=\"og:title\" content=\"\u201cSeNaSa en la Comunidad\u201d desde hoy en sectores del Distrito; buscan incluir nuevos afiliados - ARSSeNaSa\" \/>\n<meta property=\"og:description\" content=\"%\" \/>\n<meta property=\"og:url\" content=\"https:\/\/www.arssenasa.gob.do\/index.php\/blog\/2017\/09\/13\/senasa-en-la-comunidad-desde-hoy-en-sectores-del-distrito-buscan-incluir-nuevos-afiliados\/\" \/>\n<meta property=\"og:site_name\" content=\"ARSSeNaSa\" \/>\n<meta property=\"article:publisher\" content=\"https:\/\/www.facebook.com\/ARSSeNaSaRD\" \/>\n<meta property=\"article:published_time\" content=\"2017-09-13T14:11:26+00:00\" \/>\n<meta property=\"article:modified_time\" content=\"2018-12-13T14:12:23+00:00\" \/>\n<meta property=\"og:image\" content=\"https:\/\/www.arssenasa.gob.do\/wp-content\/uploads\/2018\/12\/IMG_003.jpg\" \/>\n\t<meta property=\"og:image:width\" content=\"1024\" \/>\n\t<meta property=\"og:image:height\" content=\"768\" \/>\n\t<meta property=\"og:image:type\" content=\"image\/jpeg\" \/>\n<meta name=\"author\" content=\"SeNaSa\" \/>\n<meta name=\"twitter:card\" content=\"summary_large_image\" \/>\n<meta name=\"twitter:creator\" content=\"@arssenasard\" \/>\n<meta name=\"twitter:site\" content=\"@arssenasard\" \/>\n<meta name=\"twitter:label1\" content=\"Written by\" \/>\n\t<meta name=\"twitter:data1\" content=\"SeNaSa\" \/>\n\t<meta name=\"twitter:label2\" content=\"Est. reading time\" \/>\n\t<meta name=\"twitter:data2\" content=\"2 minutos\" \/>\n<script type=\"application\/ld+json\" class=\"yoast-schema-graph\">{\"@context\":\"https:\/\/schema.org\",\"@graph\":[{\"@type\":\"Article\",\"@id\":\"https:\/\/www.arssenasa.gob.do\/index.php\/blog\/2017\/09\/13\/senasa-en-la-comunidad-desde-hoy-en-sectores-del-distrito-buscan-incluir-nuevos-afiliados\/#article\",\"isPartOf\":{\"@id\":\"https:\/\/www.arssenasa.gob.do\/index.php\/blog\/2017\/09\/13\/senasa-en-la-comunidad-desde-hoy-en-sectores-del-distrito-buscan-incluir-nuevos-afiliados\/\"},\"author\":{\"name\":\"SeNaSa\",\"@id\":\"https:\/\/www.arssenasa.gob.do\/#\/schema\/person\/b9d6c2c58f44cdecdcdaab7a6f9504c0\"},\"headline\":\"\u201cSeNaSa en la Comunidad\u201d desde hoy en sectores del Distrito; buscan incluir nuevos afiliados\",\"datePublished\":\"2017-09-13T14:11:26+00:00\",\"dateModified\":\"2018-12-13T14:12:23+00:00\",\"mainEntityOfPage\":{\"@id\":\"https:\/\/www.arssenasa.gob.do\/index.php\/blog\/2017\/09\/13\/senasa-en-la-comunidad-desde-hoy-en-sectores-del-distrito-buscan-incluir-nuevos-afiliados\/\"},\"wordCount\":365,\"commentCount\":0,\"publisher\":{\"@id\":\"https:\/\/www.arssenasa.gob.do\/#organization\"},\"articleSection\":[\"Noticias\"],\"inLanguage\":\"es\",\"potentialAction\":[{\"@type\":\"CommentAction\",\"name\":\"Comment\",\"target\":[\"https:\/\/www.arssenasa.gob.do\/index.php\/blog\/2017\/09\/13\/senasa-en-la-comunidad-desde-hoy-en-sectores-del-distrito-buscan-incluir-nuevos-afiliados\/#respond\"]}]},{\"@type\":\"WebPage\",\"@id\":\"https:\/\/www.arssenasa.gob.do\/index.php\/blog\/2017\/09\/13\/senasa-en-la-comunidad-desde-hoy-en-sectores-del-distrito-buscan-incluir-nuevos-afiliados\/\",\"url\":\"https:\/\/www.arssenasa.gob.do\/index.php\/blog\/2017\/09\/13\/senasa-en-la-comunidad-desde-hoy-en-sectores-del-distrito-buscan-incluir-nuevos-afiliados\/\",\"name\":\"\u201cSeNaSa en la Comunidad\u201d desde hoy en sectores del Distrito; buscan incluir nuevos afiliados - ARSSeNaSa\",\"isPartOf\":{\"@id\":\"https:\/\/www.arssenasa.gob.do\/#website\"},\"datePublished\":\"2017-09-13T14:11:26+00:00\",\"dateModified\":\"2018-12-13T14:12:23+00:00\",\"description\":\"%\",\"breadcrumb\":{\"@id\":\"https:\/\/www.arssenasa.gob.do\/index.php\/blog\/2017\/09\/13\/senasa-en-la-comunidad-desde-hoy-en-sectores-del-distrito-buscan-incluir-nuevos-afiliados\/#breadcrumb\"},\"inLanguage\":\"es\",\"potentialAction\":[{\"@type\":\"ReadAction\",\"target\":[\"https:\/\/www.arssenasa.gob.do\/index.php\/blog\/2017\/09\/13\/senasa-en-la-comunidad-desde-hoy-en-sectores-del-distrito-buscan-incluir-nuevos-afiliados\/\"]}]},{\"@type\":\"BreadcrumbList\",\"@id\":\"https:\/\/www.arssenasa.gob.do\/index.php\/blog\/2017\/09\/13\/senasa-en-la-comunidad-desde-hoy-en-sectores-del-distrito-buscan-incluir-nuevos-afiliados\/#breadcrumb\",\"itemListElement\":[{\"@type\":\"ListItem\",\"position\":1,\"name\":\"Inicio\",\"item\":\"https:\/\/www.arssenasa.gob.do\/\"},{\"@type\":\"ListItem\",\"position\":2,\"name\":\"\u201cSeNaSa en la Comunidad\u201d desde hoy en sectores del Distrito; buscan incluir nuevos afiliados\"}]},{\"@type\":\"WebSite\",\"@id\":\"https:\/\/www.arssenasa.gob.do\/#website\",\"url\":\"https:\/\/www.arssenasa.gob.do\/\",\"name\":\"ARSSeNaSa\",\"description\":\"\",\"publisher\":{\"@id\":\"https:\/\/www.arssenasa.gob.do\/#organization\"},\"potentialAction\":[{\"@type\":\"SearchAction\",\"target\":{\"@type\":\"EntryPoint\",\"urlTemplate\":\"https:\/\/www.arssenasa.gob.do\/?s={search_term_string}\"},\"query-input\":{\"@type\":\"PropertyValueSpecification\",\"valueRequired\":true,\"valueName\":\"search_term_string\"}}],\"inLanguage\":\"es\"},{\"@type\":\"Organization\",\"@id\":\"https:\/\/www.arssenasa.gob.do\/#organization\",\"name\":\"SeNaSa - Seguro Nacional de Salud\",\"url\":\"https:\/\/www.arssenasa.gob.do\/\",\"logo\":{\"@type\":\"ImageObject\",\"inLanguage\":\"es\",\"@id\":\"https:\/\/www.arssenasa.gob.do\/#\/schema\/logo\/image\/\",\"url\":\"https:\/\/www.arssenasa.gob.do\/wp-content\/uploads\/2018\/11\/logo2022.png\",\"contentUrl\":\"https:\/\/www.arssenasa.gob.do\/wp-content\/uploads\/2018\/11\/logo2022.png\",\"width\":310,\"height\":200,\"caption\":\"SeNaSa - Seguro Nacional de Salud\"},\"image\":{\"@id\":\"https:\/\/www.arssenasa.gob.do\/#\/schema\/logo\/image\/\"},\"sameAs\":[\"https:\/\/www.facebook.com\/ARSSeNaSaRD\",\"https:\/\/x.com\/arssenasard\",\"https:\/\/www.instagram.com\/arssenasard\/\",\"https:\/\/www.youtube.com\/user\/ARSSeNaSa\"]},{\"@type\":\"Person\",\"@id\":\"https:\/\/www.arssenasa.gob.do\/#\/schema\/person\/b9d6c2c58f44cdecdcdaab7a6f9504c0\",\"name\":\"SeNaSa\",\"image\":{\"@type\":\"ImageObject\",\"inLanguage\":\"es\",\"@id\":\"https:\/\/www.arssenasa.gob.do\/#\/schema\/person\/image\/\",\"url\":\"https:\/\/secure.gravatar.com\/avatar\/3c45125f46520136bb5577344179f8312f2704a1174137df27ae1baa182b5a6e?s=96&d=mm&r=g\",\"contentUrl\":\"https:\/\/secure.gravatar.com\/avatar\/3c45125f46520136bb5577344179f8312f2704a1174137df27ae1baa182b5a6e?s=96&d=mm&r=g\",\"caption\":\"SeNaSa\"},\"url\":\"https:\/\/www.arssenasa.gob.do\/index.php\/blog\/author\/admin\/\"},false]}<\/script>\n<!-- \/ Yoast SEO plugin. -->","yoast_head_json":{"title":"\u201cSeNaSa en la Comunidad\u201d desde hoy en sectores del Distrito; buscan incluir nuevos afiliados - ARSSeNaSa","description":"%","robots":{"index":"index","follow":"follow","max-snippet":"max-snippet:-1","max-image-preview":"max-image-preview:large","max-video-preview":"max-video-preview:-1"},"canonical":"https:\/\/www.arssenasa.gob.do\/index.php\/blog\/2017\/09\/13\/senasa-en-la-comunidad-desde-hoy-en-sectores-del-distrito-buscan-incluir-nuevos-afiliados\/","og_locale":"es_ES","og_type":"article","og_title":"\u201cSeNaSa en la Comunidad\u201d desde hoy en sectores del Distrito; buscan incluir nuevos afiliados - ARSSeNaSa","og_description":"%","og_url":"https:\/\/www.arssenasa.gob.do\/index.php\/blog\/2017\/09\/13\/senasa-en-la-comunidad-desde-hoy-en-sectores-del-distrito-buscan-incluir-nuevos-afiliados\/","og_site_name":"ARSSeNaSa","article_publisher":"https:\/\/www.facebook.com\/ARSSeNaSaRD","article_published_time":"2017-09-13T14:11:26+00:00","article_modified_time":"2018-12-13T14:12:23+00:00","og_image":[{"width":1024,"height":768,"url":"https:\/\/www.arssenasa.gob.do\/wp-content\/uploads\/2018\/12\/IMG_003.jpg","type":"image\/jpeg"}],"author":"SeNaSa","twitter_card":"summary_large_image","twitter_creator":"@arssenasard","twitter_site":"@arssenasard","twitter_misc":{"Written by":"SeNaSa","Est. reading time":"2 minutos"},"schema":{"@context":"https:\/\/schema.org","@graph":[{"@type":"Article","@id":"https:\/\/www.arssenasa.gob.do\/index.php\/blog\/2017\/09\/13\/senasa-en-la-comunidad-desde-hoy-en-sectores-del-distrito-buscan-incluir-nuevos-afiliados\/#article","isPartOf":{"@id":"https:\/\/www.arssenasa.gob.do\/index.php\/blog\/2017\/09\/13\/senasa-en-la-comunidad-desde-hoy-en-sectores-del-distrito-buscan-incluir-nuevos-afiliados\/"},"author":{"name":"SeNaSa","@id":"https:\/\/www.arssenasa.gob.do\/#\/schema\/person\/b9d6c2c58f44cdecdcdaab7a6f9504c0"},"headline":"\u201cSeNaSa en la Comunidad\u201d desde hoy en sectores del Distrito; buscan incluir nuevos afiliados","datePublished":"2017-09-13T14:11:26+00:00","dateModified":"2018-12-13T14:12:23+00:00","mainEntityOfPage":{"@id":"https:\/\/www.arssenasa.gob.do\/index.php\/blog\/2017\/09\/13\/senasa-en-la-comunidad-desde-hoy-en-sectores-del-distrito-buscan-incluir-nuevos-afiliados\/"},"wordCount":365,"commentCount":0,"publisher":{"@id":"https:\/\/www.arssenasa.gob.do\/#organization"},"articleSection":["Noticias"],"inLanguage":"es","potentialAction":[{"@type":"CommentAction","name":"Comment","target":["https:\/\/www.arssenasa.gob.do\/index.php\/blog\/2017\/09\/13\/senasa-en-la-comunidad-desde-hoy-en-sectores-del-distrito-buscan-incluir-nuevos-afiliados\/#respond"]}]},{"@type":"WebPage","@id":"https:\/\/www.arssenasa.gob.do\/index.php\/blog\/2017\/09\/13\/senasa-en-la-comunidad-desde-hoy-en-sectores-del-distrito-buscan-incluir-nuevos-afiliados\/","url":"https:\/\/www.arssenasa.gob.do\/index.php\/blog\/2017\/09\/13\/senasa-en-la-comunidad-desde-hoy-en-sectores-del-distrito-buscan-incluir-nuevos-afiliados\/","name":"\u201cSeNaSa en la Comunidad\u201d desde hoy en sectores del Distrito; buscan incluir nuevos afiliados - ARSSeNaSa","isPartOf":{"@id":"https:\/\/www.arssenasa.gob.do\/#website"},"datePublished":"2017-09-13T14:11:26+00:00","dateModified":"2018-12-13T14:12:23+00:00","description":"%","breadcrumb":{"@id":"https:\/\/www.arssenasa.gob.do\/index.php\/blog\/2017\/09\/13\/senasa-en-la-comunidad-desde-hoy-en-sectores-del-distrito-buscan-incluir-nuevos-afiliados\/#breadcrumb"},"inLanguage":"es","potentialAction":[{"@type":"ReadAction","target":["https:\/\/www.arssenasa.gob.do\/index.php\/blog\/2017\/09\/13\/senasa-en-la-comunidad-desde-hoy-en-sectores-del-distrito-buscan-incluir-nuevos-afiliados\/"]}]},{"@type":"BreadcrumbList","@id":"https:\/\/www.arssenasa.gob.do\/index.php\/blog\/2017\/09\/13\/senasa-en-la-comunidad-desde-hoy-en-sectores-del-distrito-buscan-incluir-nuevos-afiliados\/#breadcrumb","itemListElement":[{"@type":"ListItem","position":1,"name":"Inicio","item":"https:\/\/www.arssenasa.gob.do\/"},{"@type":"ListItem","position":2,"name":"\u201cSeNaSa en la Comunidad\u201d desde hoy en sectores del Distrito; buscan incluir nuevos afiliados"}]},{"@type":"WebSite","@id":"https:\/\/www.arssenasa.gob.do\/#website","url":"https:\/\/www.arssenasa.gob.do\/","name":"ARSSeNaSa","description":"","publisher":{"@id":"https:\/\/www.arssenasa.gob.do\/#organization"},"potentialAction":[{"@type":"SearchAction","target":{"@type":"EntryPoint","urlTemplate":"https:\/\/www.arssenasa.gob.do\/?s={search_term_string}"},"query-input":{"@type":"PropertyValueSpecification","valueRequired":true,"valueName":"search_term_string"}}],"inLanguage":"es"},{"@type":"Organization","@id":"https:\/\/www.arssenasa.gob.do\/#organization","name":"SeNaSa - Seguro Nacional de Salud","url":"https:\/\/www.arssenasa.gob.do\/","logo":{"@type":"ImageObject","inLanguage":"es","@id":"https:\/\/www.arssenasa.gob.do\/#\/schema\/logo\/image\/","url":"https:\/\/www.arssenasa.gob.do\/wp-content\/uploads\/2018\/11\/logo2022.png","contentUrl":"https:\/\/www.arssenasa.gob.do\/wp-content\/uploads\/2018\/11\/logo2022.png","width":310,"height":200,"caption":"SeNaSa - Seguro Nacional de Salud"},"image":{"@id":"https:\/\/www.arssenasa.gob.do\/#\/schema\/logo\/image\/"},"sameAs":["https:\/\/www.facebook.com\/ARSSeNaSaRD","https:\/\/x.com\/arssenasard","https:\/\/www.instagram.com\/arssenasard\/","https:\/\/www.youtube.com\/user\/ARSSeNaSa"]},{"@type":"Person","@id":"https:\/\/www.arssenasa.gob.do\/#\/schema\/person\/b9d6c2c58f44cdecdcdaab7a6f9504c0","name":"SeNaSa","image":{"@type":"ImageObject","inLanguage":"es","@id":"https:\/\/www.arssenasa.gob.do\/#\/schema\/person\/image\/","url":"https:\/\/secure.gravatar.com\/avatar\/3c45125f46520136bb5577344179f8312f2704a1174137df27ae1baa182b5a6e?s=96&d=mm&r=g","contentUrl":"https:\/\/secure.gravatar.com\/avatar\/3c45125f46520136bb5577344179f8312f2704a1174137df27ae1baa182b5a6e?s=96&d=mm&r=g","caption":"SeNaSa"},"url":"https:\/\/www.arssenasa.gob.do\/index.php\/blog\/author\/admin\/"},false]}},"yasr_visitor_votes":{"stars_attributes":{"read_only":false,"span_bottom":false},"number_of_votes":0,"sum_votes":0},"_links":{"self":[{"href":"https:\/\/www.arssenasa.gob.do\/index.php\/wp-json\/wp\/v2\/posts\/1115","targetHints":{"allow":["GET"]}}],"collection":[{"href":"https:\/\/www.arssenasa.gob.do\/index.php\/wp-json\/wp\/v2\/posts"}],"about":[{"href":"https:\/\/www.arssenasa.gob.do\/index.php\/wp-json\/wp\/v2\/types\/post"}],"author":[{"embeddable":true,"href":"https:\/\/www.arssenasa.gob.do\/index.php\/wp-json\/wp\/v2\/users\/3"}],"replies":[{"embeddable":true,"href":"https:\/\/www.arssenasa.gob.do\/index.php\/wp-json\/wp\/v2\/comments?post=1115"}],"version-history":[{"count":0,"href":"https:\/\/www.arssenasa.gob.do\/index.php\/wp-json\/wp\/v2\/posts\/1115\/revisions"}],"wp:attachment":[{"href":"https:\/\/www.arssenasa.gob.do\/index.php\/wp-json\/wp\/v2\/media?parent=1115"}],"wp:term":[{"taxonomy":"category","embeddable":true,"href":"https:\/\/www.arssenasa.gob.do\/index.php\/wp-json\/wp\/v2\/categories?post=1115"},{"taxonomy":"post_tag","embeddable":true,"href":"https:\/\/www.arssenasa.gob.do\/index.php\/wp-json\/wp\/v2\/tags?post=1115"}],"curies":[{"name":"wp","href":"https:\/\/api.w.org\/{rel}","templated":true}]}}