{"id":1199,"date":"2017-04-01T14:27:43","date_gmt":"2017-04-01T18:27:43","guid":{"rendered":"http:\/\/192.168.1.138\/wordpress\/?p=1199"},"modified":"2020-02-07T15:32:08","modified_gmt":"2020-02-07T19:32:08","slug":"militares-entran-a-senasa-tendran-cobertura-a-partir-del-01-de-abril","status":"publish","type":"post","link":"https:\/\/www.arssenasa.gob.do\/index.php\/blog\/2017\/04\/01\/militares-entran-a-senasa-tendran-cobertura-a-partir-del-01-de-abril\/","title":{"rendered":"Militares entran a SeNaSa; tendr\u00e1n cobertura a partir del 01 de abril"},"content":{"rendered":"\n<p><strong>Santo Domingo.-&nbsp;<\/strong>Tal como instruyera el Excelent\u00edsimo Se\u00f1or Presidente de la Rep\u00fablica, licenciado Danilo Medina Sanchez, los militares y sus dependientes ya est\u00e1n afiliados al R\u00e9gimen Contributivo de SeNaSa y tendr\u00e1n cobertura a partir hoy, primero de abril.<\/p>\n\n\n\n<p>\u201cMayor cobertura y mejores beneficios para nuestros militares, quienes recibir\u00e1n ahora la misma cobertura sin distinci\u00f3n por rango y acceso a m\u00e1s de 7 mil prestadores de servicios de salud a nivel nacional\u201d, indic\u00f3 Chanel rosa Chupany.<\/p>\n\n\n\n<p>Adem\u00e1s, el director de SeNaSa indic\u00f3 que ha sido un proceso arm\u00f3nico donde SeNaSa cont\u00f3 con todo el apoyo del Ministerio de Defensa para hacer efectivo este proceso.<\/p>\n\n\n\n<p><strong>Cobertura a partir del 01 de abril<\/strong><\/p>\n\n\n\n<p>Los militares tendr\u00e1n cobertura a partir de este mes de abril, a la cual podr\u00e1n acceder presentando su c\u00e9dula y su carnet de las Fuerzas Armadas, mientras se completa la jornada de entrega de carnets que los acreditar\u00e1 como afiliados a SeNaSa en el R\u00e9gimen Contributivo.<\/p>\n\n\n\n<p>La cobertura a la que tendr\u00e1n acceso es la descrita en el Plan de Servicios de Salud (PDSS3.0), cat\u00e1logo de servicio por el que se rigen todas las ARS.<\/p>\n\n\n\n<p><strong>Entrega de carnets<\/strong><\/p>\n\n\n\n<p>Para la log\u00edstica de entrega de carnets, SeNaSa habilitar\u00e1 a partir del 03 de abril puntos de servicio en las instalaciones del Ministerio de Defensa, Fuerza A\u00e9rea, Ej\u00e9rcito Nacional, Armada de la Rep\u00fablica y en el Campamento Militar Primera Brigada del Ej\u00e9rcito Nacional ubicado en Pedro Brand.<\/p>\n\n\n\n<p>Los militares que se encuentren en el interior del pa\u00eds podr\u00e1n retirar su carnet en cualquiera de las 15 oficinas de SeNaSa a nivel nacional.<\/p>\n\n\n\n<p><strong>Continuidad de cobertura para afiliados con tratamientos en curso<\/strong><\/p>\n\n\n\n<p>Los afiliados que se encuentren recibiendo alg\u00fan tipo de tratamiento de alto costo, tienen garantizada la continuidad de los mismos desde el 01 de abril; sin embargo, deber\u00e1n depositar en un plazo de 30 d\u00edas el expediente correspondiente compuesto por historia cl\u00ednica, resultados que avalen el diagn\u00f3stico, estudios y an\u00e1lisis realizados, as\u00ed como indicaci\u00f3n del tratamiento o procedimiento.<\/p>\n\n\n\n<p>Esta documentaci\u00f3n puede ser depositada en cualquiera de las oficinas de SeNaSa a nivel nacional.<\/p>\n\n\n\n<p><strong>M\u00e1s acceso y mayor cobertura de salud para los militares y sus familias<\/strong><\/p>\n\n\n\n<p>Con su entrada al Seguro Familiar de Salud, los militares recibir\u00e1n otros beneficios como servicios de estancias infantiles, subsidio por enfermedad, maternidad y lactancia, riesgos laborales, as\u00ed como todos los servicios de salud contemplados en el Plan de Servicios de Salud (PDSS 3.0).<\/p>\n\n\n\n<p>En el caso de los accidentes laborales, la cobertura ser\u00e1 del 100% a trav\u00e9s de la Administradora de Riesgos laborales (ARL).<\/p>\n\n\n\n<p>Asimismo, dentro de las ventajas que representa para un militar pasar al R\u00e9gimen Contributivo se encuentra la cobertura, la cual se regula a trav\u00e9s el Plan de Servicios de Salud (PDSS3.0) y la que viene a aumentar de RD$150 mil a RD$ 1 mill\u00f3n de pesos para enfermedades de alto costo por evento por a\u00f1o para cada afiliado.<\/p>\n\n\n\n<p>De igual modo, tendr\u00e1n consultas especializadas ilimitadas, eliminando el tope anual de 12 consultas especializadas por a\u00f1o que se establec\u00eda en la ARS de la Fuerzas Armadas; aumenta de 80% con RD$150,000 en hospitalizaci\u00f3n a un 85% sin tope por a\u00f1o; elimina topes para cirug\u00edas, estudios diagn\u00f3sticos, consultas de rehabilitaci\u00f3n, terapias, aparatos y pr\u00f3tesis, as\u00ed como hemoterapias.<\/p>\n\n\n\n<p>En este mismo orden, aumenta la cobertura para medicamentos ambulatorios de RD$ 3,000.00 por a\u00f1o a RD$8,000 m\u00e1s RD$90,00.00 para medicamentos coadyuvantes, los cuales se suministran a pacientes oncol\u00f3gicos para tratar los efectos secundarios de los tratamientos.<\/p>\n\n\n\n<p>El Hospital Central de las Fuerzas Armadas y el Hospital de la Fuerza A\u00e9rea Dr. Ram\u00f3n de Lara, pasar\u00e1n a formar parte de la red de prestadores de servicios de salud de SeNaSa para el R\u00e9gimen Contributivo, donde los militares y sus dependientes no pagar\u00e1n diferencia por los servicios que all\u00ed reciban.<\/p>\n","protected":false},"excerpt":{"rendered":"<p>Santo Domingo.-&nbsp;Tal como instruyera el Excelent\u00edsimo Se\u00f1or Presidente de la Rep\u00fablica, licenciado Danilo Medina Sanchez, los militares y sus dependientes ya est\u00e1n afiliados al R\u00e9gimen Contributivo de SeNaSa y tendr\u00e1n cobertura a partir hoy, primero de abril. \u201cMayor cobertura y mejores beneficios para nuestros militares, quienes recibir\u00e1n ahora la misma cobertura sin distinci\u00f3n por rango [&hellip;]<\/p>\n","protected":false},"author":3,"featured_media":0,"comment_status":"open","ping_status":"open","sticky":false,"template":"","format":"standard","meta":{"inline_featured_image":false,"yasr_overall_rating":0,"yasr_post_is_review":"","yasr_auto_insert_disabled":"","yasr_review_type":"","_glsr_average":0,"_glsr_ranking":0,"_glsr_reviews":0,"footnotes":""},"categories":[13,25],"tags":[],"class_list":["post-1199","post","type-post","status-publish","format-standard","hentry","category-noticias","category-policias-y-militares"],"yoast_head":"<!-- This site is optimized with the Yoast SEO plugin v26.6 - https:\/\/yoast.com\/wordpress\/plugins\/seo\/ -->\n<title>Militares entran a SeNaSa; tendr\u00e1n cobertura a partir del 01 de abril - ARSSeNaSa<\/title>\n<meta name=\"description\" content=\"%\" \/>\n<meta name=\"robots\" content=\"index, follow, max-snippet:-1, max-image-preview:large, max-video-preview:-1\" \/>\n<link rel=\"canonical\" href=\"https:\/\/www.arssenasa.gob.do\/index.php\/blog\/2017\/04\/01\/militares-entran-a-senasa-tendran-cobertura-a-partir-del-01-de-abril\/\" \/>\n<meta property=\"og:locale\" content=\"es_ES\" \/>\n<meta property=\"og:type\" content=\"article\" \/>\n<meta property=\"og:title\" content=\"Militares entran a SeNaSa; tendr\u00e1n cobertura a partir del 01 de abril - ARSSeNaSa\" \/>\n<meta property=\"og:description\" content=\"%\" \/>\n<meta property=\"og:url\" content=\"https:\/\/www.arssenasa.gob.do\/index.php\/blog\/2017\/04\/01\/militares-entran-a-senasa-tendran-cobertura-a-partir-del-01-de-abril\/\" \/>\n<meta property=\"og:site_name\" content=\"ARSSeNaSa\" \/>\n<meta property=\"article:publisher\" content=\"https:\/\/www.facebook.com\/ARSSeNaSaRD\" \/>\n<meta property=\"article:published_time\" content=\"2017-04-01T18:27:43+00:00\" \/>\n<meta property=\"article:modified_time\" content=\"2020-02-07T19:32:08+00:00\" \/>\n<meta property=\"og:image\" content=\"https:\/\/www.arssenasa.gob.do\/wp-content\/uploads\/2018\/12\/BannerSiteSeNaSaSite-scaled.jpg\" \/>\n\t<meta property=\"og:image:width\" content=\"2560\" \/>\n\t<meta property=\"og:image:height\" content=\"798\" \/>\n\t<meta property=\"og:image:type\" content=\"image\/jpeg\" \/>\n<meta name=\"author\" content=\"SeNaSa\" \/>\n<meta name=\"twitter:card\" content=\"summary_large_image\" \/>\n<meta name=\"twitter:creator\" content=\"@arssenasard\" \/>\n<meta name=\"twitter:site\" content=\"@arssenasard\" \/>\n<meta name=\"twitter:label1\" content=\"Written by\" \/>\n\t<meta name=\"twitter:data1\" content=\"SeNaSa\" \/>\n\t<meta name=\"twitter:label2\" content=\"Est. reading time\" \/>\n\t<meta name=\"twitter:data2\" content=\"3 minutos\" \/>\n<script type=\"application\/ld+json\" class=\"yoast-schema-graph\">{\"@context\":\"https:\/\/schema.org\",\"@graph\":[{\"@type\":\"Article\",\"@id\":\"https:\/\/www.arssenasa.gob.do\/index.php\/blog\/2017\/04\/01\/militares-entran-a-senasa-tendran-cobertura-a-partir-del-01-de-abril\/#article\",\"isPartOf\":{\"@id\":\"https:\/\/www.arssenasa.gob.do\/index.php\/blog\/2017\/04\/01\/militares-entran-a-senasa-tendran-cobertura-a-partir-del-01-de-abril\/\"},\"author\":{\"name\":\"SeNaSa\",\"@id\":\"https:\/\/www.arssenasa.gob.do\/#\/schema\/person\/b9d6c2c58f44cdecdcdaab7a6f9504c0\"},\"headline\":\"Militares entran a SeNaSa; tendr\u00e1n cobertura a partir del 01 de abril\",\"datePublished\":\"2017-04-01T18:27:43+00:00\",\"dateModified\":\"2020-02-07T19:32:08+00:00\",\"mainEntityOfPage\":{\"@id\":\"https:\/\/www.arssenasa.gob.do\/index.php\/blog\/2017\/04\/01\/militares-entran-a-senasa-tendran-cobertura-a-partir-del-01-de-abril\/\"},\"wordCount\":680,\"commentCount\":0,\"publisher\":{\"@id\":\"https:\/\/www.arssenasa.gob.do\/#organization\"},\"articleSection\":[\"Noticias\",\"Policias y Militares\"],\"inLanguage\":\"es\",\"potentialAction\":[{\"@type\":\"CommentAction\",\"name\":\"Comment\",\"target\":[\"https:\/\/www.arssenasa.gob.do\/index.php\/blog\/2017\/04\/01\/militares-entran-a-senasa-tendran-cobertura-a-partir-del-01-de-abril\/#respond\"]}]},{\"@type\":\"WebPage\",\"@id\":\"https:\/\/www.arssenasa.gob.do\/index.php\/blog\/2017\/04\/01\/militares-entran-a-senasa-tendran-cobertura-a-partir-del-01-de-abril\/\",\"url\":\"https:\/\/www.arssenasa.gob.do\/index.php\/blog\/2017\/04\/01\/militares-entran-a-senasa-tendran-cobertura-a-partir-del-01-de-abril\/\",\"name\":\"Militares entran a SeNaSa; tendr\u00e1n cobertura a partir del 01 de abril - ARSSeNaSa\",\"isPartOf\":{\"@id\":\"https:\/\/www.arssenasa.gob.do\/#website\"},\"datePublished\":\"2017-04-01T18:27:43+00:00\",\"dateModified\":\"2020-02-07T19:32:08+00:00\",\"description\":\"%\",\"breadcrumb\":{\"@id\":\"https:\/\/www.arssenasa.gob.do\/index.php\/blog\/2017\/04\/01\/militares-entran-a-senasa-tendran-cobertura-a-partir-del-01-de-abril\/#breadcrumb\"},\"inLanguage\":\"es\",\"potentialAction\":[{\"@type\":\"ReadAction\",\"target\":[\"https:\/\/www.arssenasa.gob.do\/index.php\/blog\/2017\/04\/01\/militares-entran-a-senasa-tendran-cobertura-a-partir-del-01-de-abril\/\"]}]},{\"@type\":\"BreadcrumbList\",\"@id\":\"https:\/\/www.arssenasa.gob.do\/index.php\/blog\/2017\/04\/01\/militares-entran-a-senasa-tendran-cobertura-a-partir-del-01-de-abril\/#breadcrumb\",\"itemListElement\":[{\"@type\":\"ListItem\",\"position\":1,\"name\":\"Inicio\",\"item\":\"https:\/\/www.arssenasa.gob.do\/\"},{\"@type\":\"ListItem\",\"position\":2,\"name\":\"Militares entran a SeNaSa; tendr\u00e1n cobertura a partir del 01 de abril\"}]},{\"@type\":\"WebSite\",\"@id\":\"https:\/\/www.arssenasa.gob.do\/#website\",\"url\":\"https:\/\/www.arssenasa.gob.do\/\",\"name\":\"ARSSeNaSa\",\"description\":\"\",\"publisher\":{\"@id\":\"https:\/\/www.arssenasa.gob.do\/#organization\"},\"potentialAction\":[{\"@type\":\"SearchAction\",\"target\":{\"@type\":\"EntryPoint\",\"urlTemplate\":\"https:\/\/www.arssenasa.gob.do\/?s={search_term_string}\"},\"query-input\":{\"@type\":\"PropertyValueSpecification\",\"valueRequired\":true,\"valueName\":\"search_term_string\"}}],\"inLanguage\":\"es\"},{\"@type\":\"Organization\",\"@id\":\"https:\/\/www.arssenasa.gob.do\/#organization\",\"name\":\"SeNaSa - Seguro Nacional de Salud\",\"url\":\"https:\/\/www.arssenasa.gob.do\/\",\"logo\":{\"@type\":\"ImageObject\",\"inLanguage\":\"es\",\"@id\":\"https:\/\/www.arssenasa.gob.do\/#\/schema\/logo\/image\/\",\"url\":\"https:\/\/www.arssenasa.gob.do\/wp-content\/uploads\/2018\/11\/logo2022.png\",\"contentUrl\":\"https:\/\/www.arssenasa.gob.do\/wp-content\/uploads\/2018\/11\/logo2022.png\",\"width\":310,\"height\":200,\"caption\":\"SeNaSa - Seguro Nacional de Salud\"},\"image\":{\"@id\":\"https:\/\/www.arssenasa.gob.do\/#\/schema\/logo\/image\/\"},\"sameAs\":[\"https:\/\/www.facebook.com\/ARSSeNaSaRD\",\"https:\/\/x.com\/arssenasard\",\"https:\/\/www.instagram.com\/arssenasard\/\",\"https:\/\/www.youtube.com\/user\/ARSSeNaSa\"]},{\"@type\":\"Person\",\"@id\":\"https:\/\/www.arssenasa.gob.do\/#\/schema\/person\/b9d6c2c58f44cdecdcdaab7a6f9504c0\",\"name\":\"SeNaSa\",\"image\":{\"@type\":\"ImageObject\",\"inLanguage\":\"es\",\"@id\":\"https:\/\/www.arssenasa.gob.do\/#\/schema\/person\/image\/\",\"url\":\"https:\/\/secure.gravatar.com\/avatar\/3c45125f46520136bb5577344179f8312f2704a1174137df27ae1baa182b5a6e?s=96&d=mm&r=g\",\"contentUrl\":\"https:\/\/secure.gravatar.com\/avatar\/3c45125f46520136bb5577344179f8312f2704a1174137df27ae1baa182b5a6e?s=96&d=mm&r=g\",\"caption\":\"SeNaSa\"},\"url\":\"https:\/\/www.arssenasa.gob.do\/index.php\/blog\/author\/admin\/\"},false]}<\/script>\n<!-- \/ Yoast SEO plugin. -->","yoast_head_json":{"title":"Militares entran a SeNaSa; tendr\u00e1n cobertura a partir del 01 de abril - ARSSeNaSa","description":"%","robots":{"index":"index","follow":"follow","max-snippet":"max-snippet:-1","max-image-preview":"max-image-preview:large","max-video-preview":"max-video-preview:-1"},"canonical":"https:\/\/www.arssenasa.gob.do\/index.php\/blog\/2017\/04\/01\/militares-entran-a-senasa-tendran-cobertura-a-partir-del-01-de-abril\/","og_locale":"es_ES","og_type":"article","og_title":"Militares entran a SeNaSa; tendr\u00e1n cobertura a partir del 01 de abril - ARSSeNaSa","og_description":"%","og_url":"https:\/\/www.arssenasa.gob.do\/index.php\/blog\/2017\/04\/01\/militares-entran-a-senasa-tendran-cobertura-a-partir-del-01-de-abril\/","og_site_name":"ARSSeNaSa","article_publisher":"https:\/\/www.facebook.com\/ARSSeNaSaRD","article_published_time":"2017-04-01T18:27:43+00:00","article_modified_time":"2020-02-07T19:32:08+00:00","og_image":[{"width":2560,"height":798,"url":"https:\/\/www.arssenasa.gob.do\/wp-content\/uploads\/2018\/12\/BannerSiteSeNaSaSite-scaled.jpg","type":"image\/jpeg"}],"author":"SeNaSa","twitter_card":"summary_large_image","twitter_creator":"@arssenasard","twitter_site":"@arssenasard","twitter_misc":{"Written by":"SeNaSa","Est. reading time":"3 minutos"},"schema":{"@context":"https:\/\/schema.org","@graph":[{"@type":"Article","@id":"https:\/\/www.arssenasa.gob.do\/index.php\/blog\/2017\/04\/01\/militares-entran-a-senasa-tendran-cobertura-a-partir-del-01-de-abril\/#article","isPartOf":{"@id":"https:\/\/www.arssenasa.gob.do\/index.php\/blog\/2017\/04\/01\/militares-entran-a-senasa-tendran-cobertura-a-partir-del-01-de-abril\/"},"author":{"name":"SeNaSa","@id":"https:\/\/www.arssenasa.gob.do\/#\/schema\/person\/b9d6c2c58f44cdecdcdaab7a6f9504c0"},"headline":"Militares entran a SeNaSa; tendr\u00e1n cobertura a partir del 01 de abril","datePublished":"2017-04-01T18:27:43+00:00","dateModified":"2020-02-07T19:32:08+00:00","mainEntityOfPage":{"@id":"https:\/\/www.arssenasa.gob.do\/index.php\/blog\/2017\/04\/01\/militares-entran-a-senasa-tendran-cobertura-a-partir-del-01-de-abril\/"},"wordCount":680,"commentCount":0,"publisher":{"@id":"https:\/\/www.arssenasa.gob.do\/#organization"},"articleSection":["Noticias","Policias y Militares"],"inLanguage":"es","potentialAction":[{"@type":"CommentAction","name":"Comment","target":["https:\/\/www.arssenasa.gob.do\/index.php\/blog\/2017\/04\/01\/militares-entran-a-senasa-tendran-cobertura-a-partir-del-01-de-abril\/#respond"]}]},{"@type":"WebPage","@id":"https:\/\/www.arssenasa.gob.do\/index.php\/blog\/2017\/04\/01\/militares-entran-a-senasa-tendran-cobertura-a-partir-del-01-de-abril\/","url":"https:\/\/www.arssenasa.gob.do\/index.php\/blog\/2017\/04\/01\/militares-entran-a-senasa-tendran-cobertura-a-partir-del-01-de-abril\/","name":"Militares entran a SeNaSa; tendr\u00e1n cobertura a partir del 01 de abril - ARSSeNaSa","isPartOf":{"@id":"https:\/\/www.arssenasa.gob.do\/#website"},"datePublished":"2017-04-01T18:27:43+00:00","dateModified":"2020-02-07T19:32:08+00:00","description":"%","breadcrumb":{"@id":"https:\/\/www.arssenasa.gob.do\/index.php\/blog\/2017\/04\/01\/militares-entran-a-senasa-tendran-cobertura-a-partir-del-01-de-abril\/#breadcrumb"},"inLanguage":"es","potentialAction":[{"@type":"ReadAction","target":["https:\/\/www.arssenasa.gob.do\/index.php\/blog\/2017\/04\/01\/militares-entran-a-senasa-tendran-cobertura-a-partir-del-01-de-abril\/"]}]},{"@type":"BreadcrumbList","@id":"https:\/\/www.arssenasa.gob.do\/index.php\/blog\/2017\/04\/01\/militares-entran-a-senasa-tendran-cobertura-a-partir-del-01-de-abril\/#breadcrumb","itemListElement":[{"@type":"ListItem","position":1,"name":"Inicio","item":"https:\/\/www.arssenasa.gob.do\/"},{"@type":"ListItem","position":2,"name":"Militares entran a SeNaSa; tendr\u00e1n cobertura a partir del 01 de abril"}]},{"@type":"WebSite","@id":"https:\/\/www.arssenasa.gob.do\/#website","url":"https:\/\/www.arssenasa.gob.do\/","name":"ARSSeNaSa","description":"","publisher":{"@id":"https:\/\/www.arssenasa.gob.do\/#organization"},"potentialAction":[{"@type":"SearchAction","target":{"@type":"EntryPoint","urlTemplate":"https:\/\/www.arssenasa.gob.do\/?s={search_term_string}"},"query-input":{"@type":"PropertyValueSpecification","valueRequired":true,"valueName":"search_term_string"}}],"inLanguage":"es"},{"@type":"Organization","@id":"https:\/\/www.arssenasa.gob.do\/#organization","name":"SeNaSa - Seguro Nacional de Salud","url":"https:\/\/www.arssenasa.gob.do\/","logo":{"@type":"ImageObject","inLanguage":"es","@id":"https:\/\/www.arssenasa.gob.do\/#\/schema\/logo\/image\/","url":"https:\/\/www.arssenasa.gob.do\/wp-content\/uploads\/2018\/11\/logo2022.png","contentUrl":"https:\/\/www.arssenasa.gob.do\/wp-content\/uploads\/2018\/11\/logo2022.png","width":310,"height":200,"caption":"SeNaSa - Seguro Nacional de Salud"},"image":{"@id":"https:\/\/www.arssenasa.gob.do\/#\/schema\/logo\/image\/"},"sameAs":["https:\/\/www.facebook.com\/ARSSeNaSaRD","https:\/\/x.com\/arssenasard","https:\/\/www.instagram.com\/arssenasard\/","https:\/\/www.youtube.com\/user\/ARSSeNaSa"]},{"@type":"Person","@id":"https:\/\/www.arssenasa.gob.do\/#\/schema\/person\/b9d6c2c58f44cdecdcdaab7a6f9504c0","name":"SeNaSa","image":{"@type":"ImageObject","inLanguage":"es","@id":"https:\/\/www.arssenasa.gob.do\/#\/schema\/person\/image\/","url":"https:\/\/secure.gravatar.com\/avatar\/3c45125f46520136bb5577344179f8312f2704a1174137df27ae1baa182b5a6e?s=96&d=mm&r=g","contentUrl":"https:\/\/secure.gravatar.com\/avatar\/3c45125f46520136bb5577344179f8312f2704a1174137df27ae1baa182b5a6e?s=96&d=mm&r=g","caption":"SeNaSa"},"url":"https:\/\/www.arssenasa.gob.do\/index.php\/blog\/author\/admin\/"},false]}},"yasr_visitor_votes":{"stars_attributes":{"read_only":false,"span_bottom":false},"number_of_votes":0,"sum_votes":0},"_links":{"self":[{"href":"https:\/\/www.arssenasa.gob.do\/index.php\/wp-json\/wp\/v2\/posts\/1199","targetHints":{"allow":["GET"]}}],"collection":[{"href":"https:\/\/www.arssenasa.gob.do\/index.php\/wp-json\/wp\/v2\/posts"}],"about":[{"href":"https:\/\/www.arssenasa.gob.do\/index.php\/wp-json\/wp\/v2\/types\/post"}],"author":[{"embeddable":true,"href":"https:\/\/www.arssenasa.gob.do\/index.php\/wp-json\/wp\/v2\/users\/3"}],"replies":[{"embeddable":true,"href":"https:\/\/www.arssenasa.gob.do\/index.php\/wp-json\/wp\/v2\/comments?post=1199"}],"version-history":[{"count":1,"href":"https:\/\/www.arssenasa.gob.do\/index.php\/wp-json\/wp\/v2\/posts\/1199\/revisions"}],"predecessor-version":[{"id":3307,"href":"https:\/\/www.arssenasa.gob.do\/index.php\/wp-json\/wp\/v2\/posts\/1199\/revisions\/3307"}],"wp:attachment":[{"href":"https:\/\/www.arssenasa.gob.do\/index.php\/wp-json\/wp\/v2\/media?parent=1199"}],"wp:term":[{"taxonomy":"category","embeddable":true,"href":"https:\/\/www.arssenasa.gob.do\/index.php\/wp-json\/wp\/v2\/categories?post=1199"},{"taxonomy":"post_tag","embeddable":true,"href":"https:\/\/www.arssenasa.gob.do\/index.php\/wp-json\/wp\/v2\/tags?post=1199"}],"curies":[{"name":"wp","href":"https:\/\/api.w.org\/{rel}","templated":true}]}}