{"id":14324,"date":"2022-08-18T16:13:22","date_gmt":"2022-08-18T20:13:22","guid":{"rendered":"https:\/\/www.arssenasa.gob.do\/?p=14324"},"modified":"2023-01-17T20:41:58","modified_gmt":"2023-01-18T00:41:58","slug":"eres-parte-del-problema-o-del-cambio-de-habito-en-el-consumo-de-plastico","status":"publish","type":"post","link":"https:\/\/www.arssenasa.gob.do\/index.php\/blog\/2022\/08\/18\/eres-parte-del-problema-o-del-cambio-de-habito-en-el-consumo-de-plastico\/","title":{"rendered":"\u00bfEres parte del problema o del cambio de h\u00e1bito en el consumo de pl\u00e1stico?"},"content":{"rendered":"\n<p><strong>Santo Domingo .-<\/strong>Con el objetivo de concienciar, educar y&nbsp; sensibilizar, el Seguro Nacional de Salud (SeNaSa), en el marco de su programa de Responsabilidad Social Institucional (RSI) \u201cSeNaSa Verde\u201d, present\u00f3 a sus colaboradores el documental \u201cIsla de pl\u00e1stico\u201d, el cual ofrece una visi\u00f3n realista de la abundante contaminaci\u00f3n que tienen nuestros mares, costas y r\u00edos producto del pl\u00e1stico y el foam, que no son biodegradables y afectan al medio ambiente, este documental nos muestra una mirada local de un problema global.&nbsp;<\/p>\n\n\n\n<p>Berioska Castillo, responsable de RSI de la Gerencia de Comunicaci\u00f3n y Mercadeo de SeNaSa, explic\u00f3 a manera de introducci\u00f3n en el denominado Cine Forum, que la importancia de participar en esta actividad es que podamos ver el impacto negativo que nuestras acciones tienen en el medioambiente y la salud, con el fin de que podamos evaluar y mejorar nuestros h\u00e1bitos de consumo, para ser parte de la soluci\u00f3n y avanzar hacia el desarrollo sostenible de nuestro pa\u00eds.&nbsp;&nbsp;&nbsp;<\/p>\n\n\n\n<figure class=\"wp-block-gallery has-nested-images columns-default is-cropped wp-block-gallery-1 is-layout-flex wp-block-gallery-is-layout-flex\">\n<figure class=\"wp-block-image size-large\"><img fetchpriority=\"high\" decoding=\"async\" width=\"1024\" height=\"683\" data-id=\"14327\" src=\"https:\/\/www.arssenasa.gob.do\/wp-content\/uploads\/2022\/08\/WhatsApp-Image-2022-08-17-at-5.08.41-PM-2-1024x683.jpeg\" alt=\"Proyecci\u00f3n de la pel\u00edcula\" class=\"wp-image-14327\" srcset=\"https:\/\/www.arssenasa.gob.do\/wp-content\/uploads\/2022\/08\/WhatsApp-Image-2022-08-17-at-5.08.41-PM-2-1024x683.jpeg 1024w, https:\/\/www.arssenasa.gob.do\/wp-content\/uploads\/2022\/08\/WhatsApp-Image-2022-08-17-at-5.08.41-PM-2-300x200.jpeg 300w, https:\/\/www.arssenasa.gob.do\/wp-content\/uploads\/2022\/08\/WhatsApp-Image-2022-08-17-at-5.08.41-PM-2-768x512.jpeg 768w, https:\/\/www.arssenasa.gob.do\/wp-content\/uploads\/2022\/08\/WhatsApp-Image-2022-08-17-at-5.08.41-PM-2-1536x1024.jpeg 1536w, https:\/\/www.arssenasa.gob.do\/wp-content\/uploads\/2022\/08\/WhatsApp-Image-2022-08-17-at-5.08.41-PM-2.jpeg 1599w\" sizes=\"(max-width: 1024px) 100vw, 1024px\" \/><figcaption class=\"wp-element-caption\">Proyecci\u00f3n de la pel\u00edcula<\/figcaption><\/figure>\n\n\n\n<figure class=\"wp-block-image size-large\"><img decoding=\"async\" width=\"1024\" height=\"683\" data-id=\"14326\" src=\"https:\/\/www.arssenasa.gob.do\/wp-content\/uploads\/2022\/08\/WhatsApp-Image-2022-08-17-at-5.08.41-PM-1024x683.jpeg\" alt=\"Discusi\u00f3n del material proyectado\" class=\"wp-image-14326\" srcset=\"https:\/\/www.arssenasa.gob.do\/wp-content\/uploads\/2022\/08\/WhatsApp-Image-2022-08-17-at-5.08.41-PM-1024x683.jpeg 1024w, https:\/\/www.arssenasa.gob.do\/wp-content\/uploads\/2022\/08\/WhatsApp-Image-2022-08-17-at-5.08.41-PM-300x200.jpeg 300w, https:\/\/www.arssenasa.gob.do\/wp-content\/uploads\/2022\/08\/WhatsApp-Image-2022-08-17-at-5.08.41-PM-768x512.jpeg 768w, https:\/\/www.arssenasa.gob.do\/wp-content\/uploads\/2022\/08\/WhatsApp-Image-2022-08-17-at-5.08.41-PM-1536x1024.jpeg 1536w, https:\/\/www.arssenasa.gob.do\/wp-content\/uploads\/2022\/08\/WhatsApp-Image-2022-08-17-at-5.08.41-PM.jpeg 1599w\" sizes=\"(max-width: 1024px) 100vw, 1024px\" \/><figcaption class=\"wp-element-caption\">Discusi\u00f3n del material proyectado<\/figcaption><\/figure>\n<\/figure>\n\n\n\n<p>El largometraje, producido por Gilberto Morillo, Nashla Bogaert, David Maler y dirigido por Jos\u00e9 Mar\u00eda Cabral, fue ganador del \u00abMejor Documental\u00bb (2019) de La Silla. El audiovisual llama la atenci\u00f3n sobre la necesidad de un cambio de h\u00e1bitos de consumo sobre el pl\u00e1stico, que representa 580 millones de libras cada a\u00f1o en desechos de este material en Rep\u00fablica Dominicana.<\/p>\n\n\n\n<p>Tras concluir la presentaci\u00f3n, Castillo record\u00f3 que como instituci\u00f3n estamos trabajando en un plan integral de gesti\u00f3n ambiental para mitigar el impacto que tienen nuestras acciones en el medioambiente, el cual adem\u00e1s incluye acciones externas de reforestaciones y limpieza de playas y costas, para continuar aportando al bienestar de nuestro entorno, como una instituci\u00f3n comprometida socialmente<strong>.<\/strong><\/p>\n","protected":false},"excerpt":{"rendered":"<p>Santo Domingo .-Con el objetivo de concienciar, educar y&nbsp; sensibilizar, el Seguro Nacional de Salud (SeNaSa), en el marco de su programa de Responsabilidad Social Institucional (RSI) \u201cSeNaSa Verde\u201d, present\u00f3 a sus colaboradores el documental \u201cIsla de pl\u00e1stico\u201d, el cual ofrece una visi\u00f3n realista de la abundante contaminaci\u00f3n que tienen nuestros mares, costas y r\u00edos [&hellip;]<\/p>\n","protected":false},"author":3,"featured_media":14325,"comment_status":"open","ping_status":"open","sticky":false,"template":"","format":"standard","meta":{"inline_featured_image":false,"yasr_overall_rating":0,"yasr_post_is_review":"","yasr_auto_insert_disabled":"","yasr_review_type":"","_glsr_average":0,"_glsr_ranking":0,"_glsr_reviews":0,"footnotes":""},"categories":[40],"tags":[],"class_list":["post-14324","post","type-post","status-publish","format-standard","has-post-thumbnail","hentry","category-rsi-educacion"],"yoast_head":"<!-- This site is optimized with the Yoast SEO plugin v26.6 - https:\/\/yoast.com\/wordpress\/plugins\/seo\/ -->\n<title>\u00bfEres parte del problema o del cambio de h\u00e1bito en el consumo de pl\u00e1stico? - ARSSeNaSa<\/title>\n<meta name=\"description\" content=\"%\" \/>\n<meta name=\"robots\" content=\"index, follow, max-snippet:-1, max-image-preview:large, max-video-preview:-1\" \/>\n<link rel=\"canonical\" href=\"https:\/\/www.arssenasa.gob.do\/index.php\/blog\/2022\/08\/18\/eres-parte-del-problema-o-del-cambio-de-habito-en-el-consumo-de-plastico\/\" \/>\n<meta property=\"og:locale\" content=\"es_ES\" \/>\n<meta property=\"og:type\" content=\"article\" \/>\n<meta property=\"og:title\" content=\"\u00bfEres parte del problema o del cambio de h\u00e1bito en el consumo de pl\u00e1stico? - ARSSeNaSa\" \/>\n<meta property=\"og:description\" content=\"%\" \/>\n<meta property=\"og:url\" content=\"https:\/\/www.arssenasa.gob.do\/index.php\/blog\/2022\/08\/18\/eres-parte-del-problema-o-del-cambio-de-habito-en-el-consumo-de-plastico\/\" \/>\n<meta property=\"og:site_name\" content=\"ARSSeNaSa\" \/>\n<meta property=\"article:publisher\" content=\"https:\/\/www.facebook.com\/ARSSeNaSaRD\" \/>\n<meta property=\"article:published_time\" content=\"2022-08-18T20:13:22+00:00\" \/>\n<meta property=\"article:modified_time\" content=\"2023-01-18T00:41:58+00:00\" \/>\n<meta property=\"og:image\" content=\"https:\/\/www.arssenasa.gob.do\/wp-content\/uploads\/2022\/08\/WhatsApp-Image-2022-08-17-at-5.08.41-PM-1.jpeg\" \/>\n\t<meta property=\"og:image:width\" content=\"1599\" \/>\n\t<meta property=\"og:image:height\" content=\"1066\" \/>\n\t<meta property=\"og:image:type\" content=\"image\/jpeg\" \/>\n<meta name=\"author\" content=\"SeNaSa\" \/>\n<meta name=\"twitter:card\" content=\"summary_large_image\" \/>\n<meta name=\"twitter:creator\" content=\"@arssenasard\" \/>\n<meta name=\"twitter:site\" content=\"@arssenasard\" \/>\n<meta name=\"twitter:label1\" content=\"Written by\" \/>\n\t<meta name=\"twitter:data1\" content=\"SeNaSa\" \/>\n\t<meta name=\"twitter:label2\" content=\"Est. reading time\" \/>\n\t<meta name=\"twitter:data2\" content=\"2 minutos\" \/>\n<script type=\"application\/ld+json\" class=\"yoast-schema-graph\">{\"@context\":\"https:\/\/schema.org\",\"@graph\":[{\"@type\":\"Article\",\"@id\":\"https:\/\/www.arssenasa.gob.do\/index.php\/blog\/2022\/08\/18\/eres-parte-del-problema-o-del-cambio-de-habito-en-el-consumo-de-plastico\/#article\",\"isPartOf\":{\"@id\":\"https:\/\/www.arssenasa.gob.do\/index.php\/blog\/2022\/08\/18\/eres-parte-del-problema-o-del-cambio-de-habito-en-el-consumo-de-plastico\/\"},\"author\":{\"name\":\"SeNaSa\",\"@id\":\"https:\/\/www.arssenasa.gob.do\/#\/schema\/person\/b9d6c2c58f44cdecdcdaab7a6f9504c0\"},\"headline\":\"\u00bfEres parte del problema o del cambio de h\u00e1bito en el consumo de pl\u00e1stico?\",\"datePublished\":\"2022-08-18T20:13:22+00:00\",\"dateModified\":\"2023-01-18T00:41:58+00:00\",\"mainEntityOfPage\":{\"@id\":\"https:\/\/www.arssenasa.gob.do\/index.php\/blog\/2022\/08\/18\/eres-parte-del-problema-o-del-cambio-de-habito-en-el-consumo-de-plastico\/\"},\"wordCount\":324,\"commentCount\":0,\"publisher\":{\"@id\":\"https:\/\/www.arssenasa.gob.do\/#organization\"},\"image\":{\"@id\":\"https:\/\/www.arssenasa.gob.do\/index.php\/blog\/2022\/08\/18\/eres-parte-del-problema-o-del-cambio-de-habito-en-el-consumo-de-plastico\/#primaryimage\"},\"thumbnailUrl\":\"https:\/\/www.arssenasa.gob.do\/wp-content\/uploads\/2022\/08\/WhatsApp-Image-2022-08-17-at-5.08.41-PM-1.jpeg\",\"articleSection\":[\"RSI-Educaci\u00f3n\"],\"inLanguage\":\"es\",\"potentialAction\":[{\"@type\":\"CommentAction\",\"name\":\"Comment\",\"target\":[\"https:\/\/www.arssenasa.gob.do\/index.php\/blog\/2022\/08\/18\/eres-parte-del-problema-o-del-cambio-de-habito-en-el-consumo-de-plastico\/#respond\"]}]},{\"@type\":\"WebPage\",\"@id\":\"https:\/\/www.arssenasa.gob.do\/index.php\/blog\/2022\/08\/18\/eres-parte-del-problema-o-del-cambio-de-habito-en-el-consumo-de-plastico\/\",\"url\":\"https:\/\/www.arssenasa.gob.do\/index.php\/blog\/2022\/08\/18\/eres-parte-del-problema-o-del-cambio-de-habito-en-el-consumo-de-plastico\/\",\"name\":\"\u00bfEres parte del problema o del cambio de h\u00e1bito en el consumo de pl\u00e1stico? - ARSSeNaSa\",\"isPartOf\":{\"@id\":\"https:\/\/www.arssenasa.gob.do\/#website\"},\"primaryImageOfPage\":{\"@id\":\"https:\/\/www.arssenasa.gob.do\/index.php\/blog\/2022\/08\/18\/eres-parte-del-problema-o-del-cambio-de-habito-en-el-consumo-de-plastico\/#primaryimage\"},\"image\":{\"@id\":\"https:\/\/www.arssenasa.gob.do\/index.php\/blog\/2022\/08\/18\/eres-parte-del-problema-o-del-cambio-de-habito-en-el-consumo-de-plastico\/#primaryimage\"},\"thumbnailUrl\":\"https:\/\/www.arssenasa.gob.do\/wp-content\/uploads\/2022\/08\/WhatsApp-Image-2022-08-17-at-5.08.41-PM-1.jpeg\",\"datePublished\":\"2022-08-18T20:13:22+00:00\",\"dateModified\":\"2023-01-18T00:41:58+00:00\",\"description\":\"%\",\"breadcrumb\":{\"@id\":\"https:\/\/www.arssenasa.gob.do\/index.php\/blog\/2022\/08\/18\/eres-parte-del-problema-o-del-cambio-de-habito-en-el-consumo-de-plastico\/#breadcrumb\"},\"inLanguage\":\"es\",\"potentialAction\":[{\"@type\":\"ReadAction\",\"target\":[\"https:\/\/www.arssenasa.gob.do\/index.php\/blog\/2022\/08\/18\/eres-parte-del-problema-o-del-cambio-de-habito-en-el-consumo-de-plastico\/\"]}]},{\"@type\":\"ImageObject\",\"inLanguage\":\"es\",\"@id\":\"https:\/\/www.arssenasa.gob.do\/index.php\/blog\/2022\/08\/18\/eres-parte-del-problema-o-del-cambio-de-habito-en-el-consumo-de-plastico\/#primaryimage\",\"url\":\"https:\/\/www.arssenasa.gob.do\/wp-content\/uploads\/2022\/08\/WhatsApp-Image-2022-08-17-at-5.08.41-PM-1.jpeg\",\"contentUrl\":\"https:\/\/www.arssenasa.gob.do\/wp-content\/uploads\/2022\/08\/WhatsApp-Image-2022-08-17-at-5.08.41-PM-1.jpeg\",\"width\":1599,\"height\":1066,\"caption\":\"Cineforum\"},{\"@type\":\"BreadcrumbList\",\"@id\":\"https:\/\/www.arssenasa.gob.do\/index.php\/blog\/2022\/08\/18\/eres-parte-del-problema-o-del-cambio-de-habito-en-el-consumo-de-plastico\/#breadcrumb\",\"itemListElement\":[{\"@type\":\"ListItem\",\"position\":1,\"name\":\"Inicio\",\"item\":\"https:\/\/www.arssenasa.gob.do\/\"},{\"@type\":\"ListItem\",\"position\":2,\"name\":\"\u00bfEres parte del problema o del cambio de h\u00e1bito en el consumo de pl\u00e1stico?\"}]},{\"@type\":\"WebSite\",\"@id\":\"https:\/\/www.arssenasa.gob.do\/#website\",\"url\":\"https:\/\/www.arssenasa.gob.do\/\",\"name\":\"ARSSeNaSa\",\"description\":\"\",\"publisher\":{\"@id\":\"https:\/\/www.arssenasa.gob.do\/#organization\"},\"potentialAction\":[{\"@type\":\"SearchAction\",\"target\":{\"@type\":\"EntryPoint\",\"urlTemplate\":\"https:\/\/www.arssenasa.gob.do\/?s={search_term_string}\"},\"query-input\":{\"@type\":\"PropertyValueSpecification\",\"valueRequired\":true,\"valueName\":\"search_term_string\"}}],\"inLanguage\":\"es\"},{\"@type\":\"Organization\",\"@id\":\"https:\/\/www.arssenasa.gob.do\/#organization\",\"name\":\"SeNaSa - Seguro Nacional de Salud\",\"url\":\"https:\/\/www.arssenasa.gob.do\/\",\"logo\":{\"@type\":\"ImageObject\",\"inLanguage\":\"es\",\"@id\":\"https:\/\/www.arssenasa.gob.do\/#\/schema\/logo\/image\/\",\"url\":\"https:\/\/www.arssenasa.gob.do\/wp-content\/uploads\/2018\/11\/logo2022.png\",\"contentUrl\":\"https:\/\/www.arssenasa.gob.do\/wp-content\/uploads\/2018\/11\/logo2022.png\",\"width\":310,\"height\":200,\"caption\":\"SeNaSa - Seguro Nacional de Salud\"},\"image\":{\"@id\":\"https:\/\/www.arssenasa.gob.do\/#\/schema\/logo\/image\/\"},\"sameAs\":[\"https:\/\/www.facebook.com\/ARSSeNaSaRD\",\"https:\/\/x.com\/arssenasard\",\"https:\/\/www.instagram.com\/arssenasard\/\",\"https:\/\/www.youtube.com\/user\/ARSSeNaSa\"]},{\"@type\":\"Person\",\"@id\":\"https:\/\/www.arssenasa.gob.do\/#\/schema\/person\/b9d6c2c58f44cdecdcdaab7a6f9504c0\",\"name\":\"SeNaSa\",\"image\":{\"@type\":\"ImageObject\",\"inLanguage\":\"es\",\"@id\":\"https:\/\/www.arssenasa.gob.do\/#\/schema\/person\/image\/\",\"url\":\"https:\/\/secure.gravatar.com\/avatar\/3c45125f46520136bb5577344179f8312f2704a1174137df27ae1baa182b5a6e?s=96&d=mm&r=g\",\"contentUrl\":\"https:\/\/secure.gravatar.com\/avatar\/3c45125f46520136bb5577344179f8312f2704a1174137df27ae1baa182b5a6e?s=96&d=mm&r=g\",\"caption\":\"SeNaSa\"},\"url\":\"https:\/\/www.arssenasa.gob.do\/index.php\/blog\/author\/admin\/\"},false]}<\/script>\n<!-- \/ Yoast SEO plugin. -->","yoast_head_json":{"title":"\u00bfEres parte del problema o del cambio de h\u00e1bito en el consumo de pl\u00e1stico? - ARSSeNaSa","description":"%","robots":{"index":"index","follow":"follow","max-snippet":"max-snippet:-1","max-image-preview":"max-image-preview:large","max-video-preview":"max-video-preview:-1"},"canonical":"https:\/\/www.arssenasa.gob.do\/index.php\/blog\/2022\/08\/18\/eres-parte-del-problema-o-del-cambio-de-habito-en-el-consumo-de-plastico\/","og_locale":"es_ES","og_type":"article","og_title":"\u00bfEres parte del problema o del cambio de h\u00e1bito en el consumo de pl\u00e1stico? - ARSSeNaSa","og_description":"%","og_url":"https:\/\/www.arssenasa.gob.do\/index.php\/blog\/2022\/08\/18\/eres-parte-del-problema-o-del-cambio-de-habito-en-el-consumo-de-plastico\/","og_site_name":"ARSSeNaSa","article_publisher":"https:\/\/www.facebook.com\/ARSSeNaSaRD","article_published_time":"2022-08-18T20:13:22+00:00","article_modified_time":"2023-01-18T00:41:58+00:00","og_image":[{"width":1599,"height":1066,"url":"https:\/\/www.arssenasa.gob.do\/wp-content\/uploads\/2022\/08\/WhatsApp-Image-2022-08-17-at-5.08.41-PM-1.jpeg","type":"image\/jpeg"}],"author":"SeNaSa","twitter_card":"summary_large_image","twitter_creator":"@arssenasard","twitter_site":"@arssenasard","twitter_misc":{"Written by":"SeNaSa","Est. reading time":"2 minutos"},"schema":{"@context":"https:\/\/schema.org","@graph":[{"@type":"Article","@id":"https:\/\/www.arssenasa.gob.do\/index.php\/blog\/2022\/08\/18\/eres-parte-del-problema-o-del-cambio-de-habito-en-el-consumo-de-plastico\/#article","isPartOf":{"@id":"https:\/\/www.arssenasa.gob.do\/index.php\/blog\/2022\/08\/18\/eres-parte-del-problema-o-del-cambio-de-habito-en-el-consumo-de-plastico\/"},"author":{"name":"SeNaSa","@id":"https:\/\/www.arssenasa.gob.do\/#\/schema\/person\/b9d6c2c58f44cdecdcdaab7a6f9504c0"},"headline":"\u00bfEres parte del problema o del cambio de h\u00e1bito en el consumo de pl\u00e1stico?","datePublished":"2022-08-18T20:13:22+00:00","dateModified":"2023-01-18T00:41:58+00:00","mainEntityOfPage":{"@id":"https:\/\/www.arssenasa.gob.do\/index.php\/blog\/2022\/08\/18\/eres-parte-del-problema-o-del-cambio-de-habito-en-el-consumo-de-plastico\/"},"wordCount":324,"commentCount":0,"publisher":{"@id":"https:\/\/www.arssenasa.gob.do\/#organization"},"image":{"@id":"https:\/\/www.arssenasa.gob.do\/index.php\/blog\/2022\/08\/18\/eres-parte-del-problema-o-del-cambio-de-habito-en-el-consumo-de-plastico\/#primaryimage"},"thumbnailUrl":"https:\/\/www.arssenasa.gob.do\/wp-content\/uploads\/2022\/08\/WhatsApp-Image-2022-08-17-at-5.08.41-PM-1.jpeg","articleSection":["RSI-Educaci\u00f3n"],"inLanguage":"es","potentialAction":[{"@type":"CommentAction","name":"Comment","target":["https:\/\/www.arssenasa.gob.do\/index.php\/blog\/2022\/08\/18\/eres-parte-del-problema-o-del-cambio-de-habito-en-el-consumo-de-plastico\/#respond"]}]},{"@type":"WebPage","@id":"https:\/\/www.arssenasa.gob.do\/index.php\/blog\/2022\/08\/18\/eres-parte-del-problema-o-del-cambio-de-habito-en-el-consumo-de-plastico\/","url":"https:\/\/www.arssenasa.gob.do\/index.php\/blog\/2022\/08\/18\/eres-parte-del-problema-o-del-cambio-de-habito-en-el-consumo-de-plastico\/","name":"\u00bfEres parte del problema o del cambio de h\u00e1bito en el consumo de pl\u00e1stico? - ARSSeNaSa","isPartOf":{"@id":"https:\/\/www.arssenasa.gob.do\/#website"},"primaryImageOfPage":{"@id":"https:\/\/www.arssenasa.gob.do\/index.php\/blog\/2022\/08\/18\/eres-parte-del-problema-o-del-cambio-de-habito-en-el-consumo-de-plastico\/#primaryimage"},"image":{"@id":"https:\/\/www.arssenasa.gob.do\/index.php\/blog\/2022\/08\/18\/eres-parte-del-problema-o-del-cambio-de-habito-en-el-consumo-de-plastico\/#primaryimage"},"thumbnailUrl":"https:\/\/www.arssenasa.gob.do\/wp-content\/uploads\/2022\/08\/WhatsApp-Image-2022-08-17-at-5.08.41-PM-1.jpeg","datePublished":"2022-08-18T20:13:22+00:00","dateModified":"2023-01-18T00:41:58+00:00","description":"%","breadcrumb":{"@id":"https:\/\/www.arssenasa.gob.do\/index.php\/blog\/2022\/08\/18\/eres-parte-del-problema-o-del-cambio-de-habito-en-el-consumo-de-plastico\/#breadcrumb"},"inLanguage":"es","potentialAction":[{"@type":"ReadAction","target":["https:\/\/www.arssenasa.gob.do\/index.php\/blog\/2022\/08\/18\/eres-parte-del-problema-o-del-cambio-de-habito-en-el-consumo-de-plastico\/"]}]},{"@type":"ImageObject","inLanguage":"es","@id":"https:\/\/www.arssenasa.gob.do\/index.php\/blog\/2022\/08\/18\/eres-parte-del-problema-o-del-cambio-de-habito-en-el-consumo-de-plastico\/#primaryimage","url":"https:\/\/www.arssenasa.gob.do\/wp-content\/uploads\/2022\/08\/WhatsApp-Image-2022-08-17-at-5.08.41-PM-1.jpeg","contentUrl":"https:\/\/www.arssenasa.gob.do\/wp-content\/uploads\/2022\/08\/WhatsApp-Image-2022-08-17-at-5.08.41-PM-1.jpeg","width":1599,"height":1066,"caption":"Cineforum"},{"@type":"BreadcrumbList","@id":"https:\/\/www.arssenasa.gob.do\/index.php\/blog\/2022\/08\/18\/eres-parte-del-problema-o-del-cambio-de-habito-en-el-consumo-de-plastico\/#breadcrumb","itemListElement":[{"@type":"ListItem","position":1,"name":"Inicio","item":"https:\/\/www.arssenasa.gob.do\/"},{"@type":"ListItem","position":2,"name":"\u00bfEres parte del problema o del cambio de h\u00e1bito en el consumo de pl\u00e1stico?"}]},{"@type":"WebSite","@id":"https:\/\/www.arssenasa.gob.do\/#website","url":"https:\/\/www.arssenasa.gob.do\/","name":"ARSSeNaSa","description":"","publisher":{"@id":"https:\/\/www.arssenasa.gob.do\/#organization"},"potentialAction":[{"@type":"SearchAction","target":{"@type":"EntryPoint","urlTemplate":"https:\/\/www.arssenasa.gob.do\/?s={search_term_string}"},"query-input":{"@type":"PropertyValueSpecification","valueRequired":true,"valueName":"search_term_string"}}],"inLanguage":"es"},{"@type":"Organization","@id":"https:\/\/www.arssenasa.gob.do\/#organization","name":"SeNaSa - Seguro Nacional de Salud","url":"https:\/\/www.arssenasa.gob.do\/","logo":{"@type":"ImageObject","inLanguage":"es","@id":"https:\/\/www.arssenasa.gob.do\/#\/schema\/logo\/image\/","url":"https:\/\/www.arssenasa.gob.do\/wp-content\/uploads\/2018\/11\/logo2022.png","contentUrl":"https:\/\/www.arssenasa.gob.do\/wp-content\/uploads\/2018\/11\/logo2022.png","width":310,"height":200,"caption":"SeNaSa - Seguro Nacional de Salud"},"image":{"@id":"https:\/\/www.arssenasa.gob.do\/#\/schema\/logo\/image\/"},"sameAs":["https:\/\/www.facebook.com\/ARSSeNaSaRD","https:\/\/x.com\/arssenasard","https:\/\/www.instagram.com\/arssenasard\/","https:\/\/www.youtube.com\/user\/ARSSeNaSa"]},{"@type":"Person","@id":"https:\/\/www.arssenasa.gob.do\/#\/schema\/person\/b9d6c2c58f44cdecdcdaab7a6f9504c0","name":"SeNaSa","image":{"@type":"ImageObject","inLanguage":"es","@id":"https:\/\/www.arssenasa.gob.do\/#\/schema\/person\/image\/","url":"https:\/\/secure.gravatar.com\/avatar\/3c45125f46520136bb5577344179f8312f2704a1174137df27ae1baa182b5a6e?s=96&d=mm&r=g","contentUrl":"https:\/\/secure.gravatar.com\/avatar\/3c45125f46520136bb5577344179f8312f2704a1174137df27ae1baa182b5a6e?s=96&d=mm&r=g","caption":"SeNaSa"},"url":"https:\/\/www.arssenasa.gob.do\/index.php\/blog\/author\/admin\/"},false]}},"yasr_visitor_votes":{"stars_attributes":{"read_only":false,"span_bottom":false},"number_of_votes":0,"sum_votes":0},"_links":{"self":[{"href":"https:\/\/www.arssenasa.gob.do\/index.php\/wp-json\/wp\/v2\/posts\/14324","targetHints":{"allow":["GET"]}}],"collection":[{"href":"https:\/\/www.arssenasa.gob.do\/index.php\/wp-json\/wp\/v2\/posts"}],"about":[{"href":"https:\/\/www.arssenasa.gob.do\/index.php\/wp-json\/wp\/v2\/types\/post"}],"author":[{"embeddable":true,"href":"https:\/\/www.arssenasa.gob.do\/index.php\/wp-json\/wp\/v2\/users\/3"}],"replies":[{"embeddable":true,"href":"https:\/\/www.arssenasa.gob.do\/index.php\/wp-json\/wp\/v2\/comments?post=14324"}],"version-history":[{"count":2,"href":"https:\/\/www.arssenasa.gob.do\/index.php\/wp-json\/wp\/v2\/posts\/14324\/revisions"}],"predecessor-version":[{"id":15541,"href":"https:\/\/www.arssenasa.gob.do\/index.php\/wp-json\/wp\/v2\/posts\/14324\/revisions\/15541"}],"wp:featuredmedia":[{"embeddable":true,"href":"https:\/\/www.arssenasa.gob.do\/index.php\/wp-json\/wp\/v2\/media\/14325"}],"wp:attachment":[{"href":"https:\/\/www.arssenasa.gob.do\/index.php\/wp-json\/wp\/v2\/media?parent=14324"}],"wp:term":[{"taxonomy":"category","embeddable":true,"href":"https:\/\/www.arssenasa.gob.do\/index.php\/wp-json\/wp\/v2\/categories?post=14324"},{"taxonomy":"post_tag","embeddable":true,"href":"https:\/\/www.arssenasa.gob.do\/index.php\/wp-json\/wp\/v2\/tags?post=14324"}],"curies":[{"name":"wp","href":"https:\/\/api.w.org\/{rel}","templated":true}]}}