{"id":14382,"date":"2022-08-26T13:50:33","date_gmt":"2022-08-26T17:50:33","guid":{"rendered":"https:\/\/www.arssenasa.gob.do\/?p=14382"},"modified":"2022-08-26T13:50:35","modified_gmt":"2022-08-26T17:50:35","slug":"doctor-santiago-hazim-director-ejecutivo-de-senasa-anuncia-apertura-de-oficina-en-boston","status":"publish","type":"post","link":"https:\/\/www.arssenasa.gob.do\/index.php\/blog\/2022\/08\/26\/doctor-santiago-hazim-director-ejecutivo-de-senasa-anuncia-apertura-de-oficina-en-boston\/","title":{"rendered":"Doctor Santiago Hazim, director ejecutivo de SeNaSa anuncia apertura de oficina en Boston"},"content":{"rendered":"\n<p><strong>Boston, Masschusetts. &#8211;<\/strong> El director ejecutivo del Seguro Nacional de Salud (SeNaSa), doctor Santiago Hazim, inform\u00f3 que avanzan de manera significativa los aprestos de lugar para abrir la cuarta oficina de la administradora de riesgo de salud para los dominicanos radicados en Boston, Masschusetts. Con esta pr\u00f3xima apertura buscan beneficiar a los dominicanos que residen en esa ciudad de los Estados Unidos.<\/p>\n\n\n\n<p>Esta informaci\u00f3n fue ofrecida durante su participaci\u00f3n en la ciudad de Lawrence, Masschusetts, atendiendo a una invitaci\u00f3n del Defensor del Pueblo, Pablo Ulloa, quienes sostuvieron varios encuentros con la comunidad dominicana y otras autoridades.<\/p>\n\n\n\n<p>El doctor Santiago Hazim explic\u00f3 que para agilizar los procesos mantienen una constante comunicaci\u00f3n con el c\u00f3nsul de Boston, Enrique Garc\u00eda, \u201chace apenas algunas semanas visitamos el estado de Massachusetts en Boston, donde nos reunimos con el c\u00f3nsul estuvimos completando todo el proceso para que nuestros ciudadanos que viven all\u00ed tambi\u00e9n puedan optar por el plan SeNaSa Larimar y que estos puedan tener acceso a los servicios que ofrece, cuando se encuentren en territorio dominicano\u201d.<\/p>\n\n\n\n<p>El funcionario destac\u00f3 que estas oficinas tienen el objetivo de garantizar a los dominicanos y dominicanas que emigraron hacia el extranjero la oportunidad de acceder a servicios de salud de la m\u00e1s alta calidad, para ellos, sus dependientes y familiares independientemente de que estos se encuentren en la Rep\u00fablica Dominicana.<\/p>\n\n\n\n<p>Record\u00f3 que la apertura de estos espacios fue anunciada por el presidente Luis Abinader con el prop\u00f3sito de retribuir a los dominicanos radicados en el extranjero todo lo que han hecho por su pa\u00eds.<\/p>\n\n\n\n<p>Hasta el momento, SeNaSa tiene oficinas funcionando en New York, New Jersey y Philadelphia.<\/p>\n\n\n\n<figure class=\"wp-block-gallery has-nested-images columns-default is-cropped wp-block-gallery-1 is-layout-flex wp-block-gallery-is-layout-flex\">\n<figure class=\"wp-block-image size-large\"><img fetchpriority=\"high\" decoding=\"async\" width=\"576\" height=\"1024\" data-id=\"14384\" src=\"https:\/\/www.arssenasa.gob.do\/wp-content\/uploads\/2022\/08\/2-576x1024.jpg\" alt=\"Brian De Pe\u00f1a, alcalde de la ciudad de Lawrence Masschusetts, entrega reconocimiento al doctor Santiago Hazim\" class=\"wp-image-14384\" srcset=\"https:\/\/www.arssenasa.gob.do\/wp-content\/uploads\/2022\/08\/2-576x1024.jpg 576w, https:\/\/www.arssenasa.gob.do\/wp-content\/uploads\/2022\/08\/2-169x300.jpg 169w, https:\/\/www.arssenasa.gob.do\/wp-content\/uploads\/2022\/08\/2.jpg 720w\" sizes=\"(max-width: 576px) 100vw, 576px\" \/><figcaption>Brian De Pe\u00f1a, alcalde de la ciudad de Lawrence Masschusetts, entrega reconocimiento al doctor Santiago Hazim<\/figcaption><\/figure>\n\n\n\n<figure class=\"wp-block-image size-large\"><img decoding=\"async\" width=\"629\" height=\"1024\" data-id=\"14385\" src=\"https:\/\/www.arssenasa.gob.do\/wp-content\/uploads\/2022\/08\/3.jpg\" alt=\"Doctor Santiago Hazim recibe reconocimiento por parte de la C\u00e1mara en Massachusetts, de la mano del se\u00f1or Frank Moran\" class=\"wp-image-14385\" srcset=\"https:\/\/www.arssenasa.gob.do\/wp-content\/uploads\/2022\/08\/3.jpg 629w, https:\/\/www.arssenasa.gob.do\/wp-content\/uploads\/2022\/08\/3-184x300.jpg 184w\" sizes=\"(max-width: 629px) 100vw, 629px\" \/><figcaption>Doctor Santiago Hazim recibe reconocimiento por parte de la C\u00e1mara en Massachusetts, de la mano del se\u00f1or Frank Moran<\/figcaption><\/figure>\n<\/figure>\n\n\n\n<h3 class=\"wp-block-heading\">Reconocimientos<\/h3>\n\n\n\n<p>Durante su recorrido por la ciudad de Boston, el doctor Santiago Hazim fue reconocido por Premios Dominicanismo, por su trayectoria y aportes<\/p>\n\n\n\n<p>realizados a la medicina dominicana. Este le fue entregado por Brian De Pe\u00f1a, alcalde de la ciudad de Lawrence Masschusetts.<\/p>\n\n\n\n<p>Estos premios tienen la finalidad de reconocer a los dominicanos y dominicanas que han destacado a nivel mundial en diversas \u00e1reas.<\/p>\n\n\n\n<p>Tambi\u00e9n el representante de la C\u00e1mara en Massachusetts, el se\u00f1or Frank Moran entreg\u00f3 a nombre de la comunidad trabajadora otro reconocimiento por su compromiso hacia la comunidad que radica en el exterior.<\/p>\n","protected":false},"excerpt":{"rendered":"<p>Boston, Masschusetts. &#8211; El director ejecutivo del Seguro Nacional de Salud (SeNaSa), doctor Santiago Hazim, inform\u00f3 que avanzan de manera significativa los aprestos de lugar para abrir la cuarta oficina de la administradora de riesgo de salud para los dominicanos radicados en Boston, Masschusetts. Con esta pr\u00f3xima apertura buscan beneficiar a los dominicanos que residen [&hellip;]<\/p>\n","protected":false},"author":3,"featured_media":14383,"comment_status":"open","ping_status":"open","sticky":false,"template":"","format":"standard","meta":{"inline_featured_image":false,"yasr_overall_rating":0,"yasr_post_is_review":"","yasr_auto_insert_disabled":"","yasr_review_type":"","_glsr_average":0,"_glsr_ranking":0,"_glsr_reviews":0,"footnotes":""},"categories":[13],"tags":[],"class_list":["post-14382","post","type-post","status-publish","format-standard","has-post-thumbnail","hentry","category-noticias"],"yoast_head":"<!-- This site is optimized with the Yoast SEO plugin v26.6 - https:\/\/yoast.com\/wordpress\/plugins\/seo\/ -->\n<title>Doctor Santiago Hazim, director ejecutivo de SeNaSa anuncia apertura de oficina en Boston - ARSSeNaSa<\/title>\n<meta name=\"description\" content=\"%\" \/>\n<meta name=\"robots\" content=\"index, follow, max-snippet:-1, max-image-preview:large, max-video-preview:-1\" \/>\n<link rel=\"canonical\" href=\"https:\/\/www.arssenasa.gob.do\/index.php\/blog\/2022\/08\/26\/doctor-santiago-hazim-director-ejecutivo-de-senasa-anuncia-apertura-de-oficina-en-boston\/\" \/>\n<meta property=\"og:locale\" content=\"es_ES\" \/>\n<meta property=\"og:type\" content=\"article\" \/>\n<meta property=\"og:title\" content=\"Doctor Santiago Hazim, director ejecutivo de SeNaSa anuncia apertura de oficina en Boston - ARSSeNaSa\" \/>\n<meta property=\"og:description\" content=\"%\" \/>\n<meta property=\"og:url\" content=\"https:\/\/www.arssenasa.gob.do\/index.php\/blog\/2022\/08\/26\/doctor-santiago-hazim-director-ejecutivo-de-senasa-anuncia-apertura-de-oficina-en-boston\/\" \/>\n<meta property=\"og:site_name\" content=\"ARSSeNaSa\" \/>\n<meta property=\"article:publisher\" content=\"https:\/\/www.facebook.com\/ARSSeNaSaRD\" \/>\n<meta property=\"article:published_time\" content=\"2022-08-26T17:50:33+00:00\" \/>\n<meta property=\"article:modified_time\" content=\"2022-08-26T17:50:35+00:00\" \/>\n<meta property=\"og:image\" content=\"https:\/\/www.arssenasa.gob.do\/wp-content\/uploads\/2022\/08\/1-e1661536144654.jpg\" \/>\n\t<meta property=\"og:image:width\" content=\"768\" \/>\n\t<meta property=\"og:image:height\" content=\"478\" \/>\n\t<meta property=\"og:image:type\" content=\"image\/jpeg\" \/>\n<meta name=\"author\" content=\"SeNaSa\" \/>\n<meta name=\"twitter:card\" content=\"summary_large_image\" \/>\n<meta name=\"twitter:creator\" content=\"@arssenasard\" \/>\n<meta name=\"twitter:site\" content=\"@arssenasard\" \/>\n<meta name=\"twitter:label1\" content=\"Written by\" \/>\n\t<meta name=\"twitter:data1\" content=\"SeNaSa\" \/>\n\t<meta name=\"twitter:label2\" content=\"Est. reading time\" \/>\n\t<meta name=\"twitter:data2\" content=\"3 minutos\" \/>\n<script type=\"application\/ld+json\" class=\"yoast-schema-graph\">{\"@context\":\"https:\/\/schema.org\",\"@graph\":[{\"@type\":\"Article\",\"@id\":\"https:\/\/www.arssenasa.gob.do\/index.php\/blog\/2022\/08\/26\/doctor-santiago-hazim-director-ejecutivo-de-senasa-anuncia-apertura-de-oficina-en-boston\/#article\",\"isPartOf\":{\"@id\":\"https:\/\/www.arssenasa.gob.do\/index.php\/blog\/2022\/08\/26\/doctor-santiago-hazim-director-ejecutivo-de-senasa-anuncia-apertura-de-oficina-en-boston\/\"},\"author\":{\"name\":\"SeNaSa\",\"@id\":\"https:\/\/www.arssenasa.gob.do\/#\/schema\/person\/b9d6c2c58f44cdecdcdaab7a6f9504c0\"},\"headline\":\"Doctor Santiago Hazim, director ejecutivo de SeNaSa anuncia apertura de oficina en Boston\",\"datePublished\":\"2022-08-26T17:50:33+00:00\",\"dateModified\":\"2022-08-26T17:50:35+00:00\",\"mainEntityOfPage\":{\"@id\":\"https:\/\/www.arssenasa.gob.do\/index.php\/blog\/2022\/08\/26\/doctor-santiago-hazim-director-ejecutivo-de-senasa-anuncia-apertura-de-oficina-en-boston\/\"},\"wordCount\":433,\"commentCount\":0,\"publisher\":{\"@id\":\"https:\/\/www.arssenasa.gob.do\/#organization\"},\"image\":{\"@id\":\"https:\/\/www.arssenasa.gob.do\/index.php\/blog\/2022\/08\/26\/doctor-santiago-hazim-director-ejecutivo-de-senasa-anuncia-apertura-de-oficina-en-boston\/#primaryimage\"},\"thumbnailUrl\":\"https:\/\/www.arssenasa.gob.do\/wp-content\/uploads\/2022\/08\/1-e1661536144654.jpg\",\"articleSection\":[\"Noticias\"],\"inLanguage\":\"es\",\"potentialAction\":[{\"@type\":\"CommentAction\",\"name\":\"Comment\",\"target\":[\"https:\/\/www.arssenasa.gob.do\/index.php\/blog\/2022\/08\/26\/doctor-santiago-hazim-director-ejecutivo-de-senasa-anuncia-apertura-de-oficina-en-boston\/#respond\"]}]},{\"@type\":\"WebPage\",\"@id\":\"https:\/\/www.arssenasa.gob.do\/index.php\/blog\/2022\/08\/26\/doctor-santiago-hazim-director-ejecutivo-de-senasa-anuncia-apertura-de-oficina-en-boston\/\",\"url\":\"https:\/\/www.arssenasa.gob.do\/index.php\/blog\/2022\/08\/26\/doctor-santiago-hazim-director-ejecutivo-de-senasa-anuncia-apertura-de-oficina-en-boston\/\",\"name\":\"Doctor Santiago Hazim, director ejecutivo de SeNaSa anuncia apertura de oficina en Boston - ARSSeNaSa\",\"isPartOf\":{\"@id\":\"https:\/\/www.arssenasa.gob.do\/#website\"},\"primaryImageOfPage\":{\"@id\":\"https:\/\/www.arssenasa.gob.do\/index.php\/blog\/2022\/08\/26\/doctor-santiago-hazim-director-ejecutivo-de-senasa-anuncia-apertura-de-oficina-en-boston\/#primaryimage\"},\"image\":{\"@id\":\"https:\/\/www.arssenasa.gob.do\/index.php\/blog\/2022\/08\/26\/doctor-santiago-hazim-director-ejecutivo-de-senasa-anuncia-apertura-de-oficina-en-boston\/#primaryimage\"},\"thumbnailUrl\":\"https:\/\/www.arssenasa.gob.do\/wp-content\/uploads\/2022\/08\/1-e1661536144654.jpg\",\"datePublished\":\"2022-08-26T17:50:33+00:00\",\"dateModified\":\"2022-08-26T17:50:35+00:00\",\"description\":\"%\",\"breadcrumb\":{\"@id\":\"https:\/\/www.arssenasa.gob.do\/index.php\/blog\/2022\/08\/26\/doctor-santiago-hazim-director-ejecutivo-de-senasa-anuncia-apertura-de-oficina-en-boston\/#breadcrumb\"},\"inLanguage\":\"es\",\"potentialAction\":[{\"@type\":\"ReadAction\",\"target\":[\"https:\/\/www.arssenasa.gob.do\/index.php\/blog\/2022\/08\/26\/doctor-santiago-hazim-director-ejecutivo-de-senasa-anuncia-apertura-de-oficina-en-boston\/\"]}]},{\"@type\":\"ImageObject\",\"inLanguage\":\"es\",\"@id\":\"https:\/\/www.arssenasa.gob.do\/index.php\/blog\/2022\/08\/26\/doctor-santiago-hazim-director-ejecutivo-de-senasa-anuncia-apertura-de-oficina-en-boston\/#primaryimage\",\"url\":\"https:\/\/www.arssenasa.gob.do\/wp-content\/uploads\/2022\/08\/1-e1661536144654.jpg\",\"contentUrl\":\"https:\/\/www.arssenasa.gob.do\/wp-content\/uploads\/2022\/08\/1-e1661536144654.jpg\",\"width\":768,\"height\":478,\"caption\":\"Doctor Santiago Hazim mientras habla de la apertura de la oficina en Boston\"},{\"@type\":\"BreadcrumbList\",\"@id\":\"https:\/\/www.arssenasa.gob.do\/index.php\/blog\/2022\/08\/26\/doctor-santiago-hazim-director-ejecutivo-de-senasa-anuncia-apertura-de-oficina-en-boston\/#breadcrumb\",\"itemListElement\":[{\"@type\":\"ListItem\",\"position\":1,\"name\":\"Inicio\",\"item\":\"https:\/\/www.arssenasa.gob.do\/\"},{\"@type\":\"ListItem\",\"position\":2,\"name\":\"Doctor Santiago Hazim, director ejecutivo de SeNaSa anuncia apertura de oficina en Boston\"}]},{\"@type\":\"WebSite\",\"@id\":\"https:\/\/www.arssenasa.gob.do\/#website\",\"url\":\"https:\/\/www.arssenasa.gob.do\/\",\"name\":\"ARSSeNaSa\",\"description\":\"\",\"publisher\":{\"@id\":\"https:\/\/www.arssenasa.gob.do\/#organization\"},\"potentialAction\":[{\"@type\":\"SearchAction\",\"target\":{\"@type\":\"EntryPoint\",\"urlTemplate\":\"https:\/\/www.arssenasa.gob.do\/?s={search_term_string}\"},\"query-input\":{\"@type\":\"PropertyValueSpecification\",\"valueRequired\":true,\"valueName\":\"search_term_string\"}}],\"inLanguage\":\"es\"},{\"@type\":\"Organization\",\"@id\":\"https:\/\/www.arssenasa.gob.do\/#organization\",\"name\":\"SeNaSa - Seguro Nacional de Salud\",\"url\":\"https:\/\/www.arssenasa.gob.do\/\",\"logo\":{\"@type\":\"ImageObject\",\"inLanguage\":\"es\",\"@id\":\"https:\/\/www.arssenasa.gob.do\/#\/schema\/logo\/image\/\",\"url\":\"https:\/\/www.arssenasa.gob.do\/wp-content\/uploads\/2018\/11\/logo2022.png\",\"contentUrl\":\"https:\/\/www.arssenasa.gob.do\/wp-content\/uploads\/2018\/11\/logo2022.png\",\"width\":310,\"height\":200,\"caption\":\"SeNaSa - Seguro Nacional de Salud\"},\"image\":{\"@id\":\"https:\/\/www.arssenasa.gob.do\/#\/schema\/logo\/image\/\"},\"sameAs\":[\"https:\/\/www.facebook.com\/ARSSeNaSaRD\",\"https:\/\/x.com\/arssenasard\",\"https:\/\/www.instagram.com\/arssenasard\/\",\"https:\/\/www.youtube.com\/user\/ARSSeNaSa\"]},{\"@type\":\"Person\",\"@id\":\"https:\/\/www.arssenasa.gob.do\/#\/schema\/person\/b9d6c2c58f44cdecdcdaab7a6f9504c0\",\"name\":\"SeNaSa\",\"image\":{\"@type\":\"ImageObject\",\"inLanguage\":\"es\",\"@id\":\"https:\/\/www.arssenasa.gob.do\/#\/schema\/person\/image\/\",\"url\":\"https:\/\/secure.gravatar.com\/avatar\/3c45125f46520136bb5577344179f8312f2704a1174137df27ae1baa182b5a6e?s=96&d=mm&r=g\",\"contentUrl\":\"https:\/\/secure.gravatar.com\/avatar\/3c45125f46520136bb5577344179f8312f2704a1174137df27ae1baa182b5a6e?s=96&d=mm&r=g\",\"caption\":\"SeNaSa\"},\"url\":\"https:\/\/www.arssenasa.gob.do\/index.php\/blog\/author\/admin\/\"},false]}<\/script>\n<!-- \/ Yoast SEO plugin. -->","yoast_head_json":{"title":"Doctor Santiago Hazim, director ejecutivo de SeNaSa anuncia apertura de oficina en Boston - ARSSeNaSa","description":"%","robots":{"index":"index","follow":"follow","max-snippet":"max-snippet:-1","max-image-preview":"max-image-preview:large","max-video-preview":"max-video-preview:-1"},"canonical":"https:\/\/www.arssenasa.gob.do\/index.php\/blog\/2022\/08\/26\/doctor-santiago-hazim-director-ejecutivo-de-senasa-anuncia-apertura-de-oficina-en-boston\/","og_locale":"es_ES","og_type":"article","og_title":"Doctor Santiago Hazim, director ejecutivo de SeNaSa anuncia apertura de oficina en Boston - ARSSeNaSa","og_description":"%","og_url":"https:\/\/www.arssenasa.gob.do\/index.php\/blog\/2022\/08\/26\/doctor-santiago-hazim-director-ejecutivo-de-senasa-anuncia-apertura-de-oficina-en-boston\/","og_site_name":"ARSSeNaSa","article_publisher":"https:\/\/www.facebook.com\/ARSSeNaSaRD","article_published_time":"2022-08-26T17:50:33+00:00","article_modified_time":"2022-08-26T17:50:35+00:00","og_image":[{"width":768,"height":478,"url":"https:\/\/www.arssenasa.gob.do\/wp-content\/uploads\/2022\/08\/1-e1661536144654.jpg","type":"image\/jpeg"}],"author":"SeNaSa","twitter_card":"summary_large_image","twitter_creator":"@arssenasard","twitter_site":"@arssenasard","twitter_misc":{"Written by":"SeNaSa","Est. reading time":"3 minutos"},"schema":{"@context":"https:\/\/schema.org","@graph":[{"@type":"Article","@id":"https:\/\/www.arssenasa.gob.do\/index.php\/blog\/2022\/08\/26\/doctor-santiago-hazim-director-ejecutivo-de-senasa-anuncia-apertura-de-oficina-en-boston\/#article","isPartOf":{"@id":"https:\/\/www.arssenasa.gob.do\/index.php\/blog\/2022\/08\/26\/doctor-santiago-hazim-director-ejecutivo-de-senasa-anuncia-apertura-de-oficina-en-boston\/"},"author":{"name":"SeNaSa","@id":"https:\/\/www.arssenasa.gob.do\/#\/schema\/person\/b9d6c2c58f44cdecdcdaab7a6f9504c0"},"headline":"Doctor Santiago Hazim, director ejecutivo de SeNaSa anuncia apertura de oficina en Boston","datePublished":"2022-08-26T17:50:33+00:00","dateModified":"2022-08-26T17:50:35+00:00","mainEntityOfPage":{"@id":"https:\/\/www.arssenasa.gob.do\/index.php\/blog\/2022\/08\/26\/doctor-santiago-hazim-director-ejecutivo-de-senasa-anuncia-apertura-de-oficina-en-boston\/"},"wordCount":433,"commentCount":0,"publisher":{"@id":"https:\/\/www.arssenasa.gob.do\/#organization"},"image":{"@id":"https:\/\/www.arssenasa.gob.do\/index.php\/blog\/2022\/08\/26\/doctor-santiago-hazim-director-ejecutivo-de-senasa-anuncia-apertura-de-oficina-en-boston\/#primaryimage"},"thumbnailUrl":"https:\/\/www.arssenasa.gob.do\/wp-content\/uploads\/2022\/08\/1-e1661536144654.jpg","articleSection":["Noticias"],"inLanguage":"es","potentialAction":[{"@type":"CommentAction","name":"Comment","target":["https:\/\/www.arssenasa.gob.do\/index.php\/blog\/2022\/08\/26\/doctor-santiago-hazim-director-ejecutivo-de-senasa-anuncia-apertura-de-oficina-en-boston\/#respond"]}]},{"@type":"WebPage","@id":"https:\/\/www.arssenasa.gob.do\/index.php\/blog\/2022\/08\/26\/doctor-santiago-hazim-director-ejecutivo-de-senasa-anuncia-apertura-de-oficina-en-boston\/","url":"https:\/\/www.arssenasa.gob.do\/index.php\/blog\/2022\/08\/26\/doctor-santiago-hazim-director-ejecutivo-de-senasa-anuncia-apertura-de-oficina-en-boston\/","name":"Doctor Santiago Hazim, director ejecutivo de SeNaSa anuncia apertura de oficina en Boston - ARSSeNaSa","isPartOf":{"@id":"https:\/\/www.arssenasa.gob.do\/#website"},"primaryImageOfPage":{"@id":"https:\/\/www.arssenasa.gob.do\/index.php\/blog\/2022\/08\/26\/doctor-santiago-hazim-director-ejecutivo-de-senasa-anuncia-apertura-de-oficina-en-boston\/#primaryimage"},"image":{"@id":"https:\/\/www.arssenasa.gob.do\/index.php\/blog\/2022\/08\/26\/doctor-santiago-hazim-director-ejecutivo-de-senasa-anuncia-apertura-de-oficina-en-boston\/#primaryimage"},"thumbnailUrl":"https:\/\/www.arssenasa.gob.do\/wp-content\/uploads\/2022\/08\/1-e1661536144654.jpg","datePublished":"2022-08-26T17:50:33+00:00","dateModified":"2022-08-26T17:50:35+00:00","description":"%","breadcrumb":{"@id":"https:\/\/www.arssenasa.gob.do\/index.php\/blog\/2022\/08\/26\/doctor-santiago-hazim-director-ejecutivo-de-senasa-anuncia-apertura-de-oficina-en-boston\/#breadcrumb"},"inLanguage":"es","potentialAction":[{"@type":"ReadAction","target":["https:\/\/www.arssenasa.gob.do\/index.php\/blog\/2022\/08\/26\/doctor-santiago-hazim-director-ejecutivo-de-senasa-anuncia-apertura-de-oficina-en-boston\/"]}]},{"@type":"ImageObject","inLanguage":"es","@id":"https:\/\/www.arssenasa.gob.do\/index.php\/blog\/2022\/08\/26\/doctor-santiago-hazim-director-ejecutivo-de-senasa-anuncia-apertura-de-oficina-en-boston\/#primaryimage","url":"https:\/\/www.arssenasa.gob.do\/wp-content\/uploads\/2022\/08\/1-e1661536144654.jpg","contentUrl":"https:\/\/www.arssenasa.gob.do\/wp-content\/uploads\/2022\/08\/1-e1661536144654.jpg","width":768,"height":478,"caption":"Doctor Santiago Hazim mientras habla de la apertura de la oficina en Boston"},{"@type":"BreadcrumbList","@id":"https:\/\/www.arssenasa.gob.do\/index.php\/blog\/2022\/08\/26\/doctor-santiago-hazim-director-ejecutivo-de-senasa-anuncia-apertura-de-oficina-en-boston\/#breadcrumb","itemListElement":[{"@type":"ListItem","position":1,"name":"Inicio","item":"https:\/\/www.arssenasa.gob.do\/"},{"@type":"ListItem","position":2,"name":"Doctor Santiago Hazim, director ejecutivo de SeNaSa anuncia apertura de oficina en Boston"}]},{"@type":"WebSite","@id":"https:\/\/www.arssenasa.gob.do\/#website","url":"https:\/\/www.arssenasa.gob.do\/","name":"ARSSeNaSa","description":"","publisher":{"@id":"https:\/\/www.arssenasa.gob.do\/#organization"},"potentialAction":[{"@type":"SearchAction","target":{"@type":"EntryPoint","urlTemplate":"https:\/\/www.arssenasa.gob.do\/?s={search_term_string}"},"query-input":{"@type":"PropertyValueSpecification","valueRequired":true,"valueName":"search_term_string"}}],"inLanguage":"es"},{"@type":"Organization","@id":"https:\/\/www.arssenasa.gob.do\/#organization","name":"SeNaSa - Seguro Nacional de Salud","url":"https:\/\/www.arssenasa.gob.do\/","logo":{"@type":"ImageObject","inLanguage":"es","@id":"https:\/\/www.arssenasa.gob.do\/#\/schema\/logo\/image\/","url":"https:\/\/www.arssenasa.gob.do\/wp-content\/uploads\/2018\/11\/logo2022.png","contentUrl":"https:\/\/www.arssenasa.gob.do\/wp-content\/uploads\/2018\/11\/logo2022.png","width":310,"height":200,"caption":"SeNaSa - Seguro Nacional de Salud"},"image":{"@id":"https:\/\/www.arssenasa.gob.do\/#\/schema\/logo\/image\/"},"sameAs":["https:\/\/www.facebook.com\/ARSSeNaSaRD","https:\/\/x.com\/arssenasard","https:\/\/www.instagram.com\/arssenasard\/","https:\/\/www.youtube.com\/user\/ARSSeNaSa"]},{"@type":"Person","@id":"https:\/\/www.arssenasa.gob.do\/#\/schema\/person\/b9d6c2c58f44cdecdcdaab7a6f9504c0","name":"SeNaSa","image":{"@type":"ImageObject","inLanguage":"es","@id":"https:\/\/www.arssenasa.gob.do\/#\/schema\/person\/image\/","url":"https:\/\/secure.gravatar.com\/avatar\/3c45125f46520136bb5577344179f8312f2704a1174137df27ae1baa182b5a6e?s=96&d=mm&r=g","contentUrl":"https:\/\/secure.gravatar.com\/avatar\/3c45125f46520136bb5577344179f8312f2704a1174137df27ae1baa182b5a6e?s=96&d=mm&r=g","caption":"SeNaSa"},"url":"https:\/\/www.arssenasa.gob.do\/index.php\/blog\/author\/admin\/"},false]}},"yasr_visitor_votes":{"stars_attributes":{"read_only":false,"span_bottom":false},"number_of_votes":0,"sum_votes":0},"_links":{"self":[{"href":"https:\/\/www.arssenasa.gob.do\/index.php\/wp-json\/wp\/v2\/posts\/14382","targetHints":{"allow":["GET"]}}],"collection":[{"href":"https:\/\/www.arssenasa.gob.do\/index.php\/wp-json\/wp\/v2\/posts"}],"about":[{"href":"https:\/\/www.arssenasa.gob.do\/index.php\/wp-json\/wp\/v2\/types\/post"}],"author":[{"embeddable":true,"href":"https:\/\/www.arssenasa.gob.do\/index.php\/wp-json\/wp\/v2\/users\/3"}],"replies":[{"embeddable":true,"href":"https:\/\/www.arssenasa.gob.do\/index.php\/wp-json\/wp\/v2\/comments?post=14382"}],"version-history":[{"count":1,"href":"https:\/\/www.arssenasa.gob.do\/index.php\/wp-json\/wp\/v2\/posts\/14382\/revisions"}],"predecessor-version":[{"id":14386,"href":"https:\/\/www.arssenasa.gob.do\/index.php\/wp-json\/wp\/v2\/posts\/14382\/revisions\/14386"}],"wp:featuredmedia":[{"embeddable":true,"href":"https:\/\/www.arssenasa.gob.do\/index.php\/wp-json\/wp\/v2\/media\/14383"}],"wp:attachment":[{"href":"https:\/\/www.arssenasa.gob.do\/index.php\/wp-json\/wp\/v2\/media?parent=14382"}],"wp:term":[{"taxonomy":"category","embeddable":true,"href":"https:\/\/www.arssenasa.gob.do\/index.php\/wp-json\/wp\/v2\/categories?post=14382"},{"taxonomy":"post_tag","embeddable":true,"href":"https:\/\/www.arssenasa.gob.do\/index.php\/wp-json\/wp\/v2\/tags?post=14382"}],"curies":[{"name":"wp","href":"https:\/\/api.w.org\/{rel}","templated":true}]}}