{"id":14387,"date":"2022-08-29T00:23:58","date_gmt":"2022-08-29T04:23:58","guid":{"rendered":"https:\/\/www.arssenasa.gob.do\/?p=14387"},"modified":"2022-08-29T00:24:00","modified_gmt":"2022-08-29T04:24:00","slug":"senasa-deja-inaugurada-nueva-oficina-en-san-juan-de-la-maguana","status":"publish","type":"post","link":"https:\/\/www.arssenasa.gob.do\/index.php\/blog\/2022\/08\/29\/senasa-deja-inaugurada-nueva-oficina-en-san-juan-de-la-maguana\/","title":{"rendered":"SeNaSa deja inaugurada nueva oficina en San Juan de la Maguana"},"content":{"rendered":"\n<p><strong>San Juan de la Maguana. \u2013<\/strong> con el objetivo de ofrecer un mejor servicio y mayores comodidades, el Seguro Nacional de Salud (SeNaSa), dej\u00f3 inaugurada una nueva y moderna oficina de servicios en la ciudad de San Juan de la Maguana, actividad que cont\u00f3 con la presencia del excelent\u00edsimo se\u00f1or presidente de la Rep\u00fablica, Luis Abinader, como invitado de honor, adem\u00e1s de diversas personalidades de esta ciudad y miembros de la prensa.<\/p>\n\n\n\n<p>El doctor Santiago Hazim, director ejecutivo de SeNaSa, durante su intervenci\u00f3n destac\u00f3 que \u201cen dos a\u00f1os de gesti\u00f3n el Gobierno a trav\u00e9s de SeNaSa ha otorgado, solo en la provincia de San Juan de la Maguana m\u00e1s de 2 millones 153 mil servicios lo que representa una inversi\u00f3n de mil 168 millones de pesos y eso, se llama pensar y trabajar para la gente\u201d.<\/p>\n\n\n\n<p>Adem\u00e1s, dijo que todo esto ha sido posible gracias a la gesti\u00f3n de SeNaSa bajo los lineamientos del presidente de la Rep\u00fablica, Luis Abinader y la coordinaci\u00f3n del Gabinete de Salud que dirige la vicepresidenta Raquel Pe\u00f1a.<\/p>\n\n\n<div class=\"wp-block-image\">\n<figure class=\"aligncenter size-large\"><img fetchpriority=\"high\" decoding=\"async\" width=\"1024\" height=\"627\" src=\"https:\/\/www.arssenasa.gob.do\/wp-content\/uploads\/2022\/08\/02-1-1024x627.jpg\" alt=\"Doctor Santiago Hazim durante su discurso\" class=\"wp-image-14389\" srcset=\"https:\/\/www.arssenasa.gob.do\/wp-content\/uploads\/2022\/08\/02-1-1024x627.jpg 1024w, https:\/\/www.arssenasa.gob.do\/wp-content\/uploads\/2022\/08\/02-1-300x184.jpg 300w, https:\/\/www.arssenasa.gob.do\/wp-content\/uploads\/2022\/08\/02-1-768x470.jpg 768w, https:\/\/www.arssenasa.gob.do\/wp-content\/uploads\/2022\/08\/02-1.jpg 1280w\" sizes=\"(max-width: 1024px) 100vw, 1024px\" \/><figcaption>Doctor Santiago Hazim durante su discurso<\/figcaption><\/figure>\n<\/div>\n\n\n<p>Resalt\u00f3 que \u201cSan Juan de la Maguana cuenta con m\u00e1s de 154 mil 529 personas afiliadas a SeNaSa, de las cuales m\u00e1s de 42 mil pertenecen al R\u00e9gimen Contributivo y 110 mil 511 al R\u00e9gimen Subsidiado\u201d.<\/p>\n\n\n\n<p>El doctor Hazim indic\u00f3 en cuanto al Programa de nutrici\u00f3n del Adulto Mayor,\u201dhemos alcanzado tres mil 464 a personas de los 65 a\u00f1os en adelante desde que inici\u00f3 el programa en 72 jornadas. Esto contribuye de manera directa disminuyendo la carga econ\u00f3mica en las familias m\u00e1s necesitadas\u201d.<\/p>\n\n\n\n<p>De igual forma, en el programa \u201cNutrisalud SeNaSa\u201d, para ni\u00f1os de 5 a 15 a\u00f1os y adultos de 35 a 64 a\u00f1os, donde hemos impactado a unas 4 mil 200 personas\u201d.<\/p>\n\n\n\n<p>El acto cont\u00f3 con la bendici\u00f3n del padre Ram\u00f3n del Rosario quien elevo una plegaria y pidi\u00f3 sabidur\u00eda para las autoridades que est\u00e1n dirigiendo esta nueva oficina.<\/p>\n\n\n\n<p>Al la nueva oficina que est\u00e1 ubicada en la Calle Santom\u00e9, no.73, en el centro de San Juan de la Maguana, se dieron cita los diputados Frank Ramirez y Nidio Encarnacion. Tambi\u00e9n las gobernadoras de San Juan de la Maguana y El\u00edas Pi\u00f1a, Elvira Corpor\u00e1n y Pi\u00f1a, Millys Mart\u00ednez y la alcadesa, Hanobi Sanchez.<\/p>\n","protected":false},"excerpt":{"rendered":"<p>San Juan de la Maguana. \u2013 con el objetivo de ofrecer un mejor servicio y mayores comodidades, el Seguro Nacional de Salud (SeNaSa), dej\u00f3 inaugurada una nueva y moderna oficina de servicios en la ciudad de San Juan de la Maguana, actividad que cont\u00f3 con la presencia del excelent\u00edsimo se\u00f1or presidente de la Rep\u00fablica, Luis [&hellip;]<\/p>\n","protected":false},"author":3,"featured_media":14388,"comment_status":"open","ping_status":"open","sticky":false,"template":"","format":"standard","meta":{"inline_featured_image":false,"yasr_overall_rating":0,"yasr_post_is_review":"","yasr_auto_insert_disabled":"","yasr_review_type":"","_glsr_average":0,"_glsr_ranking":0,"_glsr_reviews":0,"footnotes":""},"categories":[13],"tags":[],"class_list":["post-14387","post","type-post","status-publish","format-standard","has-post-thumbnail","hentry","category-noticias"],"yoast_head":"<!-- This site is optimized with the Yoast SEO plugin v26.6 - https:\/\/yoast.com\/wordpress\/plugins\/seo\/ -->\n<title>SeNaSa deja inaugurada nueva oficina en San Juan de la Maguana - ARSSeNaSa<\/title>\n<meta name=\"description\" content=\"%\" \/>\n<meta name=\"robots\" content=\"index, follow, max-snippet:-1, max-image-preview:large, max-video-preview:-1\" \/>\n<link rel=\"canonical\" href=\"https:\/\/www.arssenasa.gob.do\/index.php\/blog\/2022\/08\/29\/senasa-deja-inaugurada-nueva-oficina-en-san-juan-de-la-maguana\/\" \/>\n<meta property=\"og:locale\" content=\"es_ES\" \/>\n<meta property=\"og:type\" content=\"article\" \/>\n<meta property=\"og:title\" content=\"SeNaSa deja inaugurada nueva oficina en San Juan de la Maguana - ARSSeNaSa\" \/>\n<meta property=\"og:description\" content=\"%\" \/>\n<meta property=\"og:url\" content=\"https:\/\/www.arssenasa.gob.do\/index.php\/blog\/2022\/08\/29\/senasa-deja-inaugurada-nueva-oficina-en-san-juan-de-la-maguana\/\" \/>\n<meta property=\"og:site_name\" content=\"ARSSeNaSa\" \/>\n<meta property=\"article:publisher\" content=\"https:\/\/www.facebook.com\/ARSSeNaSaRD\" \/>\n<meta property=\"article:published_time\" content=\"2022-08-29T04:23:58+00:00\" \/>\n<meta property=\"article:modified_time\" content=\"2022-08-29T04:24:00+00:00\" \/>\n<meta property=\"og:image\" content=\"https:\/\/www.arssenasa.gob.do\/wp-content\/uploads\/2022\/08\/01-1.jpg\" \/>\n\t<meta property=\"og:image:width\" content=\"1599\" \/>\n\t<meta property=\"og:image:height\" content=\"1066\" \/>\n\t<meta property=\"og:image:type\" content=\"image\/jpeg\" \/>\n<meta name=\"author\" content=\"SeNaSa\" \/>\n<meta name=\"twitter:card\" content=\"summary_large_image\" \/>\n<meta name=\"twitter:creator\" content=\"@arssenasard\" \/>\n<meta name=\"twitter:site\" content=\"@arssenasard\" \/>\n<meta name=\"twitter:label1\" content=\"Written by\" \/>\n\t<meta name=\"twitter:data1\" content=\"SeNaSa\" \/>\n\t<meta name=\"twitter:label2\" content=\"Est. reading time\" \/>\n\t<meta name=\"twitter:data2\" content=\"2 minutos\" \/>\n<script type=\"application\/ld+json\" class=\"yoast-schema-graph\">{\"@context\":\"https:\/\/schema.org\",\"@graph\":[{\"@type\":\"Article\",\"@id\":\"https:\/\/www.arssenasa.gob.do\/index.php\/blog\/2022\/08\/29\/senasa-deja-inaugurada-nueva-oficina-en-san-juan-de-la-maguana\/#article\",\"isPartOf\":{\"@id\":\"https:\/\/www.arssenasa.gob.do\/index.php\/blog\/2022\/08\/29\/senasa-deja-inaugurada-nueva-oficina-en-san-juan-de-la-maguana\/\"},\"author\":{\"name\":\"SeNaSa\",\"@id\":\"https:\/\/www.arssenasa.gob.do\/#\/schema\/person\/b9d6c2c58f44cdecdcdaab7a6f9504c0\"},\"headline\":\"SeNaSa deja inaugurada nueva oficina en San Juan de la Maguana\",\"datePublished\":\"2022-08-29T04:23:58+00:00\",\"dateModified\":\"2022-08-29T04:24:00+00:00\",\"mainEntityOfPage\":{\"@id\":\"https:\/\/www.arssenasa.gob.do\/index.php\/blog\/2022\/08\/29\/senasa-deja-inaugurada-nueva-oficina-en-san-juan-de-la-maguana\/\"},\"wordCount\":404,\"commentCount\":0,\"publisher\":{\"@id\":\"https:\/\/www.arssenasa.gob.do\/#organization\"},\"image\":{\"@id\":\"https:\/\/www.arssenasa.gob.do\/index.php\/blog\/2022\/08\/29\/senasa-deja-inaugurada-nueva-oficina-en-san-juan-de-la-maguana\/#primaryimage\"},\"thumbnailUrl\":\"https:\/\/www.arssenasa.gob.do\/wp-content\/uploads\/2022\/08\/01-1.jpg\",\"articleSection\":[\"Noticias\"],\"inLanguage\":\"es\",\"potentialAction\":[{\"@type\":\"CommentAction\",\"name\":\"Comment\",\"target\":[\"https:\/\/www.arssenasa.gob.do\/index.php\/blog\/2022\/08\/29\/senasa-deja-inaugurada-nueva-oficina-en-san-juan-de-la-maguana\/#respond\"]}]},{\"@type\":\"WebPage\",\"@id\":\"https:\/\/www.arssenasa.gob.do\/index.php\/blog\/2022\/08\/29\/senasa-deja-inaugurada-nueva-oficina-en-san-juan-de-la-maguana\/\",\"url\":\"https:\/\/www.arssenasa.gob.do\/index.php\/blog\/2022\/08\/29\/senasa-deja-inaugurada-nueva-oficina-en-san-juan-de-la-maguana\/\",\"name\":\"SeNaSa deja inaugurada nueva oficina en San Juan de la Maguana - ARSSeNaSa\",\"isPartOf\":{\"@id\":\"https:\/\/www.arssenasa.gob.do\/#website\"},\"primaryImageOfPage\":{\"@id\":\"https:\/\/www.arssenasa.gob.do\/index.php\/blog\/2022\/08\/29\/senasa-deja-inaugurada-nueva-oficina-en-san-juan-de-la-maguana\/#primaryimage\"},\"image\":{\"@id\":\"https:\/\/www.arssenasa.gob.do\/index.php\/blog\/2022\/08\/29\/senasa-deja-inaugurada-nueva-oficina-en-san-juan-de-la-maguana\/#primaryimage\"},\"thumbnailUrl\":\"https:\/\/www.arssenasa.gob.do\/wp-content\/uploads\/2022\/08\/01-1.jpg\",\"datePublished\":\"2022-08-29T04:23:58+00:00\",\"dateModified\":\"2022-08-29T04:24:00+00:00\",\"description\":\"%\",\"breadcrumb\":{\"@id\":\"https:\/\/www.arssenasa.gob.do\/index.php\/blog\/2022\/08\/29\/senasa-deja-inaugurada-nueva-oficina-en-san-juan-de-la-maguana\/#breadcrumb\"},\"inLanguage\":\"es\",\"potentialAction\":[{\"@type\":\"ReadAction\",\"target\":[\"https:\/\/www.arssenasa.gob.do\/index.php\/blog\/2022\/08\/29\/senasa-deja-inaugurada-nueva-oficina-en-san-juan-de-la-maguana\/\"]}]},{\"@type\":\"ImageObject\",\"inLanguage\":\"es\",\"@id\":\"https:\/\/www.arssenasa.gob.do\/index.php\/blog\/2022\/08\/29\/senasa-deja-inaugurada-nueva-oficina-en-san-juan-de-la-maguana\/#primaryimage\",\"url\":\"https:\/\/www.arssenasa.gob.do\/wp-content\/uploads\/2022\/08\/01-1.jpg\",\"contentUrl\":\"https:\/\/www.arssenasa.gob.do\/wp-content\/uploads\/2022\/08\/01-1.jpg\",\"width\":1599,\"height\":1066,\"caption\":\"Hanobi S\u00e1nchez, Elvira Corpor\u00e1n, Luis Abinader, Santiago Hazim, Tania Montero y Frank Ram\u00edrez\"},{\"@type\":\"BreadcrumbList\",\"@id\":\"https:\/\/www.arssenasa.gob.do\/index.php\/blog\/2022\/08\/29\/senasa-deja-inaugurada-nueva-oficina-en-san-juan-de-la-maguana\/#breadcrumb\",\"itemListElement\":[{\"@type\":\"ListItem\",\"position\":1,\"name\":\"Inicio\",\"item\":\"https:\/\/www.arssenasa.gob.do\/\"},{\"@type\":\"ListItem\",\"position\":2,\"name\":\"SeNaSa deja inaugurada nueva oficina en San Juan de la Maguana\"}]},{\"@type\":\"WebSite\",\"@id\":\"https:\/\/www.arssenasa.gob.do\/#website\",\"url\":\"https:\/\/www.arssenasa.gob.do\/\",\"name\":\"ARSSeNaSa\",\"description\":\"\",\"publisher\":{\"@id\":\"https:\/\/www.arssenasa.gob.do\/#organization\"},\"potentialAction\":[{\"@type\":\"SearchAction\",\"target\":{\"@type\":\"EntryPoint\",\"urlTemplate\":\"https:\/\/www.arssenasa.gob.do\/?s={search_term_string}\"},\"query-input\":{\"@type\":\"PropertyValueSpecification\",\"valueRequired\":true,\"valueName\":\"search_term_string\"}}],\"inLanguage\":\"es\"},{\"@type\":\"Organization\",\"@id\":\"https:\/\/www.arssenasa.gob.do\/#organization\",\"name\":\"SeNaSa - Seguro Nacional de Salud\",\"url\":\"https:\/\/www.arssenasa.gob.do\/\",\"logo\":{\"@type\":\"ImageObject\",\"inLanguage\":\"es\",\"@id\":\"https:\/\/www.arssenasa.gob.do\/#\/schema\/logo\/image\/\",\"url\":\"https:\/\/www.arssenasa.gob.do\/wp-content\/uploads\/2018\/11\/logo2022.png\",\"contentUrl\":\"https:\/\/www.arssenasa.gob.do\/wp-content\/uploads\/2018\/11\/logo2022.png\",\"width\":310,\"height\":200,\"caption\":\"SeNaSa - Seguro Nacional de Salud\"},\"image\":{\"@id\":\"https:\/\/www.arssenasa.gob.do\/#\/schema\/logo\/image\/\"},\"sameAs\":[\"https:\/\/www.facebook.com\/ARSSeNaSaRD\",\"https:\/\/x.com\/arssenasard\",\"https:\/\/www.instagram.com\/arssenasard\/\",\"https:\/\/www.youtube.com\/user\/ARSSeNaSa\"]},{\"@type\":\"Person\",\"@id\":\"https:\/\/www.arssenasa.gob.do\/#\/schema\/person\/b9d6c2c58f44cdecdcdaab7a6f9504c0\",\"name\":\"SeNaSa\",\"image\":{\"@type\":\"ImageObject\",\"inLanguage\":\"es\",\"@id\":\"https:\/\/www.arssenasa.gob.do\/#\/schema\/person\/image\/\",\"url\":\"https:\/\/secure.gravatar.com\/avatar\/3c45125f46520136bb5577344179f8312f2704a1174137df27ae1baa182b5a6e?s=96&d=mm&r=g\",\"contentUrl\":\"https:\/\/secure.gravatar.com\/avatar\/3c45125f46520136bb5577344179f8312f2704a1174137df27ae1baa182b5a6e?s=96&d=mm&r=g\",\"caption\":\"SeNaSa\"},\"url\":\"https:\/\/www.arssenasa.gob.do\/index.php\/blog\/author\/admin\/\"},false]}<\/script>\n<!-- \/ Yoast SEO plugin. -->","yoast_head_json":{"title":"SeNaSa deja inaugurada nueva oficina en San Juan de la Maguana - ARSSeNaSa","description":"%","robots":{"index":"index","follow":"follow","max-snippet":"max-snippet:-1","max-image-preview":"max-image-preview:large","max-video-preview":"max-video-preview:-1"},"canonical":"https:\/\/www.arssenasa.gob.do\/index.php\/blog\/2022\/08\/29\/senasa-deja-inaugurada-nueva-oficina-en-san-juan-de-la-maguana\/","og_locale":"es_ES","og_type":"article","og_title":"SeNaSa deja inaugurada nueva oficina en San Juan de la Maguana - ARSSeNaSa","og_description":"%","og_url":"https:\/\/www.arssenasa.gob.do\/index.php\/blog\/2022\/08\/29\/senasa-deja-inaugurada-nueva-oficina-en-san-juan-de-la-maguana\/","og_site_name":"ARSSeNaSa","article_publisher":"https:\/\/www.facebook.com\/ARSSeNaSaRD","article_published_time":"2022-08-29T04:23:58+00:00","article_modified_time":"2022-08-29T04:24:00+00:00","og_image":[{"width":1599,"height":1066,"url":"https:\/\/www.arssenasa.gob.do\/wp-content\/uploads\/2022\/08\/01-1.jpg","type":"image\/jpeg"}],"author":"SeNaSa","twitter_card":"summary_large_image","twitter_creator":"@arssenasard","twitter_site":"@arssenasard","twitter_misc":{"Written by":"SeNaSa","Est. reading time":"2 minutos"},"schema":{"@context":"https:\/\/schema.org","@graph":[{"@type":"Article","@id":"https:\/\/www.arssenasa.gob.do\/index.php\/blog\/2022\/08\/29\/senasa-deja-inaugurada-nueva-oficina-en-san-juan-de-la-maguana\/#article","isPartOf":{"@id":"https:\/\/www.arssenasa.gob.do\/index.php\/blog\/2022\/08\/29\/senasa-deja-inaugurada-nueva-oficina-en-san-juan-de-la-maguana\/"},"author":{"name":"SeNaSa","@id":"https:\/\/www.arssenasa.gob.do\/#\/schema\/person\/b9d6c2c58f44cdecdcdaab7a6f9504c0"},"headline":"SeNaSa deja inaugurada nueva oficina en San Juan de la Maguana","datePublished":"2022-08-29T04:23:58+00:00","dateModified":"2022-08-29T04:24:00+00:00","mainEntityOfPage":{"@id":"https:\/\/www.arssenasa.gob.do\/index.php\/blog\/2022\/08\/29\/senasa-deja-inaugurada-nueva-oficina-en-san-juan-de-la-maguana\/"},"wordCount":404,"commentCount":0,"publisher":{"@id":"https:\/\/www.arssenasa.gob.do\/#organization"},"image":{"@id":"https:\/\/www.arssenasa.gob.do\/index.php\/blog\/2022\/08\/29\/senasa-deja-inaugurada-nueva-oficina-en-san-juan-de-la-maguana\/#primaryimage"},"thumbnailUrl":"https:\/\/www.arssenasa.gob.do\/wp-content\/uploads\/2022\/08\/01-1.jpg","articleSection":["Noticias"],"inLanguage":"es","potentialAction":[{"@type":"CommentAction","name":"Comment","target":["https:\/\/www.arssenasa.gob.do\/index.php\/blog\/2022\/08\/29\/senasa-deja-inaugurada-nueva-oficina-en-san-juan-de-la-maguana\/#respond"]}]},{"@type":"WebPage","@id":"https:\/\/www.arssenasa.gob.do\/index.php\/blog\/2022\/08\/29\/senasa-deja-inaugurada-nueva-oficina-en-san-juan-de-la-maguana\/","url":"https:\/\/www.arssenasa.gob.do\/index.php\/blog\/2022\/08\/29\/senasa-deja-inaugurada-nueva-oficina-en-san-juan-de-la-maguana\/","name":"SeNaSa deja inaugurada nueva oficina en San Juan de la Maguana - ARSSeNaSa","isPartOf":{"@id":"https:\/\/www.arssenasa.gob.do\/#website"},"primaryImageOfPage":{"@id":"https:\/\/www.arssenasa.gob.do\/index.php\/blog\/2022\/08\/29\/senasa-deja-inaugurada-nueva-oficina-en-san-juan-de-la-maguana\/#primaryimage"},"image":{"@id":"https:\/\/www.arssenasa.gob.do\/index.php\/blog\/2022\/08\/29\/senasa-deja-inaugurada-nueva-oficina-en-san-juan-de-la-maguana\/#primaryimage"},"thumbnailUrl":"https:\/\/www.arssenasa.gob.do\/wp-content\/uploads\/2022\/08\/01-1.jpg","datePublished":"2022-08-29T04:23:58+00:00","dateModified":"2022-08-29T04:24:00+00:00","description":"%","breadcrumb":{"@id":"https:\/\/www.arssenasa.gob.do\/index.php\/blog\/2022\/08\/29\/senasa-deja-inaugurada-nueva-oficina-en-san-juan-de-la-maguana\/#breadcrumb"},"inLanguage":"es","potentialAction":[{"@type":"ReadAction","target":["https:\/\/www.arssenasa.gob.do\/index.php\/blog\/2022\/08\/29\/senasa-deja-inaugurada-nueva-oficina-en-san-juan-de-la-maguana\/"]}]},{"@type":"ImageObject","inLanguage":"es","@id":"https:\/\/www.arssenasa.gob.do\/index.php\/blog\/2022\/08\/29\/senasa-deja-inaugurada-nueva-oficina-en-san-juan-de-la-maguana\/#primaryimage","url":"https:\/\/www.arssenasa.gob.do\/wp-content\/uploads\/2022\/08\/01-1.jpg","contentUrl":"https:\/\/www.arssenasa.gob.do\/wp-content\/uploads\/2022\/08\/01-1.jpg","width":1599,"height":1066,"caption":"Hanobi S\u00e1nchez, Elvira Corpor\u00e1n, Luis Abinader, Santiago Hazim, Tania Montero y Frank Ram\u00edrez"},{"@type":"BreadcrumbList","@id":"https:\/\/www.arssenasa.gob.do\/index.php\/blog\/2022\/08\/29\/senasa-deja-inaugurada-nueva-oficina-en-san-juan-de-la-maguana\/#breadcrumb","itemListElement":[{"@type":"ListItem","position":1,"name":"Inicio","item":"https:\/\/www.arssenasa.gob.do\/"},{"@type":"ListItem","position":2,"name":"SeNaSa deja inaugurada nueva oficina en San Juan de la Maguana"}]},{"@type":"WebSite","@id":"https:\/\/www.arssenasa.gob.do\/#website","url":"https:\/\/www.arssenasa.gob.do\/","name":"ARSSeNaSa","description":"","publisher":{"@id":"https:\/\/www.arssenasa.gob.do\/#organization"},"potentialAction":[{"@type":"SearchAction","target":{"@type":"EntryPoint","urlTemplate":"https:\/\/www.arssenasa.gob.do\/?s={search_term_string}"},"query-input":{"@type":"PropertyValueSpecification","valueRequired":true,"valueName":"search_term_string"}}],"inLanguage":"es"},{"@type":"Organization","@id":"https:\/\/www.arssenasa.gob.do\/#organization","name":"SeNaSa - Seguro Nacional de Salud","url":"https:\/\/www.arssenasa.gob.do\/","logo":{"@type":"ImageObject","inLanguage":"es","@id":"https:\/\/www.arssenasa.gob.do\/#\/schema\/logo\/image\/","url":"https:\/\/www.arssenasa.gob.do\/wp-content\/uploads\/2018\/11\/logo2022.png","contentUrl":"https:\/\/www.arssenasa.gob.do\/wp-content\/uploads\/2018\/11\/logo2022.png","width":310,"height":200,"caption":"SeNaSa - Seguro Nacional de Salud"},"image":{"@id":"https:\/\/www.arssenasa.gob.do\/#\/schema\/logo\/image\/"},"sameAs":["https:\/\/www.facebook.com\/ARSSeNaSaRD","https:\/\/x.com\/arssenasard","https:\/\/www.instagram.com\/arssenasard\/","https:\/\/www.youtube.com\/user\/ARSSeNaSa"]},{"@type":"Person","@id":"https:\/\/www.arssenasa.gob.do\/#\/schema\/person\/b9d6c2c58f44cdecdcdaab7a6f9504c0","name":"SeNaSa","image":{"@type":"ImageObject","inLanguage":"es","@id":"https:\/\/www.arssenasa.gob.do\/#\/schema\/person\/image\/","url":"https:\/\/secure.gravatar.com\/avatar\/3c45125f46520136bb5577344179f8312f2704a1174137df27ae1baa182b5a6e?s=96&d=mm&r=g","contentUrl":"https:\/\/secure.gravatar.com\/avatar\/3c45125f46520136bb5577344179f8312f2704a1174137df27ae1baa182b5a6e?s=96&d=mm&r=g","caption":"SeNaSa"},"url":"https:\/\/www.arssenasa.gob.do\/index.php\/blog\/author\/admin\/"},false]}},"yasr_visitor_votes":{"stars_attributes":{"read_only":false,"span_bottom":false},"number_of_votes":0,"sum_votes":0},"_links":{"self":[{"href":"https:\/\/www.arssenasa.gob.do\/index.php\/wp-json\/wp\/v2\/posts\/14387","targetHints":{"allow":["GET"]}}],"collection":[{"href":"https:\/\/www.arssenasa.gob.do\/index.php\/wp-json\/wp\/v2\/posts"}],"about":[{"href":"https:\/\/www.arssenasa.gob.do\/index.php\/wp-json\/wp\/v2\/types\/post"}],"author":[{"embeddable":true,"href":"https:\/\/www.arssenasa.gob.do\/index.php\/wp-json\/wp\/v2\/users\/3"}],"replies":[{"embeddable":true,"href":"https:\/\/www.arssenasa.gob.do\/index.php\/wp-json\/wp\/v2\/comments?post=14387"}],"version-history":[{"count":1,"href":"https:\/\/www.arssenasa.gob.do\/index.php\/wp-json\/wp\/v2\/posts\/14387\/revisions"}],"predecessor-version":[{"id":14390,"href":"https:\/\/www.arssenasa.gob.do\/index.php\/wp-json\/wp\/v2\/posts\/14387\/revisions\/14390"}],"wp:featuredmedia":[{"embeddable":true,"href":"https:\/\/www.arssenasa.gob.do\/index.php\/wp-json\/wp\/v2\/media\/14388"}],"wp:attachment":[{"href":"https:\/\/www.arssenasa.gob.do\/index.php\/wp-json\/wp\/v2\/media?parent=14387"}],"wp:term":[{"taxonomy":"category","embeddable":true,"href":"https:\/\/www.arssenasa.gob.do\/index.php\/wp-json\/wp\/v2\/categories?post=14387"},{"taxonomy":"post_tag","embeddable":true,"href":"https:\/\/www.arssenasa.gob.do\/index.php\/wp-json\/wp\/v2\/tags?post=14387"}],"curies":[{"name":"wp","href":"https:\/\/api.w.org\/{rel}","templated":true}]}}