{"id":14417,"date":"2022-08-31T08:00:00","date_gmt":"2022-08-31T12:00:00","guid":{"rendered":"https:\/\/www.arssenasa.gob.do\/?p=14417"},"modified":"2022-08-31T03:20:50","modified_gmt":"2022-08-31T07:20:50","slug":"senasa-inaugura-su-cuarta-oficina-de-servicios-en-el-exterior","status":"publish","type":"post","link":"https:\/\/www.arssenasa.gob.do\/index.php\/blog\/2022\/08\/31\/senasa-inaugura-su-cuarta-oficina-de-servicios-en-el-exterior\/","title":{"rendered":"SeNaSa inaugura su cuarta oficina de servicios en el exterior"},"content":{"rendered":"\n<p><strong>Miami, Estados Unidos. \u2013<\/strong> El Seguro Nacional de Salud (SeNaSa) dej\u00f3 inaugurada su oficina de servicios en la ciudad de Miami, para los m\u00e1s de 200 mil dominicanos que residen en esa gran ciudad. La misma est\u00e1 ubicada dentro del Consulado General de la Rep\u00fablica Dominicana en esa naci\u00f3n extranjera.<\/p>\n\n\n\n<p>Esta oficina, la cuarta en los Estados Unidos, se une a las de New York, New Jersey y Philadelphia, donde se ofrecen los servicios de afiliaci\u00f3n, conformaci\u00f3n de n\u00facleos familiares, entrega de carnets e informaci\u00f3n general.<\/p>\n\n\n\n<p>El doctor Santiago Hazim, director ejecutivo de SeNaSa, durante su discurso de apertura destac\u00f3 que desde ya \u201clos ciudadanos que residen en las distintas ciudades en los Estados Unidos cuentan con el respaldo de su Gobierno, el cual es lidereado por el presidente Luis Abinader y la se\u00f1ora vicepresidenta Raquel Pe\u00f1a. Una vez m\u00e1s demostramos con evidencias que estamos trabajando por y para la gente. Hoy ponemos a disposici\u00f3n de todos los dominicanos que residen en Miami los mejores servicios de salud disponibles en la Rep\u00fablica Dominicana\u201d.<\/p>\n\n\n<div class=\"wp-block-image\">\n<figure class=\"aligncenter size-large\"><img fetchpriority=\"high\" decoding=\"async\" width=\"1024\" height=\"819\" src=\"https:\/\/www.arssenasa.gob.do\/wp-content\/uploads\/2022\/08\/Doctor-Santiago-Hazim-durante-su-discurso-1024x819.jpg\" alt=\"Doctor Santiago Hazim durante su discurso\" class=\"wp-image-14423\" srcset=\"https:\/\/www.arssenasa.gob.do\/wp-content\/uploads\/2022\/08\/Doctor-Santiago-Hazim-durante-su-discurso-1024x819.jpg 1024w, https:\/\/www.arssenasa.gob.do\/wp-content\/uploads\/2022\/08\/Doctor-Santiago-Hazim-durante-su-discurso-300x240.jpg 300w, https:\/\/www.arssenasa.gob.do\/wp-content\/uploads\/2022\/08\/Doctor-Santiago-Hazim-durante-su-discurso-768x614.jpg 768w, https:\/\/www.arssenasa.gob.do\/wp-content\/uploads\/2022\/08\/Doctor-Santiago-Hazim-durante-su-discurso.jpg 1280w\" sizes=\"(max-width: 1024px) 100vw, 1024px\" \/><figcaption>Doctor Santiago Hazim durante su discurso<\/figcaption><\/figure>\n<\/div>\n\n\n<p>Explic\u00f3 que un dominicano residente en el extranjero que adquiera el \u201cPlan Larimar\u201d, obtendr\u00e1n acceso a la red de servicios salud m\u00e1s grande de la Rep\u00fablica Dominicana con m\u00e1s de 9 mil prestadores, lo que garantiza a cada uno de ellos el acceso a servicios de la m\u00e1s alta calidad, para ellos, sus dependientes y familiares independientemente de que estos se encuentren en territorio nacional.<\/p>\n\n\n\n<p>El c\u00f3nsul en Miami, Jacobo Fern\u00e1ndez preciso que con esta nueva oficina los conciudadanos tienen garantizado el acceso a los servicios de salud de alta calidad al momento de regresar o visitar su tierra natal.<\/p>\n\n\n\n<p>\u201cUn valioso apoyo a sus afiliados que ofrece el plan Larimar, es la repatriaci\u00f3n de restos, situaci\u00f3n que generaba mucha angustia ante el fallecimiento s\u00fabito de un ser querido. Por lo que la apertura de este punto de servicio de SeNasa, marca un hito sin precedentes para los residentes que ya disponen del acceso a este y otros servicios, sin necesidad de viajar a la Rep\u00fablica Dominicana. Todo esto gracias a la colaboraci\u00f3n del<\/p>\n\n\n\n<p>Consulado General de la Rep\u00fablica Dominicana en Miami, y a la visi\u00f3n del presidente Luis Abinader y el doctor Santiago Hazim en apoyo a la comunidad dominicana en el exterior\u201d, destac\u00f3 Fern\u00e1ndez.<\/p>\n\n\n<div class=\"wp-block-image\">\n<figure class=\"aligncenter size-large\"><img decoding=\"async\" width=\"819\" height=\"1024\" src=\"https:\/\/www.arssenasa.gob.do\/wp-content\/uploads\/2022\/08\/Jacobo-Fernandez-y-Santiago-Hazim-819x1024.jpg\" alt=\"Jacobo Fernandez y Santiago Hazim\" class=\"wp-image-14424\" srcset=\"https:\/\/www.arssenasa.gob.do\/wp-content\/uploads\/2022\/08\/Jacobo-Fernandez-y-Santiago-Hazim-819x1024.jpg 819w, https:\/\/www.arssenasa.gob.do\/wp-content\/uploads\/2022\/08\/Jacobo-Fernandez-y-Santiago-Hazim-240x300.jpg 240w, https:\/\/www.arssenasa.gob.do\/wp-content\/uploads\/2022\/08\/Jacobo-Fernandez-y-Santiago-Hazim-768x960.jpg 768w, https:\/\/www.arssenasa.gob.do\/wp-content\/uploads\/2022\/08\/Jacobo-Fernandez-y-Santiago-Hazim.jpg 1024w\" sizes=\"(max-width: 819px) 100vw, 819px\" \/><figcaption>Jacobo Fernandez y Santiago Hazim<\/figcaption><\/figure>\n<\/div>\n\n\n<h3 class=\"wp-block-heading\">Los beneficios<\/h3>\n\n\n\n<p>El director ejecutivo Santiago Hazim detall\u00f3 que el plan de salud privado SeNaSa Larimar, incluyendo repatriaci\u00f3n, tendr\u00e1 un costo de 35 d\u00f3lares mensuales, lo que es igual a 105 d\u00f3lares trimestrales, 210 d\u00f3lares semestrales y 420 d\u00f3lares al a\u00f1o por afiliado, el cual podr\u00e1 ser adquirido presencialmente en cualquiera de las oficinas dentro de los Estados Unidos, las cuales est\u00e1n abiertas y en funcionamiento para los dominicanos residentes en ese pa\u00eds.<\/p>\n\n\n\n<p>A su vez pueden solicitar el plan a trav\u00e9s de nuestra p\u00e1gina <a href=\"http:\/\/www.arssenasa.gob.do\" target=\"_blank\" rel=\"noreferrer noopener\">www.arssenasa.gob.do<\/a>, con la facilidad de realizar los pagos de este por distintos canales digitales y eligiendo la periodicidad que m\u00e1s sea de su conveniencia.<\/p>\n\n\n\n<p>En este plan cualquier dominicano que resida en el extranjero se puede afiliar sin restricciones de edad<\/p>\n","protected":false},"excerpt":{"rendered":"<p>Miami, Estados Unidos. \u2013 El Seguro Nacional de Salud (SeNaSa) dej\u00f3 inaugurada su oficina de servicios en la ciudad de Miami, para los m\u00e1s de 200 mil dominicanos que residen en esa gran ciudad. La misma est\u00e1 ubicada dentro del Consulado General de la Rep\u00fablica Dominicana en esa naci\u00f3n extranjera. Esta oficina, la cuarta en [&hellip;]<\/p>\n","protected":false},"author":3,"featured_media":14422,"comment_status":"open","ping_status":"open","sticky":false,"template":"","format":"standard","meta":{"inline_featured_image":false,"yasr_overall_rating":0,"yasr_post_is_review":"","yasr_auto_insert_disabled":"","yasr_review_type":"","_glsr_average":0,"_glsr_ranking":0,"_glsr_reviews":0,"footnotes":""},"categories":[13],"tags":[],"class_list":["post-14417","post","type-post","status-publish","format-standard","has-post-thumbnail","hentry","category-noticias"],"yoast_head":"<!-- This site is optimized with the Yoast SEO plugin v26.6 - https:\/\/yoast.com\/wordpress\/plugins\/seo\/ -->\n<title>SeNaSa inaugura su cuarta oficina de servicios en el exterior - ARSSeNaSa<\/title>\n<meta name=\"description\" content=\"%\" \/>\n<meta name=\"robots\" content=\"index, follow, max-snippet:-1, max-image-preview:large, max-video-preview:-1\" \/>\n<link rel=\"canonical\" href=\"https:\/\/www.arssenasa.gob.do\/index.php\/blog\/2022\/08\/31\/senasa-inaugura-su-cuarta-oficina-de-servicios-en-el-exterior\/\" \/>\n<meta property=\"og:locale\" content=\"es_ES\" \/>\n<meta property=\"og:type\" content=\"article\" \/>\n<meta property=\"og:title\" content=\"SeNaSa inaugura su cuarta oficina de servicios en el exterior - ARSSeNaSa\" \/>\n<meta property=\"og:description\" content=\"%\" \/>\n<meta property=\"og:url\" content=\"https:\/\/www.arssenasa.gob.do\/index.php\/blog\/2022\/08\/31\/senasa-inaugura-su-cuarta-oficina-de-servicios-en-el-exterior\/\" \/>\n<meta property=\"og:site_name\" content=\"ARSSeNaSa\" \/>\n<meta property=\"article:publisher\" content=\"https:\/\/www.facebook.com\/ARSSeNaSaRD\" \/>\n<meta property=\"article:published_time\" content=\"2022-08-31T12:00:00+00:00\" \/>\n<meta property=\"og:image\" content=\"https:\/\/www.arssenasa.gob.do\/wp-content\/uploads\/2022\/08\/Corte-del-Liston.jpg\" \/>\n\t<meta property=\"og:image:width\" content=\"1280\" \/>\n\t<meta property=\"og:image:height\" content=\"719\" \/>\n\t<meta property=\"og:image:type\" content=\"image\/jpeg\" \/>\n<meta name=\"author\" content=\"SeNaSa\" \/>\n<meta name=\"twitter:card\" content=\"summary_large_image\" \/>\n<meta name=\"twitter:creator\" content=\"@arssenasard\" \/>\n<meta name=\"twitter:site\" content=\"@arssenasard\" \/>\n<meta name=\"twitter:label1\" content=\"Written by\" \/>\n\t<meta name=\"twitter:data1\" content=\"SeNaSa\" \/>\n\t<meta name=\"twitter:label2\" content=\"Est. reading time\" \/>\n\t<meta name=\"twitter:data2\" content=\"3 minutos\" \/>\n<script type=\"application\/ld+json\" class=\"yoast-schema-graph\">{\"@context\":\"https:\/\/schema.org\",\"@graph\":[{\"@type\":\"Article\",\"@id\":\"https:\/\/www.arssenasa.gob.do\/index.php\/blog\/2022\/08\/31\/senasa-inaugura-su-cuarta-oficina-de-servicios-en-el-exterior\/#article\",\"isPartOf\":{\"@id\":\"https:\/\/www.arssenasa.gob.do\/index.php\/blog\/2022\/08\/31\/senasa-inaugura-su-cuarta-oficina-de-servicios-en-el-exterior\/\"},\"author\":{\"name\":\"SeNaSa\",\"@id\":\"https:\/\/www.arssenasa.gob.do\/#\/schema\/person\/b9d6c2c58f44cdecdcdaab7a6f9504c0\"},\"headline\":\"SeNaSa inaugura su cuarta oficina de servicios en el exterior\",\"datePublished\":\"2022-08-31T12:00:00+00:00\",\"mainEntityOfPage\":{\"@id\":\"https:\/\/www.arssenasa.gob.do\/index.php\/blog\/2022\/08\/31\/senasa-inaugura-su-cuarta-oficina-de-servicios-en-el-exterior\/\"},\"wordCount\":560,\"commentCount\":0,\"publisher\":{\"@id\":\"https:\/\/www.arssenasa.gob.do\/#organization\"},\"image\":{\"@id\":\"https:\/\/www.arssenasa.gob.do\/index.php\/blog\/2022\/08\/31\/senasa-inaugura-su-cuarta-oficina-de-servicios-en-el-exterior\/#primaryimage\"},\"thumbnailUrl\":\"https:\/\/www.arssenasa.gob.do\/wp-content\/uploads\/2022\/08\/Corte-del-Liston.jpg\",\"articleSection\":[\"Noticias\"],\"inLanguage\":\"es\",\"potentialAction\":[{\"@type\":\"CommentAction\",\"name\":\"Comment\",\"target\":[\"https:\/\/www.arssenasa.gob.do\/index.php\/blog\/2022\/08\/31\/senasa-inaugura-su-cuarta-oficina-de-servicios-en-el-exterior\/#respond\"]}]},{\"@type\":\"WebPage\",\"@id\":\"https:\/\/www.arssenasa.gob.do\/index.php\/blog\/2022\/08\/31\/senasa-inaugura-su-cuarta-oficina-de-servicios-en-el-exterior\/\",\"url\":\"https:\/\/www.arssenasa.gob.do\/index.php\/blog\/2022\/08\/31\/senasa-inaugura-su-cuarta-oficina-de-servicios-en-el-exterior\/\",\"name\":\"SeNaSa inaugura su cuarta oficina de servicios en el exterior - ARSSeNaSa\",\"isPartOf\":{\"@id\":\"https:\/\/www.arssenasa.gob.do\/#website\"},\"primaryImageOfPage\":{\"@id\":\"https:\/\/www.arssenasa.gob.do\/index.php\/blog\/2022\/08\/31\/senasa-inaugura-su-cuarta-oficina-de-servicios-en-el-exterior\/#primaryimage\"},\"image\":{\"@id\":\"https:\/\/www.arssenasa.gob.do\/index.php\/blog\/2022\/08\/31\/senasa-inaugura-su-cuarta-oficina-de-servicios-en-el-exterior\/#primaryimage\"},\"thumbnailUrl\":\"https:\/\/www.arssenasa.gob.do\/wp-content\/uploads\/2022\/08\/Corte-del-Liston.jpg\",\"datePublished\":\"2022-08-31T12:00:00+00:00\",\"description\":\"%\",\"breadcrumb\":{\"@id\":\"https:\/\/www.arssenasa.gob.do\/index.php\/blog\/2022\/08\/31\/senasa-inaugura-su-cuarta-oficina-de-servicios-en-el-exterior\/#breadcrumb\"},\"inLanguage\":\"es\",\"potentialAction\":[{\"@type\":\"ReadAction\",\"target\":[\"https:\/\/www.arssenasa.gob.do\/index.php\/blog\/2022\/08\/31\/senasa-inaugura-su-cuarta-oficina-de-servicios-en-el-exterior\/\"]}]},{\"@type\":\"ImageObject\",\"inLanguage\":\"es\",\"@id\":\"https:\/\/www.arssenasa.gob.do\/index.php\/blog\/2022\/08\/31\/senasa-inaugura-su-cuarta-oficina-de-servicios-en-el-exterior\/#primaryimage\",\"url\":\"https:\/\/www.arssenasa.gob.do\/wp-content\/uploads\/2022\/08\/Corte-del-Liston.jpg\",\"contentUrl\":\"https:\/\/www.arssenasa.gob.do\/wp-content\/uploads\/2022\/08\/Corte-del-Liston.jpg\",\"width\":1280,\"height\":719,\"caption\":\"Corte del List\u00f3n\"},{\"@type\":\"BreadcrumbList\",\"@id\":\"https:\/\/www.arssenasa.gob.do\/index.php\/blog\/2022\/08\/31\/senasa-inaugura-su-cuarta-oficina-de-servicios-en-el-exterior\/#breadcrumb\",\"itemListElement\":[{\"@type\":\"ListItem\",\"position\":1,\"name\":\"Inicio\",\"item\":\"https:\/\/www.arssenasa.gob.do\/\"},{\"@type\":\"ListItem\",\"position\":2,\"name\":\"SeNaSa inaugura su cuarta oficina de servicios en el exterior\"}]},{\"@type\":\"WebSite\",\"@id\":\"https:\/\/www.arssenasa.gob.do\/#website\",\"url\":\"https:\/\/www.arssenasa.gob.do\/\",\"name\":\"ARSSeNaSa\",\"description\":\"\",\"publisher\":{\"@id\":\"https:\/\/www.arssenasa.gob.do\/#organization\"},\"potentialAction\":[{\"@type\":\"SearchAction\",\"target\":{\"@type\":\"EntryPoint\",\"urlTemplate\":\"https:\/\/www.arssenasa.gob.do\/?s={search_term_string}\"},\"query-input\":{\"@type\":\"PropertyValueSpecification\",\"valueRequired\":true,\"valueName\":\"search_term_string\"}}],\"inLanguage\":\"es\"},{\"@type\":\"Organization\",\"@id\":\"https:\/\/www.arssenasa.gob.do\/#organization\",\"name\":\"SeNaSa - Seguro Nacional de Salud\",\"url\":\"https:\/\/www.arssenasa.gob.do\/\",\"logo\":{\"@type\":\"ImageObject\",\"inLanguage\":\"es\",\"@id\":\"https:\/\/www.arssenasa.gob.do\/#\/schema\/logo\/image\/\",\"url\":\"https:\/\/www.arssenasa.gob.do\/wp-content\/uploads\/2018\/11\/logo2022.png\",\"contentUrl\":\"https:\/\/www.arssenasa.gob.do\/wp-content\/uploads\/2018\/11\/logo2022.png\",\"width\":310,\"height\":200,\"caption\":\"SeNaSa - Seguro Nacional de Salud\"},\"image\":{\"@id\":\"https:\/\/www.arssenasa.gob.do\/#\/schema\/logo\/image\/\"},\"sameAs\":[\"https:\/\/www.facebook.com\/ARSSeNaSaRD\",\"https:\/\/x.com\/arssenasard\",\"https:\/\/www.instagram.com\/arssenasard\/\",\"https:\/\/www.youtube.com\/user\/ARSSeNaSa\"]},{\"@type\":\"Person\",\"@id\":\"https:\/\/www.arssenasa.gob.do\/#\/schema\/person\/b9d6c2c58f44cdecdcdaab7a6f9504c0\",\"name\":\"SeNaSa\",\"image\":{\"@type\":\"ImageObject\",\"inLanguage\":\"es\",\"@id\":\"https:\/\/www.arssenasa.gob.do\/#\/schema\/person\/image\/\",\"url\":\"https:\/\/secure.gravatar.com\/avatar\/3c45125f46520136bb5577344179f8312f2704a1174137df27ae1baa182b5a6e?s=96&d=mm&r=g\",\"contentUrl\":\"https:\/\/secure.gravatar.com\/avatar\/3c45125f46520136bb5577344179f8312f2704a1174137df27ae1baa182b5a6e?s=96&d=mm&r=g\",\"caption\":\"SeNaSa\"},\"url\":\"https:\/\/www.arssenasa.gob.do\/index.php\/blog\/author\/admin\/\"},false]}<\/script>\n<!-- \/ Yoast SEO plugin. -->","yoast_head_json":{"title":"SeNaSa inaugura su cuarta oficina de servicios en el exterior - ARSSeNaSa","description":"%","robots":{"index":"index","follow":"follow","max-snippet":"max-snippet:-1","max-image-preview":"max-image-preview:large","max-video-preview":"max-video-preview:-1"},"canonical":"https:\/\/www.arssenasa.gob.do\/index.php\/blog\/2022\/08\/31\/senasa-inaugura-su-cuarta-oficina-de-servicios-en-el-exterior\/","og_locale":"es_ES","og_type":"article","og_title":"SeNaSa inaugura su cuarta oficina de servicios en el exterior - ARSSeNaSa","og_description":"%","og_url":"https:\/\/www.arssenasa.gob.do\/index.php\/blog\/2022\/08\/31\/senasa-inaugura-su-cuarta-oficina-de-servicios-en-el-exterior\/","og_site_name":"ARSSeNaSa","article_publisher":"https:\/\/www.facebook.com\/ARSSeNaSaRD","article_published_time":"2022-08-31T12:00:00+00:00","og_image":[{"width":1280,"height":719,"url":"https:\/\/www.arssenasa.gob.do\/wp-content\/uploads\/2022\/08\/Corte-del-Liston.jpg","type":"image\/jpeg"}],"author":"SeNaSa","twitter_card":"summary_large_image","twitter_creator":"@arssenasard","twitter_site":"@arssenasard","twitter_misc":{"Written by":"SeNaSa","Est. reading time":"3 minutos"},"schema":{"@context":"https:\/\/schema.org","@graph":[{"@type":"Article","@id":"https:\/\/www.arssenasa.gob.do\/index.php\/blog\/2022\/08\/31\/senasa-inaugura-su-cuarta-oficina-de-servicios-en-el-exterior\/#article","isPartOf":{"@id":"https:\/\/www.arssenasa.gob.do\/index.php\/blog\/2022\/08\/31\/senasa-inaugura-su-cuarta-oficina-de-servicios-en-el-exterior\/"},"author":{"name":"SeNaSa","@id":"https:\/\/www.arssenasa.gob.do\/#\/schema\/person\/b9d6c2c58f44cdecdcdaab7a6f9504c0"},"headline":"SeNaSa inaugura su cuarta oficina de servicios en el exterior","datePublished":"2022-08-31T12:00:00+00:00","mainEntityOfPage":{"@id":"https:\/\/www.arssenasa.gob.do\/index.php\/blog\/2022\/08\/31\/senasa-inaugura-su-cuarta-oficina-de-servicios-en-el-exterior\/"},"wordCount":560,"commentCount":0,"publisher":{"@id":"https:\/\/www.arssenasa.gob.do\/#organization"},"image":{"@id":"https:\/\/www.arssenasa.gob.do\/index.php\/blog\/2022\/08\/31\/senasa-inaugura-su-cuarta-oficina-de-servicios-en-el-exterior\/#primaryimage"},"thumbnailUrl":"https:\/\/www.arssenasa.gob.do\/wp-content\/uploads\/2022\/08\/Corte-del-Liston.jpg","articleSection":["Noticias"],"inLanguage":"es","potentialAction":[{"@type":"CommentAction","name":"Comment","target":["https:\/\/www.arssenasa.gob.do\/index.php\/blog\/2022\/08\/31\/senasa-inaugura-su-cuarta-oficina-de-servicios-en-el-exterior\/#respond"]}]},{"@type":"WebPage","@id":"https:\/\/www.arssenasa.gob.do\/index.php\/blog\/2022\/08\/31\/senasa-inaugura-su-cuarta-oficina-de-servicios-en-el-exterior\/","url":"https:\/\/www.arssenasa.gob.do\/index.php\/blog\/2022\/08\/31\/senasa-inaugura-su-cuarta-oficina-de-servicios-en-el-exterior\/","name":"SeNaSa inaugura su cuarta oficina de servicios en el exterior - ARSSeNaSa","isPartOf":{"@id":"https:\/\/www.arssenasa.gob.do\/#website"},"primaryImageOfPage":{"@id":"https:\/\/www.arssenasa.gob.do\/index.php\/blog\/2022\/08\/31\/senasa-inaugura-su-cuarta-oficina-de-servicios-en-el-exterior\/#primaryimage"},"image":{"@id":"https:\/\/www.arssenasa.gob.do\/index.php\/blog\/2022\/08\/31\/senasa-inaugura-su-cuarta-oficina-de-servicios-en-el-exterior\/#primaryimage"},"thumbnailUrl":"https:\/\/www.arssenasa.gob.do\/wp-content\/uploads\/2022\/08\/Corte-del-Liston.jpg","datePublished":"2022-08-31T12:00:00+00:00","description":"%","breadcrumb":{"@id":"https:\/\/www.arssenasa.gob.do\/index.php\/blog\/2022\/08\/31\/senasa-inaugura-su-cuarta-oficina-de-servicios-en-el-exterior\/#breadcrumb"},"inLanguage":"es","potentialAction":[{"@type":"ReadAction","target":["https:\/\/www.arssenasa.gob.do\/index.php\/blog\/2022\/08\/31\/senasa-inaugura-su-cuarta-oficina-de-servicios-en-el-exterior\/"]}]},{"@type":"ImageObject","inLanguage":"es","@id":"https:\/\/www.arssenasa.gob.do\/index.php\/blog\/2022\/08\/31\/senasa-inaugura-su-cuarta-oficina-de-servicios-en-el-exterior\/#primaryimage","url":"https:\/\/www.arssenasa.gob.do\/wp-content\/uploads\/2022\/08\/Corte-del-Liston.jpg","contentUrl":"https:\/\/www.arssenasa.gob.do\/wp-content\/uploads\/2022\/08\/Corte-del-Liston.jpg","width":1280,"height":719,"caption":"Corte del List\u00f3n"},{"@type":"BreadcrumbList","@id":"https:\/\/www.arssenasa.gob.do\/index.php\/blog\/2022\/08\/31\/senasa-inaugura-su-cuarta-oficina-de-servicios-en-el-exterior\/#breadcrumb","itemListElement":[{"@type":"ListItem","position":1,"name":"Inicio","item":"https:\/\/www.arssenasa.gob.do\/"},{"@type":"ListItem","position":2,"name":"SeNaSa inaugura su cuarta oficina de servicios en el exterior"}]},{"@type":"WebSite","@id":"https:\/\/www.arssenasa.gob.do\/#website","url":"https:\/\/www.arssenasa.gob.do\/","name":"ARSSeNaSa","description":"","publisher":{"@id":"https:\/\/www.arssenasa.gob.do\/#organization"},"potentialAction":[{"@type":"SearchAction","target":{"@type":"EntryPoint","urlTemplate":"https:\/\/www.arssenasa.gob.do\/?s={search_term_string}"},"query-input":{"@type":"PropertyValueSpecification","valueRequired":true,"valueName":"search_term_string"}}],"inLanguage":"es"},{"@type":"Organization","@id":"https:\/\/www.arssenasa.gob.do\/#organization","name":"SeNaSa - Seguro Nacional de Salud","url":"https:\/\/www.arssenasa.gob.do\/","logo":{"@type":"ImageObject","inLanguage":"es","@id":"https:\/\/www.arssenasa.gob.do\/#\/schema\/logo\/image\/","url":"https:\/\/www.arssenasa.gob.do\/wp-content\/uploads\/2018\/11\/logo2022.png","contentUrl":"https:\/\/www.arssenasa.gob.do\/wp-content\/uploads\/2018\/11\/logo2022.png","width":310,"height":200,"caption":"SeNaSa - Seguro Nacional de Salud"},"image":{"@id":"https:\/\/www.arssenasa.gob.do\/#\/schema\/logo\/image\/"},"sameAs":["https:\/\/www.facebook.com\/ARSSeNaSaRD","https:\/\/x.com\/arssenasard","https:\/\/www.instagram.com\/arssenasard\/","https:\/\/www.youtube.com\/user\/ARSSeNaSa"]},{"@type":"Person","@id":"https:\/\/www.arssenasa.gob.do\/#\/schema\/person\/b9d6c2c58f44cdecdcdaab7a6f9504c0","name":"SeNaSa","image":{"@type":"ImageObject","inLanguage":"es","@id":"https:\/\/www.arssenasa.gob.do\/#\/schema\/person\/image\/","url":"https:\/\/secure.gravatar.com\/avatar\/3c45125f46520136bb5577344179f8312f2704a1174137df27ae1baa182b5a6e?s=96&d=mm&r=g","contentUrl":"https:\/\/secure.gravatar.com\/avatar\/3c45125f46520136bb5577344179f8312f2704a1174137df27ae1baa182b5a6e?s=96&d=mm&r=g","caption":"SeNaSa"},"url":"https:\/\/www.arssenasa.gob.do\/index.php\/blog\/author\/admin\/"},false]}},"yasr_visitor_votes":{"stars_attributes":{"read_only":false,"span_bottom":false},"number_of_votes":0,"sum_votes":0},"_links":{"self":[{"href":"https:\/\/www.arssenasa.gob.do\/index.php\/wp-json\/wp\/v2\/posts\/14417","targetHints":{"allow":["GET"]}}],"collection":[{"href":"https:\/\/www.arssenasa.gob.do\/index.php\/wp-json\/wp\/v2\/posts"}],"about":[{"href":"https:\/\/www.arssenasa.gob.do\/index.php\/wp-json\/wp\/v2\/types\/post"}],"author":[{"embeddable":true,"href":"https:\/\/www.arssenasa.gob.do\/index.php\/wp-json\/wp\/v2\/users\/3"}],"replies":[{"embeddable":true,"href":"https:\/\/www.arssenasa.gob.do\/index.php\/wp-json\/wp\/v2\/comments?post=14417"}],"version-history":[{"count":1,"href":"https:\/\/www.arssenasa.gob.do\/index.php\/wp-json\/wp\/v2\/posts\/14417\/revisions"}],"predecessor-version":[{"id":14425,"href":"https:\/\/www.arssenasa.gob.do\/index.php\/wp-json\/wp\/v2\/posts\/14417\/revisions\/14425"}],"wp:featuredmedia":[{"embeddable":true,"href":"https:\/\/www.arssenasa.gob.do\/index.php\/wp-json\/wp\/v2\/media\/14422"}],"wp:attachment":[{"href":"https:\/\/www.arssenasa.gob.do\/index.php\/wp-json\/wp\/v2\/media?parent=14417"}],"wp:term":[{"taxonomy":"category","embeddable":true,"href":"https:\/\/www.arssenasa.gob.do\/index.php\/wp-json\/wp\/v2\/categories?post=14417"},{"taxonomy":"post_tag","embeddable":true,"href":"https:\/\/www.arssenasa.gob.do\/index.php\/wp-json\/wp\/v2\/tags?post=14417"}],"curies":[{"name":"wp","href":"https:\/\/api.w.org\/{rel}","templated":true}]}}