{"id":14430,"date":"2022-09-05T12:15:27","date_gmt":"2022-09-05T16:15:27","guid":{"rendered":"https:\/\/www.arssenasa.gob.do\/?p=14430"},"modified":"2022-09-05T12:15:28","modified_gmt":"2022-09-05T16:15:28","slug":"senasa-invita-a-incluir-a-los-dependientes-del-regimen-contributivo-que-alcanzaran-mayoria-de-edad-en-los-proximos-meses","status":"publish","type":"post","link":"https:\/\/www.arssenasa.gob.do\/index.php\/blog\/2022\/09\/05\/senasa-invita-a-incluir-a-los-dependientes-del-regimen-contributivo-que-alcanzaran-mayoria-de-edad-en-los-proximos-meses\/","title":{"rendered":"SeNaSa invita a incluir a los dependientes del R\u00e9gimen Contributivo que alcanzar\u00e1n mayor\u00eda de edad en los pr\u00f3ximos meses"},"content":{"rendered":"\n<p><strong>Santo Domingo. \u2013<\/strong> El Seguro Nacional de Salud (SeNaSa) invit\u00f3 a los titulares que tienen dependientes que han alcanzado y que est\u00e1n pr\u00f3ximos a alcanzar la mayor\u00eda de edad, en el R\u00e9gimen Contributivo del Seguro Familiar de Salud, a incluirlos sin costo adicional, hasta cumplir la edad de 21 a\u00f1os.<\/p>\n\n\n\n<p>\u201cCerca de 10,423 j\u00f3venes (dependientes) est\u00e1n a punto de cumplir los 18 a\u00f1os en los pr\u00f3ximos meses por lo que estamos solicitando a los titulares que verifiquen el estatus de sus dependientes a fin de que puedan conservarlos dentro de su n\u00facleo familiar, es decir, conservar su seguro de salud\u201d, indic\u00f3 el coordinador del Gabinete Gerencial de Salud doctor Gustavo Guilamo, al hablar en representaci\u00f3n del Santiago Hazim, director ejecutivo de SeNaSa.<\/p>\n\n\n\n<p>Resalt\u00f3 que m\u00e1s de 600 afiliados es la cantidad proyectada que alcanzar\u00eda la mayor\u00eda de edad solo de Polic\u00eda Nacional en este \u00faltimo cuatrimestre del a\u00f1o, \u201cde ah\u00ed la importancia de que los titulares que tienen dependientes regularicen su estatus\u201d.<\/p>\n\n\n\n<p>El coordinador del Gabinete Gerencial de Salud destac\u00f3 que la ley 87-01, que crea el Sistema Dominicano de la Seguridad Social, en su art\u00edculo 123 sobre los beneficios de los afiliados en el R\u00e9gimen Contributivo establece que los hijos menores de 18 a\u00f1os ser\u00e1n beneficiados del Seguro Familiar de Salud. &nbsp;Y aquellos que ya pasan esa edad, mientras sean estudiantes podr\u00e1n continuar con su cobertura de salud hasta los 21, siempre y cuando agoten el proceso que se am\u00e9rita en estos casos.<\/p>\n\n\n\n<p>Precis\u00f3 que en el caso de que ya tengan 21 a\u00f1os o m\u00e1s, y todav\u00eda no hayan empezado a laborar y dependan econ\u00f3micamente del titular, este puede realizar un aporte adicional con el cual garantiza su cobertura.<\/p>\n\n\n\n<p>Explic\u00f3 que, para aquellos dependientes de 18 a 20 a\u00f1os, solo se requiere una copia del acta de nacimiento, copia de la c\u00e9dula y una constancia de estudio correspondiente al periodo actual, en idioma espa\u00f1ol.<\/p>\n\n\n\n<p>En caso de personas (dependiente) con discapacidad, se debe enviar un certificado por parte del Consejo Nacional de la Discapacidad (CONADIS) o de un especialista, que valide su condici\u00f3n. Esta documentaci\u00f3n se puede enviar por v\u00eda del correo electr\u00f3nico identificado como documentos@arssenasa.gob.do, escribirnos por v\u00eda del WhatsApps 809-284-5399 y en \u00faltima instancia pueden llevarlo directamente a una de nuestras oficinas.<\/p>\n\n\n\n<p>Al d\u00eda de hoy el Seguro Nacional de Salud en el R\u00e9gimen Contributivo, tiene 1 mill\u00f3n 411 mil 290 afiliados, \u201cestad\u00edsticas que nos coloca como el n\u00famero uno\u201d.<\/p>\n\n\n\n<h3 class=\"wp-block-heading\">Sobre la instituci\u00f3n<\/h3>\n\n\n\n<p>El Seguro Nacional de Salud (SeNaSa) surge con la promulgaci\u00f3n de la ley 87-01, que crea el Sistema Dominicano de Seguridad Social. En esta Ley se establece que SeNaSa es la instituci\u00f3n p\u00fablica aut\u00f3noma y descentralizada responsable de la administraci\u00f3n de riesgos de salud de los afiliados subsidiados, contributivos y contributivo-subsidiados del sector p\u00fablico y de los contributivos del sector privado que la escojan voluntariamente.<\/p>\n","protected":false},"excerpt":{"rendered":"<p>Santo Domingo. \u2013 El Seguro Nacional de Salud (SeNaSa) invit\u00f3 a los titulares que tienen dependientes que han alcanzado y que est\u00e1n pr\u00f3ximos a alcanzar la mayor\u00eda de edad, en el R\u00e9gimen Contributivo del Seguro Familiar de Salud, a incluirlos sin costo adicional, hasta cumplir la edad de 21 a\u00f1os. \u201cCerca de 10,423 j\u00f3venes (dependientes) [&hellip;]<\/p>\n","protected":false},"author":3,"featured_media":14431,"comment_status":"open","ping_status":"open","sticky":false,"template":"","format":"standard","meta":{"inline_featured_image":false,"yasr_overall_rating":0,"yasr_post_is_review":"","yasr_auto_insert_disabled":"","yasr_review_type":"","_glsr_average":0,"_glsr_ranking":0,"_glsr_reviews":0,"footnotes":""},"categories":[13],"tags":[],"class_list":["post-14430","post","type-post","status-publish","format-standard","has-post-thumbnail","hentry","category-noticias"],"yoast_head":"<!-- This site is optimized with the Yoast SEO plugin v26.6 - https:\/\/yoast.com\/wordpress\/plugins\/seo\/ -->\n<title>SeNaSa invita a incluir a los dependientes del R\u00e9gimen Contributivo que alcanzar\u00e1n mayor\u00eda de edad en los pr\u00f3ximos meses - ARSSeNaSa<\/title>\n<meta name=\"description\" content=\"%\" \/>\n<meta name=\"robots\" content=\"index, follow, max-snippet:-1, max-image-preview:large, max-video-preview:-1\" \/>\n<link rel=\"canonical\" href=\"https:\/\/www.arssenasa.gob.do\/index.php\/blog\/2022\/09\/05\/senasa-invita-a-incluir-a-los-dependientes-del-regimen-contributivo-que-alcanzaran-mayoria-de-edad-en-los-proximos-meses\/\" \/>\n<meta property=\"og:locale\" content=\"es_ES\" \/>\n<meta property=\"og:type\" content=\"article\" \/>\n<meta property=\"og:title\" content=\"SeNaSa invita a incluir a los dependientes del R\u00e9gimen Contributivo que alcanzar\u00e1n mayor\u00eda de edad en los pr\u00f3ximos meses - ARSSeNaSa\" \/>\n<meta property=\"og:description\" content=\"%\" \/>\n<meta property=\"og:url\" content=\"https:\/\/www.arssenasa.gob.do\/index.php\/blog\/2022\/09\/05\/senasa-invita-a-incluir-a-los-dependientes-del-regimen-contributivo-que-alcanzaran-mayoria-de-edad-en-los-proximos-meses\/\" \/>\n<meta property=\"og:site_name\" content=\"ARSSeNaSa\" \/>\n<meta property=\"article:publisher\" content=\"https:\/\/www.facebook.com\/ARSSeNaSaRD\" \/>\n<meta property=\"article:published_time\" content=\"2022-09-05T16:15:27+00:00\" \/>\n<meta property=\"article:modified_time\" content=\"2022-09-05T16:15:28+00:00\" \/>\n<meta property=\"og:image\" content=\"https:\/\/www.arssenasa.gob.do\/wp-content\/uploads\/2022\/09\/WhatsApp-Image-2022-09-02-at-16.31.33.jpeg\" \/>\n\t<meta property=\"og:image:width\" content=\"1032\" \/>\n\t<meta property=\"og:image:height\" content=\"688\" \/>\n\t<meta property=\"og:image:type\" content=\"image\/jpeg\" \/>\n<meta name=\"author\" content=\"SeNaSa\" \/>\n<meta name=\"twitter:card\" content=\"summary_large_image\" \/>\n<meta name=\"twitter:creator\" content=\"@arssenasard\" \/>\n<meta name=\"twitter:site\" content=\"@arssenasard\" \/>\n<meta name=\"twitter:label1\" content=\"Written by\" \/>\n\t<meta name=\"twitter:data1\" content=\"SeNaSa\" \/>\n\t<meta name=\"twitter:label2\" content=\"Est. reading time\" \/>\n\t<meta name=\"twitter:data2\" content=\"3 minutos\" \/>\n<script type=\"application\/ld+json\" class=\"yoast-schema-graph\">{\"@context\":\"https:\/\/schema.org\",\"@graph\":[{\"@type\":\"Article\",\"@id\":\"https:\/\/www.arssenasa.gob.do\/index.php\/blog\/2022\/09\/05\/senasa-invita-a-incluir-a-los-dependientes-del-regimen-contributivo-que-alcanzaran-mayoria-de-edad-en-los-proximos-meses\/#article\",\"isPartOf\":{\"@id\":\"https:\/\/www.arssenasa.gob.do\/index.php\/blog\/2022\/09\/05\/senasa-invita-a-incluir-a-los-dependientes-del-regimen-contributivo-que-alcanzaran-mayoria-de-edad-en-los-proximos-meses\/\"},\"author\":{\"name\":\"SeNaSa\",\"@id\":\"https:\/\/www.arssenasa.gob.do\/#\/schema\/person\/b9d6c2c58f44cdecdcdaab7a6f9504c0\"},\"headline\":\"SeNaSa invita a incluir a los dependientes del R\u00e9gimen Contributivo que alcanzar\u00e1n mayor\u00eda de edad en los pr\u00f3ximos meses\",\"datePublished\":\"2022-09-05T16:15:27+00:00\",\"dateModified\":\"2022-09-05T16:15:28+00:00\",\"mainEntityOfPage\":{\"@id\":\"https:\/\/www.arssenasa.gob.do\/index.php\/blog\/2022\/09\/05\/senasa-invita-a-incluir-a-los-dependientes-del-regimen-contributivo-que-alcanzaran-mayoria-de-edad-en-los-proximos-meses\/\"},\"wordCount\":532,\"commentCount\":0,\"publisher\":{\"@id\":\"https:\/\/www.arssenasa.gob.do\/#organization\"},\"image\":{\"@id\":\"https:\/\/www.arssenasa.gob.do\/index.php\/blog\/2022\/09\/05\/senasa-invita-a-incluir-a-los-dependientes-del-regimen-contributivo-que-alcanzaran-mayoria-de-edad-en-los-proximos-meses\/#primaryimage\"},\"thumbnailUrl\":\"https:\/\/www.arssenasa.gob.do\/wp-content\/uploads\/2022\/09\/WhatsApp-Image-2022-09-02-at-16.31.33.jpeg\",\"articleSection\":[\"Noticias\"],\"inLanguage\":\"es\",\"potentialAction\":[{\"@type\":\"CommentAction\",\"name\":\"Comment\",\"target\":[\"https:\/\/www.arssenasa.gob.do\/index.php\/blog\/2022\/09\/05\/senasa-invita-a-incluir-a-los-dependientes-del-regimen-contributivo-que-alcanzaran-mayoria-de-edad-en-los-proximos-meses\/#respond\"]}]},{\"@type\":\"WebPage\",\"@id\":\"https:\/\/www.arssenasa.gob.do\/index.php\/blog\/2022\/09\/05\/senasa-invita-a-incluir-a-los-dependientes-del-regimen-contributivo-que-alcanzaran-mayoria-de-edad-en-los-proximos-meses\/\",\"url\":\"https:\/\/www.arssenasa.gob.do\/index.php\/blog\/2022\/09\/05\/senasa-invita-a-incluir-a-los-dependientes-del-regimen-contributivo-que-alcanzaran-mayoria-de-edad-en-los-proximos-meses\/\",\"name\":\"SeNaSa invita a incluir a los dependientes del R\u00e9gimen Contributivo que alcanzar\u00e1n mayor\u00eda de edad en los pr\u00f3ximos meses - ARSSeNaSa\",\"isPartOf\":{\"@id\":\"https:\/\/www.arssenasa.gob.do\/#website\"},\"primaryImageOfPage\":{\"@id\":\"https:\/\/www.arssenasa.gob.do\/index.php\/blog\/2022\/09\/05\/senasa-invita-a-incluir-a-los-dependientes-del-regimen-contributivo-que-alcanzaran-mayoria-de-edad-en-los-proximos-meses\/#primaryimage\"},\"image\":{\"@id\":\"https:\/\/www.arssenasa.gob.do\/index.php\/blog\/2022\/09\/05\/senasa-invita-a-incluir-a-los-dependientes-del-regimen-contributivo-que-alcanzaran-mayoria-de-edad-en-los-proximos-meses\/#primaryimage\"},\"thumbnailUrl\":\"https:\/\/www.arssenasa.gob.do\/wp-content\/uploads\/2022\/09\/WhatsApp-Image-2022-09-02-at-16.31.33.jpeg\",\"datePublished\":\"2022-09-05T16:15:27+00:00\",\"dateModified\":\"2022-09-05T16:15:28+00:00\",\"description\":\"%\",\"breadcrumb\":{\"@id\":\"https:\/\/www.arssenasa.gob.do\/index.php\/blog\/2022\/09\/05\/senasa-invita-a-incluir-a-los-dependientes-del-regimen-contributivo-que-alcanzaran-mayoria-de-edad-en-los-proximos-meses\/#breadcrumb\"},\"inLanguage\":\"es\",\"potentialAction\":[{\"@type\":\"ReadAction\",\"target\":[\"https:\/\/www.arssenasa.gob.do\/index.php\/blog\/2022\/09\/05\/senasa-invita-a-incluir-a-los-dependientes-del-regimen-contributivo-que-alcanzaran-mayoria-de-edad-en-los-proximos-meses\/\"]}]},{\"@type\":\"ImageObject\",\"inLanguage\":\"es\",\"@id\":\"https:\/\/www.arssenasa.gob.do\/index.php\/blog\/2022\/09\/05\/senasa-invita-a-incluir-a-los-dependientes-del-regimen-contributivo-que-alcanzaran-mayoria-de-edad-en-los-proximos-meses\/#primaryimage\",\"url\":\"https:\/\/www.arssenasa.gob.do\/wp-content\/uploads\/2022\/09\/WhatsApp-Image-2022-09-02-at-16.31.33.jpeg\",\"contentUrl\":\"https:\/\/www.arssenasa.gob.do\/wp-content\/uploads\/2022\/09\/WhatsApp-Image-2022-09-02-at-16.31.33.jpeg\",\"width\":1032,\"height\":688,\"caption\":\"SeNaSa invita a incluir a los dependientes del R\u00e9gimen Contributivo que alcanzar\u00e1n mayor\u00eda de edad en los pr\u00f3ximos meses\"},{\"@type\":\"BreadcrumbList\",\"@id\":\"https:\/\/www.arssenasa.gob.do\/index.php\/blog\/2022\/09\/05\/senasa-invita-a-incluir-a-los-dependientes-del-regimen-contributivo-que-alcanzaran-mayoria-de-edad-en-los-proximos-meses\/#breadcrumb\",\"itemListElement\":[{\"@type\":\"ListItem\",\"position\":1,\"name\":\"Inicio\",\"item\":\"https:\/\/www.arssenasa.gob.do\/\"},{\"@type\":\"ListItem\",\"position\":2,\"name\":\"SeNaSa invita a incluir a los dependientes del R\u00e9gimen Contributivo que alcanzar\u00e1n mayor\u00eda de edad en los pr\u00f3ximos meses\"}]},{\"@type\":\"WebSite\",\"@id\":\"https:\/\/www.arssenasa.gob.do\/#website\",\"url\":\"https:\/\/www.arssenasa.gob.do\/\",\"name\":\"ARSSeNaSa\",\"description\":\"\",\"publisher\":{\"@id\":\"https:\/\/www.arssenasa.gob.do\/#organization\"},\"potentialAction\":[{\"@type\":\"SearchAction\",\"target\":{\"@type\":\"EntryPoint\",\"urlTemplate\":\"https:\/\/www.arssenasa.gob.do\/?s={search_term_string}\"},\"query-input\":{\"@type\":\"PropertyValueSpecification\",\"valueRequired\":true,\"valueName\":\"search_term_string\"}}],\"inLanguage\":\"es\"},{\"@type\":\"Organization\",\"@id\":\"https:\/\/www.arssenasa.gob.do\/#organization\",\"name\":\"SeNaSa - Seguro Nacional de Salud\",\"url\":\"https:\/\/www.arssenasa.gob.do\/\",\"logo\":{\"@type\":\"ImageObject\",\"inLanguage\":\"es\",\"@id\":\"https:\/\/www.arssenasa.gob.do\/#\/schema\/logo\/image\/\",\"url\":\"https:\/\/www.arssenasa.gob.do\/wp-content\/uploads\/2018\/11\/logo2022.png\",\"contentUrl\":\"https:\/\/www.arssenasa.gob.do\/wp-content\/uploads\/2018\/11\/logo2022.png\",\"width\":310,\"height\":200,\"caption\":\"SeNaSa - Seguro Nacional de Salud\"},\"image\":{\"@id\":\"https:\/\/www.arssenasa.gob.do\/#\/schema\/logo\/image\/\"},\"sameAs\":[\"https:\/\/www.facebook.com\/ARSSeNaSaRD\",\"https:\/\/x.com\/arssenasard\",\"https:\/\/www.instagram.com\/arssenasard\/\",\"https:\/\/www.youtube.com\/user\/ARSSeNaSa\"]},{\"@type\":\"Person\",\"@id\":\"https:\/\/www.arssenasa.gob.do\/#\/schema\/person\/b9d6c2c58f44cdecdcdaab7a6f9504c0\",\"name\":\"SeNaSa\",\"image\":{\"@type\":\"ImageObject\",\"inLanguage\":\"es\",\"@id\":\"https:\/\/www.arssenasa.gob.do\/#\/schema\/person\/image\/\",\"url\":\"https:\/\/secure.gravatar.com\/avatar\/3c45125f46520136bb5577344179f8312f2704a1174137df27ae1baa182b5a6e?s=96&d=mm&r=g\",\"contentUrl\":\"https:\/\/secure.gravatar.com\/avatar\/3c45125f46520136bb5577344179f8312f2704a1174137df27ae1baa182b5a6e?s=96&d=mm&r=g\",\"caption\":\"SeNaSa\"},\"url\":\"https:\/\/www.arssenasa.gob.do\/index.php\/blog\/author\/admin\/\"},false]}<\/script>\n<!-- \/ Yoast SEO plugin. -->","yoast_head_json":{"title":"SeNaSa invita a incluir a los dependientes del R\u00e9gimen Contributivo que alcanzar\u00e1n mayor\u00eda de edad en los pr\u00f3ximos meses - ARSSeNaSa","description":"%","robots":{"index":"index","follow":"follow","max-snippet":"max-snippet:-1","max-image-preview":"max-image-preview:large","max-video-preview":"max-video-preview:-1"},"canonical":"https:\/\/www.arssenasa.gob.do\/index.php\/blog\/2022\/09\/05\/senasa-invita-a-incluir-a-los-dependientes-del-regimen-contributivo-que-alcanzaran-mayoria-de-edad-en-los-proximos-meses\/","og_locale":"es_ES","og_type":"article","og_title":"SeNaSa invita a incluir a los dependientes del R\u00e9gimen Contributivo que alcanzar\u00e1n mayor\u00eda de edad en los pr\u00f3ximos meses - ARSSeNaSa","og_description":"%","og_url":"https:\/\/www.arssenasa.gob.do\/index.php\/blog\/2022\/09\/05\/senasa-invita-a-incluir-a-los-dependientes-del-regimen-contributivo-que-alcanzaran-mayoria-de-edad-en-los-proximos-meses\/","og_site_name":"ARSSeNaSa","article_publisher":"https:\/\/www.facebook.com\/ARSSeNaSaRD","article_published_time":"2022-09-05T16:15:27+00:00","article_modified_time":"2022-09-05T16:15:28+00:00","og_image":[{"width":1032,"height":688,"url":"https:\/\/www.arssenasa.gob.do\/wp-content\/uploads\/2022\/09\/WhatsApp-Image-2022-09-02-at-16.31.33.jpeg","type":"image\/jpeg"}],"author":"SeNaSa","twitter_card":"summary_large_image","twitter_creator":"@arssenasard","twitter_site":"@arssenasard","twitter_misc":{"Written by":"SeNaSa","Est. reading time":"3 minutos"},"schema":{"@context":"https:\/\/schema.org","@graph":[{"@type":"Article","@id":"https:\/\/www.arssenasa.gob.do\/index.php\/blog\/2022\/09\/05\/senasa-invita-a-incluir-a-los-dependientes-del-regimen-contributivo-que-alcanzaran-mayoria-de-edad-en-los-proximos-meses\/#article","isPartOf":{"@id":"https:\/\/www.arssenasa.gob.do\/index.php\/blog\/2022\/09\/05\/senasa-invita-a-incluir-a-los-dependientes-del-regimen-contributivo-que-alcanzaran-mayoria-de-edad-en-los-proximos-meses\/"},"author":{"name":"SeNaSa","@id":"https:\/\/www.arssenasa.gob.do\/#\/schema\/person\/b9d6c2c58f44cdecdcdaab7a6f9504c0"},"headline":"SeNaSa invita a incluir a los dependientes del R\u00e9gimen Contributivo que alcanzar\u00e1n mayor\u00eda de edad en los pr\u00f3ximos meses","datePublished":"2022-09-05T16:15:27+00:00","dateModified":"2022-09-05T16:15:28+00:00","mainEntityOfPage":{"@id":"https:\/\/www.arssenasa.gob.do\/index.php\/blog\/2022\/09\/05\/senasa-invita-a-incluir-a-los-dependientes-del-regimen-contributivo-que-alcanzaran-mayoria-de-edad-en-los-proximos-meses\/"},"wordCount":532,"commentCount":0,"publisher":{"@id":"https:\/\/www.arssenasa.gob.do\/#organization"},"image":{"@id":"https:\/\/www.arssenasa.gob.do\/index.php\/blog\/2022\/09\/05\/senasa-invita-a-incluir-a-los-dependientes-del-regimen-contributivo-que-alcanzaran-mayoria-de-edad-en-los-proximos-meses\/#primaryimage"},"thumbnailUrl":"https:\/\/www.arssenasa.gob.do\/wp-content\/uploads\/2022\/09\/WhatsApp-Image-2022-09-02-at-16.31.33.jpeg","articleSection":["Noticias"],"inLanguage":"es","potentialAction":[{"@type":"CommentAction","name":"Comment","target":["https:\/\/www.arssenasa.gob.do\/index.php\/blog\/2022\/09\/05\/senasa-invita-a-incluir-a-los-dependientes-del-regimen-contributivo-que-alcanzaran-mayoria-de-edad-en-los-proximos-meses\/#respond"]}]},{"@type":"WebPage","@id":"https:\/\/www.arssenasa.gob.do\/index.php\/blog\/2022\/09\/05\/senasa-invita-a-incluir-a-los-dependientes-del-regimen-contributivo-que-alcanzaran-mayoria-de-edad-en-los-proximos-meses\/","url":"https:\/\/www.arssenasa.gob.do\/index.php\/blog\/2022\/09\/05\/senasa-invita-a-incluir-a-los-dependientes-del-regimen-contributivo-que-alcanzaran-mayoria-de-edad-en-los-proximos-meses\/","name":"SeNaSa invita a incluir a los dependientes del R\u00e9gimen Contributivo que alcanzar\u00e1n mayor\u00eda de edad en los pr\u00f3ximos meses - ARSSeNaSa","isPartOf":{"@id":"https:\/\/www.arssenasa.gob.do\/#website"},"primaryImageOfPage":{"@id":"https:\/\/www.arssenasa.gob.do\/index.php\/blog\/2022\/09\/05\/senasa-invita-a-incluir-a-los-dependientes-del-regimen-contributivo-que-alcanzaran-mayoria-de-edad-en-los-proximos-meses\/#primaryimage"},"image":{"@id":"https:\/\/www.arssenasa.gob.do\/index.php\/blog\/2022\/09\/05\/senasa-invita-a-incluir-a-los-dependientes-del-regimen-contributivo-que-alcanzaran-mayoria-de-edad-en-los-proximos-meses\/#primaryimage"},"thumbnailUrl":"https:\/\/www.arssenasa.gob.do\/wp-content\/uploads\/2022\/09\/WhatsApp-Image-2022-09-02-at-16.31.33.jpeg","datePublished":"2022-09-05T16:15:27+00:00","dateModified":"2022-09-05T16:15:28+00:00","description":"%","breadcrumb":{"@id":"https:\/\/www.arssenasa.gob.do\/index.php\/blog\/2022\/09\/05\/senasa-invita-a-incluir-a-los-dependientes-del-regimen-contributivo-que-alcanzaran-mayoria-de-edad-en-los-proximos-meses\/#breadcrumb"},"inLanguage":"es","potentialAction":[{"@type":"ReadAction","target":["https:\/\/www.arssenasa.gob.do\/index.php\/blog\/2022\/09\/05\/senasa-invita-a-incluir-a-los-dependientes-del-regimen-contributivo-que-alcanzaran-mayoria-de-edad-en-los-proximos-meses\/"]}]},{"@type":"ImageObject","inLanguage":"es","@id":"https:\/\/www.arssenasa.gob.do\/index.php\/blog\/2022\/09\/05\/senasa-invita-a-incluir-a-los-dependientes-del-regimen-contributivo-que-alcanzaran-mayoria-de-edad-en-los-proximos-meses\/#primaryimage","url":"https:\/\/www.arssenasa.gob.do\/wp-content\/uploads\/2022\/09\/WhatsApp-Image-2022-09-02-at-16.31.33.jpeg","contentUrl":"https:\/\/www.arssenasa.gob.do\/wp-content\/uploads\/2022\/09\/WhatsApp-Image-2022-09-02-at-16.31.33.jpeg","width":1032,"height":688,"caption":"SeNaSa invita a incluir a los dependientes del R\u00e9gimen Contributivo que alcanzar\u00e1n mayor\u00eda de edad en los pr\u00f3ximos meses"},{"@type":"BreadcrumbList","@id":"https:\/\/www.arssenasa.gob.do\/index.php\/blog\/2022\/09\/05\/senasa-invita-a-incluir-a-los-dependientes-del-regimen-contributivo-que-alcanzaran-mayoria-de-edad-en-los-proximos-meses\/#breadcrumb","itemListElement":[{"@type":"ListItem","position":1,"name":"Inicio","item":"https:\/\/www.arssenasa.gob.do\/"},{"@type":"ListItem","position":2,"name":"SeNaSa invita a incluir a los dependientes del R\u00e9gimen Contributivo que alcanzar\u00e1n mayor\u00eda de edad en los pr\u00f3ximos meses"}]},{"@type":"WebSite","@id":"https:\/\/www.arssenasa.gob.do\/#website","url":"https:\/\/www.arssenasa.gob.do\/","name":"ARSSeNaSa","description":"","publisher":{"@id":"https:\/\/www.arssenasa.gob.do\/#organization"},"potentialAction":[{"@type":"SearchAction","target":{"@type":"EntryPoint","urlTemplate":"https:\/\/www.arssenasa.gob.do\/?s={search_term_string}"},"query-input":{"@type":"PropertyValueSpecification","valueRequired":true,"valueName":"search_term_string"}}],"inLanguage":"es"},{"@type":"Organization","@id":"https:\/\/www.arssenasa.gob.do\/#organization","name":"SeNaSa - Seguro Nacional de Salud","url":"https:\/\/www.arssenasa.gob.do\/","logo":{"@type":"ImageObject","inLanguage":"es","@id":"https:\/\/www.arssenasa.gob.do\/#\/schema\/logo\/image\/","url":"https:\/\/www.arssenasa.gob.do\/wp-content\/uploads\/2018\/11\/logo2022.png","contentUrl":"https:\/\/www.arssenasa.gob.do\/wp-content\/uploads\/2018\/11\/logo2022.png","width":310,"height":200,"caption":"SeNaSa - Seguro Nacional de Salud"},"image":{"@id":"https:\/\/www.arssenasa.gob.do\/#\/schema\/logo\/image\/"},"sameAs":["https:\/\/www.facebook.com\/ARSSeNaSaRD","https:\/\/x.com\/arssenasard","https:\/\/www.instagram.com\/arssenasard\/","https:\/\/www.youtube.com\/user\/ARSSeNaSa"]},{"@type":"Person","@id":"https:\/\/www.arssenasa.gob.do\/#\/schema\/person\/b9d6c2c58f44cdecdcdaab7a6f9504c0","name":"SeNaSa","image":{"@type":"ImageObject","inLanguage":"es","@id":"https:\/\/www.arssenasa.gob.do\/#\/schema\/person\/image\/","url":"https:\/\/secure.gravatar.com\/avatar\/3c45125f46520136bb5577344179f8312f2704a1174137df27ae1baa182b5a6e?s=96&d=mm&r=g","contentUrl":"https:\/\/secure.gravatar.com\/avatar\/3c45125f46520136bb5577344179f8312f2704a1174137df27ae1baa182b5a6e?s=96&d=mm&r=g","caption":"SeNaSa"},"url":"https:\/\/www.arssenasa.gob.do\/index.php\/blog\/author\/admin\/"},false]}},"yasr_visitor_votes":{"stars_attributes":{"read_only":false,"span_bottom":false},"number_of_votes":0,"sum_votes":0},"_links":{"self":[{"href":"https:\/\/www.arssenasa.gob.do\/index.php\/wp-json\/wp\/v2\/posts\/14430","targetHints":{"allow":["GET"]}}],"collection":[{"href":"https:\/\/www.arssenasa.gob.do\/index.php\/wp-json\/wp\/v2\/posts"}],"about":[{"href":"https:\/\/www.arssenasa.gob.do\/index.php\/wp-json\/wp\/v2\/types\/post"}],"author":[{"embeddable":true,"href":"https:\/\/www.arssenasa.gob.do\/index.php\/wp-json\/wp\/v2\/users\/3"}],"replies":[{"embeddable":true,"href":"https:\/\/www.arssenasa.gob.do\/index.php\/wp-json\/wp\/v2\/comments?post=14430"}],"version-history":[{"count":1,"href":"https:\/\/www.arssenasa.gob.do\/index.php\/wp-json\/wp\/v2\/posts\/14430\/revisions"}],"predecessor-version":[{"id":14432,"href":"https:\/\/www.arssenasa.gob.do\/index.php\/wp-json\/wp\/v2\/posts\/14430\/revisions\/14432"}],"wp:featuredmedia":[{"embeddable":true,"href":"https:\/\/www.arssenasa.gob.do\/index.php\/wp-json\/wp\/v2\/media\/14431"}],"wp:attachment":[{"href":"https:\/\/www.arssenasa.gob.do\/index.php\/wp-json\/wp\/v2\/media?parent=14430"}],"wp:term":[{"taxonomy":"category","embeddable":true,"href":"https:\/\/www.arssenasa.gob.do\/index.php\/wp-json\/wp\/v2\/categories?post=14430"},{"taxonomy":"post_tag","embeddable":true,"href":"https:\/\/www.arssenasa.gob.do\/index.php\/wp-json\/wp\/v2\/tags?post=14430"}],"curies":[{"name":"wp","href":"https:\/\/api.w.org\/{rel}","templated":true}]}}