{"id":14483,"date":"2022-09-19T10:16:06","date_gmt":"2022-09-19T14:16:06","guid":{"rendered":"https:\/\/www.arssenasa.gob.do\/?p=14483"},"modified":"2022-09-19T10:16:08","modified_gmt":"2022-09-19T14:16:08","slug":"senasa-realiza-segunda-jornada-de-limpieza-de-playas","status":"publish","type":"post","link":"https:\/\/www.arssenasa.gob.do\/index.php\/blog\/2022\/09\/19\/senasa-realiza-segunda-jornada-de-limpieza-de-playas\/","title":{"rendered":"SeNaSa realiza segunda jornada de limpieza de playas"},"content":{"rendered":"\n<p><strong>Santo Domingo. \u2013<\/strong> Como parte de las acciones de Responsabilidad Social Institucional, el Seguro Nacional de Salud (SeNaSa) realiz\u00f3 su segunda jornada de limpieza de playas, realizada en el Fuerte San Gil, en el marco de la celebraci\u00f3n del D\u00eda Mundial de Limpieza de Playas, a celebrarse el pr\u00f3ximo 21 de septiembre en la Rep\u00fablica Dominicana.<\/p>\n\n\n\n<p>En esta jornada participaron m\u00e1s de 50 colaboradores del voluntariado de RSI de SeNaSa, con el apoyo del voluntariado de la Universidad Iberoamericana (UNIBE) y del Ministerio de Medio Ambiente y Recursos Naturales.<\/p>\n\n\n<div class=\"wp-block-image\">\n<figure class=\"aligncenter size-large\"><img fetchpriority=\"high\" decoding=\"async\" width=\"1024\" height=\"683\" src=\"https:\/\/www.arssenasa.gob.do\/wp-content\/uploads\/2022\/09\/02-2-1024x683.jpg\" alt=\"Doctor Santiago Hazim durante la jornada\" class=\"wp-image-14485\" srcset=\"https:\/\/www.arssenasa.gob.do\/wp-content\/uploads\/2022\/09\/02-2-1024x683.jpg 1024w, https:\/\/www.arssenasa.gob.do\/wp-content\/uploads\/2022\/09\/02-2-300x200.jpg 300w, https:\/\/www.arssenasa.gob.do\/wp-content\/uploads\/2022\/09\/02-2-768x512.jpg 768w, https:\/\/www.arssenasa.gob.do\/wp-content\/uploads\/2022\/09\/02-2.jpg 1368w\" sizes=\"(max-width: 1024px) 100vw, 1024px\" \/><figcaption>Doctor Santiago Hazim durante la jornada<\/figcaption><\/figure>\n<\/div>\n\n\n<p>El doctor Santiago Hazim, director ejecutivo de SeNaSa, dirigi\u00f3 unas palabras a los colaboradores presentes donde destac\u00f3 que \u201ccuidar el medio ambiente es una responsabilidad de todos, no solamente de una instituci\u00f3n o de una persona especifica, ya que todos somos responsables del efecto que causa la contaminaci\u00f3n en todo el mundo, con la producci\u00f3n masiva de desechos da\u00f1inos a la salud que est\u00e1n provocando tambi\u00e9n la perdida de especies de animales terrestres y marinos, adem\u00e1s de provocar sequias y un significativo aumento de la temperatura que podr\u00eda resultar catastr\u00f3fico para todo ser vivo\u201d.<\/p>\n\n\n\n<p>De igual manera, les exhort\u00f3 realizar peque\u00f1as acciones que a la larga impactar\u00e1n de manera positiva al medio ambiente, sobre todo para proteger a las m\u00e1s de 200 playas que tenemos en nuestro pa\u00eds.<\/p>\n\n\n<div class=\"wp-block-image\">\n<figure class=\"aligncenter size-large\"><img decoding=\"async\" width=\"1024\" height=\"683\" src=\"https:\/\/www.arssenasa.gob.do\/wp-content\/uploads\/2022\/09\/03-1-1024x683.jpg\" alt=\"Doctor Santiago Hazim junto a colaboradores\" class=\"wp-image-14486\" srcset=\"https:\/\/www.arssenasa.gob.do\/wp-content\/uploads\/2022\/09\/03-1-1024x683.jpg 1024w, https:\/\/www.arssenasa.gob.do\/wp-content\/uploads\/2022\/09\/03-1-300x200.jpg 300w, https:\/\/www.arssenasa.gob.do\/wp-content\/uploads\/2022\/09\/03-1-768x512.jpg 768w, https:\/\/www.arssenasa.gob.do\/wp-content\/uploads\/2022\/09\/03-1.jpg 1368w\" sizes=\"(max-width: 1024px) 100vw, 1024px\" \/><figcaption>Doctor Santiago Hazim junto a colaboradores<\/figcaption><\/figure>\n<\/div>\n\n\n<p>El objetivo de esta acci\u00f3n es sensibilizar y concientizar sobre el impacto negativo que tienen nuestras acciones en el medioambiente y la salud, para as\u00ed poder ser parte de la soluci\u00f3n y aportar en la disminuci\u00f3n de la contaminaci\u00f3n que tanto afecta la salud y el desarrollo de las sociedades.<\/p>\n","protected":false},"excerpt":{"rendered":"<p>Santo Domingo. \u2013 Como parte de las acciones de Responsabilidad Social Institucional, el Seguro Nacional de Salud (SeNaSa) realiz\u00f3 su segunda jornada de limpieza de playas, realizada en el Fuerte San Gil, en el marco de la celebraci\u00f3n del D\u00eda Mundial de Limpieza de Playas, a celebrarse el pr\u00f3ximo 21 de septiembre en la Rep\u00fablica [&hellip;]<\/p>\n","protected":false},"author":3,"featured_media":14484,"comment_status":"open","ping_status":"open","sticky":false,"template":"","format":"standard","meta":{"inline_featured_image":false,"yasr_overall_rating":0,"yasr_post_is_review":"","yasr_auto_insert_disabled":"","yasr_review_type":"","_glsr_average":0,"_glsr_ranking":0,"_glsr_reviews":0,"footnotes":""},"categories":[13,34],"tags":[],"class_list":["post-14483","post","type-post","status-publish","format-standard","has-post-thumbnail","hentry","category-noticias","category-rsi-medio-ambiente"],"yoast_head":"<!-- This site is optimized with the Yoast SEO plugin v26.6 - https:\/\/yoast.com\/wordpress\/plugins\/seo\/ -->\n<title>SeNaSa realiza segunda jornada de limpieza de playas - ARSSeNaSa<\/title>\n<meta name=\"description\" content=\"%\" \/>\n<meta name=\"robots\" content=\"index, follow, max-snippet:-1, max-image-preview:large, max-video-preview:-1\" \/>\n<link rel=\"canonical\" href=\"https:\/\/www.arssenasa.gob.do\/index.php\/blog\/2022\/09\/19\/senasa-realiza-segunda-jornada-de-limpieza-de-playas\/\" \/>\n<meta property=\"og:locale\" content=\"es_ES\" \/>\n<meta property=\"og:type\" content=\"article\" \/>\n<meta property=\"og:title\" content=\"SeNaSa realiza segunda jornada de limpieza de playas - ARSSeNaSa\" \/>\n<meta property=\"og:description\" content=\"%\" \/>\n<meta property=\"og:url\" content=\"https:\/\/www.arssenasa.gob.do\/index.php\/blog\/2022\/09\/19\/senasa-realiza-segunda-jornada-de-limpieza-de-playas\/\" \/>\n<meta property=\"og:site_name\" content=\"ARSSeNaSa\" \/>\n<meta property=\"article:publisher\" content=\"https:\/\/www.facebook.com\/ARSSeNaSaRD\" \/>\n<meta property=\"article:published_time\" content=\"2022-09-19T14:16:06+00:00\" \/>\n<meta property=\"article:modified_time\" content=\"2022-09-19T14:16:08+00:00\" \/>\n<meta property=\"og:image\" content=\"https:\/\/www.arssenasa.gob.do\/wp-content\/uploads\/2022\/09\/01-2.jpg\" \/>\n\t<meta property=\"og:image:width\" content=\"1368\" \/>\n\t<meta property=\"og:image:height\" content=\"912\" \/>\n\t<meta property=\"og:image:type\" content=\"image\/jpeg\" \/>\n<meta name=\"author\" content=\"SeNaSa\" \/>\n<meta name=\"twitter:card\" content=\"summary_large_image\" \/>\n<meta name=\"twitter:creator\" content=\"@arssenasard\" \/>\n<meta name=\"twitter:site\" content=\"@arssenasard\" \/>\n<meta name=\"twitter:label1\" content=\"Written by\" \/>\n\t<meta name=\"twitter:data1\" content=\"SeNaSa\" \/>\n\t<meta name=\"twitter:label2\" content=\"Est. reading time\" \/>\n\t<meta name=\"twitter:data2\" content=\"2 minutos\" \/>\n<script type=\"application\/ld+json\" class=\"yoast-schema-graph\">{\"@context\":\"https:\/\/schema.org\",\"@graph\":[{\"@type\":\"Article\",\"@id\":\"https:\/\/www.arssenasa.gob.do\/index.php\/blog\/2022\/09\/19\/senasa-realiza-segunda-jornada-de-limpieza-de-playas\/#article\",\"isPartOf\":{\"@id\":\"https:\/\/www.arssenasa.gob.do\/index.php\/blog\/2022\/09\/19\/senasa-realiza-segunda-jornada-de-limpieza-de-playas\/\"},\"author\":{\"name\":\"SeNaSa\",\"@id\":\"https:\/\/www.arssenasa.gob.do\/#\/schema\/person\/b9d6c2c58f44cdecdcdaab7a6f9504c0\"},\"headline\":\"SeNaSa realiza segunda jornada de limpieza de playas\",\"datePublished\":\"2022-09-19T14:16:06+00:00\",\"dateModified\":\"2022-09-19T14:16:08+00:00\",\"mainEntityOfPage\":{\"@id\":\"https:\/\/www.arssenasa.gob.do\/index.php\/blog\/2022\/09\/19\/senasa-realiza-segunda-jornada-de-limpieza-de-playas\/\"},\"wordCount\":305,\"commentCount\":0,\"publisher\":{\"@id\":\"https:\/\/www.arssenasa.gob.do\/#organization\"},\"image\":{\"@id\":\"https:\/\/www.arssenasa.gob.do\/index.php\/blog\/2022\/09\/19\/senasa-realiza-segunda-jornada-de-limpieza-de-playas\/#primaryimage\"},\"thumbnailUrl\":\"https:\/\/www.arssenasa.gob.do\/wp-content\/uploads\/2022\/09\/01-2.jpg\",\"articleSection\":[\"Noticias\",\"RSI-Medio Ambiente\"],\"inLanguage\":\"es\",\"potentialAction\":[{\"@type\":\"CommentAction\",\"name\":\"Comment\",\"target\":[\"https:\/\/www.arssenasa.gob.do\/index.php\/blog\/2022\/09\/19\/senasa-realiza-segunda-jornada-de-limpieza-de-playas\/#respond\"]}]},{\"@type\":\"WebPage\",\"@id\":\"https:\/\/www.arssenasa.gob.do\/index.php\/blog\/2022\/09\/19\/senasa-realiza-segunda-jornada-de-limpieza-de-playas\/\",\"url\":\"https:\/\/www.arssenasa.gob.do\/index.php\/blog\/2022\/09\/19\/senasa-realiza-segunda-jornada-de-limpieza-de-playas\/\",\"name\":\"SeNaSa realiza segunda jornada de limpieza de playas - ARSSeNaSa\",\"isPartOf\":{\"@id\":\"https:\/\/www.arssenasa.gob.do\/#website\"},\"primaryImageOfPage\":{\"@id\":\"https:\/\/www.arssenasa.gob.do\/index.php\/blog\/2022\/09\/19\/senasa-realiza-segunda-jornada-de-limpieza-de-playas\/#primaryimage\"},\"image\":{\"@id\":\"https:\/\/www.arssenasa.gob.do\/index.php\/blog\/2022\/09\/19\/senasa-realiza-segunda-jornada-de-limpieza-de-playas\/#primaryimage\"},\"thumbnailUrl\":\"https:\/\/www.arssenasa.gob.do\/wp-content\/uploads\/2022\/09\/01-2.jpg\",\"datePublished\":\"2022-09-19T14:16:06+00:00\",\"dateModified\":\"2022-09-19T14:16:08+00:00\",\"description\":\"%\",\"breadcrumb\":{\"@id\":\"https:\/\/www.arssenasa.gob.do\/index.php\/blog\/2022\/09\/19\/senasa-realiza-segunda-jornada-de-limpieza-de-playas\/#breadcrumb\"},\"inLanguage\":\"es\",\"potentialAction\":[{\"@type\":\"ReadAction\",\"target\":[\"https:\/\/www.arssenasa.gob.do\/index.php\/blog\/2022\/09\/19\/senasa-realiza-segunda-jornada-de-limpieza-de-playas\/\"]}]},{\"@type\":\"ImageObject\",\"inLanguage\":\"es\",\"@id\":\"https:\/\/www.arssenasa.gob.do\/index.php\/blog\/2022\/09\/19\/senasa-realiza-segunda-jornada-de-limpieza-de-playas\/#primaryimage\",\"url\":\"https:\/\/www.arssenasa.gob.do\/wp-content\/uploads\/2022\/09\/01-2.jpg\",\"contentUrl\":\"https:\/\/www.arssenasa.gob.do\/wp-content\/uploads\/2022\/09\/01-2.jpg\",\"width\":1368,\"height\":912,\"caption\":\"Doctor Santiago Hazim durante la jornada\"},{\"@type\":\"BreadcrumbList\",\"@id\":\"https:\/\/www.arssenasa.gob.do\/index.php\/blog\/2022\/09\/19\/senasa-realiza-segunda-jornada-de-limpieza-de-playas\/#breadcrumb\",\"itemListElement\":[{\"@type\":\"ListItem\",\"position\":1,\"name\":\"Inicio\",\"item\":\"https:\/\/www.arssenasa.gob.do\/\"},{\"@type\":\"ListItem\",\"position\":2,\"name\":\"SeNaSa realiza segunda jornada de limpieza de playas\"}]},{\"@type\":\"WebSite\",\"@id\":\"https:\/\/www.arssenasa.gob.do\/#website\",\"url\":\"https:\/\/www.arssenasa.gob.do\/\",\"name\":\"ARSSeNaSa\",\"description\":\"\",\"publisher\":{\"@id\":\"https:\/\/www.arssenasa.gob.do\/#organization\"},\"potentialAction\":[{\"@type\":\"SearchAction\",\"target\":{\"@type\":\"EntryPoint\",\"urlTemplate\":\"https:\/\/www.arssenasa.gob.do\/?s={search_term_string}\"},\"query-input\":{\"@type\":\"PropertyValueSpecification\",\"valueRequired\":true,\"valueName\":\"search_term_string\"}}],\"inLanguage\":\"es\"},{\"@type\":\"Organization\",\"@id\":\"https:\/\/www.arssenasa.gob.do\/#organization\",\"name\":\"SeNaSa - Seguro Nacional de Salud\",\"url\":\"https:\/\/www.arssenasa.gob.do\/\",\"logo\":{\"@type\":\"ImageObject\",\"inLanguage\":\"es\",\"@id\":\"https:\/\/www.arssenasa.gob.do\/#\/schema\/logo\/image\/\",\"url\":\"https:\/\/www.arssenasa.gob.do\/wp-content\/uploads\/2018\/11\/logo2022.png\",\"contentUrl\":\"https:\/\/www.arssenasa.gob.do\/wp-content\/uploads\/2018\/11\/logo2022.png\",\"width\":310,\"height\":200,\"caption\":\"SeNaSa - Seguro Nacional de Salud\"},\"image\":{\"@id\":\"https:\/\/www.arssenasa.gob.do\/#\/schema\/logo\/image\/\"},\"sameAs\":[\"https:\/\/www.facebook.com\/ARSSeNaSaRD\",\"https:\/\/x.com\/arssenasard\",\"https:\/\/www.instagram.com\/arssenasard\/\",\"https:\/\/www.youtube.com\/user\/ARSSeNaSa\"]},{\"@type\":\"Person\",\"@id\":\"https:\/\/www.arssenasa.gob.do\/#\/schema\/person\/b9d6c2c58f44cdecdcdaab7a6f9504c0\",\"name\":\"SeNaSa\",\"image\":{\"@type\":\"ImageObject\",\"inLanguage\":\"es\",\"@id\":\"https:\/\/www.arssenasa.gob.do\/#\/schema\/person\/image\/\",\"url\":\"https:\/\/secure.gravatar.com\/avatar\/3c45125f46520136bb5577344179f8312f2704a1174137df27ae1baa182b5a6e?s=96&d=mm&r=g\",\"contentUrl\":\"https:\/\/secure.gravatar.com\/avatar\/3c45125f46520136bb5577344179f8312f2704a1174137df27ae1baa182b5a6e?s=96&d=mm&r=g\",\"caption\":\"SeNaSa\"},\"url\":\"https:\/\/www.arssenasa.gob.do\/index.php\/blog\/author\/admin\/\"},false]}<\/script>\n<!-- \/ Yoast SEO plugin. -->","yoast_head_json":{"title":"SeNaSa realiza segunda jornada de limpieza de playas - ARSSeNaSa","description":"%","robots":{"index":"index","follow":"follow","max-snippet":"max-snippet:-1","max-image-preview":"max-image-preview:large","max-video-preview":"max-video-preview:-1"},"canonical":"https:\/\/www.arssenasa.gob.do\/index.php\/blog\/2022\/09\/19\/senasa-realiza-segunda-jornada-de-limpieza-de-playas\/","og_locale":"es_ES","og_type":"article","og_title":"SeNaSa realiza segunda jornada de limpieza de playas - ARSSeNaSa","og_description":"%","og_url":"https:\/\/www.arssenasa.gob.do\/index.php\/blog\/2022\/09\/19\/senasa-realiza-segunda-jornada-de-limpieza-de-playas\/","og_site_name":"ARSSeNaSa","article_publisher":"https:\/\/www.facebook.com\/ARSSeNaSaRD","article_published_time":"2022-09-19T14:16:06+00:00","article_modified_time":"2022-09-19T14:16:08+00:00","og_image":[{"width":1368,"height":912,"url":"https:\/\/www.arssenasa.gob.do\/wp-content\/uploads\/2022\/09\/01-2.jpg","type":"image\/jpeg"}],"author":"SeNaSa","twitter_card":"summary_large_image","twitter_creator":"@arssenasard","twitter_site":"@arssenasard","twitter_misc":{"Written by":"SeNaSa","Est. reading time":"2 minutos"},"schema":{"@context":"https:\/\/schema.org","@graph":[{"@type":"Article","@id":"https:\/\/www.arssenasa.gob.do\/index.php\/blog\/2022\/09\/19\/senasa-realiza-segunda-jornada-de-limpieza-de-playas\/#article","isPartOf":{"@id":"https:\/\/www.arssenasa.gob.do\/index.php\/blog\/2022\/09\/19\/senasa-realiza-segunda-jornada-de-limpieza-de-playas\/"},"author":{"name":"SeNaSa","@id":"https:\/\/www.arssenasa.gob.do\/#\/schema\/person\/b9d6c2c58f44cdecdcdaab7a6f9504c0"},"headline":"SeNaSa realiza segunda jornada de limpieza de playas","datePublished":"2022-09-19T14:16:06+00:00","dateModified":"2022-09-19T14:16:08+00:00","mainEntityOfPage":{"@id":"https:\/\/www.arssenasa.gob.do\/index.php\/blog\/2022\/09\/19\/senasa-realiza-segunda-jornada-de-limpieza-de-playas\/"},"wordCount":305,"commentCount":0,"publisher":{"@id":"https:\/\/www.arssenasa.gob.do\/#organization"},"image":{"@id":"https:\/\/www.arssenasa.gob.do\/index.php\/blog\/2022\/09\/19\/senasa-realiza-segunda-jornada-de-limpieza-de-playas\/#primaryimage"},"thumbnailUrl":"https:\/\/www.arssenasa.gob.do\/wp-content\/uploads\/2022\/09\/01-2.jpg","articleSection":["Noticias","RSI-Medio Ambiente"],"inLanguage":"es","potentialAction":[{"@type":"CommentAction","name":"Comment","target":["https:\/\/www.arssenasa.gob.do\/index.php\/blog\/2022\/09\/19\/senasa-realiza-segunda-jornada-de-limpieza-de-playas\/#respond"]}]},{"@type":"WebPage","@id":"https:\/\/www.arssenasa.gob.do\/index.php\/blog\/2022\/09\/19\/senasa-realiza-segunda-jornada-de-limpieza-de-playas\/","url":"https:\/\/www.arssenasa.gob.do\/index.php\/blog\/2022\/09\/19\/senasa-realiza-segunda-jornada-de-limpieza-de-playas\/","name":"SeNaSa realiza segunda jornada de limpieza de playas - ARSSeNaSa","isPartOf":{"@id":"https:\/\/www.arssenasa.gob.do\/#website"},"primaryImageOfPage":{"@id":"https:\/\/www.arssenasa.gob.do\/index.php\/blog\/2022\/09\/19\/senasa-realiza-segunda-jornada-de-limpieza-de-playas\/#primaryimage"},"image":{"@id":"https:\/\/www.arssenasa.gob.do\/index.php\/blog\/2022\/09\/19\/senasa-realiza-segunda-jornada-de-limpieza-de-playas\/#primaryimage"},"thumbnailUrl":"https:\/\/www.arssenasa.gob.do\/wp-content\/uploads\/2022\/09\/01-2.jpg","datePublished":"2022-09-19T14:16:06+00:00","dateModified":"2022-09-19T14:16:08+00:00","description":"%","breadcrumb":{"@id":"https:\/\/www.arssenasa.gob.do\/index.php\/blog\/2022\/09\/19\/senasa-realiza-segunda-jornada-de-limpieza-de-playas\/#breadcrumb"},"inLanguage":"es","potentialAction":[{"@type":"ReadAction","target":["https:\/\/www.arssenasa.gob.do\/index.php\/blog\/2022\/09\/19\/senasa-realiza-segunda-jornada-de-limpieza-de-playas\/"]}]},{"@type":"ImageObject","inLanguage":"es","@id":"https:\/\/www.arssenasa.gob.do\/index.php\/blog\/2022\/09\/19\/senasa-realiza-segunda-jornada-de-limpieza-de-playas\/#primaryimage","url":"https:\/\/www.arssenasa.gob.do\/wp-content\/uploads\/2022\/09\/01-2.jpg","contentUrl":"https:\/\/www.arssenasa.gob.do\/wp-content\/uploads\/2022\/09\/01-2.jpg","width":1368,"height":912,"caption":"Doctor Santiago Hazim durante la jornada"},{"@type":"BreadcrumbList","@id":"https:\/\/www.arssenasa.gob.do\/index.php\/blog\/2022\/09\/19\/senasa-realiza-segunda-jornada-de-limpieza-de-playas\/#breadcrumb","itemListElement":[{"@type":"ListItem","position":1,"name":"Inicio","item":"https:\/\/www.arssenasa.gob.do\/"},{"@type":"ListItem","position":2,"name":"SeNaSa realiza segunda jornada de limpieza de playas"}]},{"@type":"WebSite","@id":"https:\/\/www.arssenasa.gob.do\/#website","url":"https:\/\/www.arssenasa.gob.do\/","name":"ARSSeNaSa","description":"","publisher":{"@id":"https:\/\/www.arssenasa.gob.do\/#organization"},"potentialAction":[{"@type":"SearchAction","target":{"@type":"EntryPoint","urlTemplate":"https:\/\/www.arssenasa.gob.do\/?s={search_term_string}"},"query-input":{"@type":"PropertyValueSpecification","valueRequired":true,"valueName":"search_term_string"}}],"inLanguage":"es"},{"@type":"Organization","@id":"https:\/\/www.arssenasa.gob.do\/#organization","name":"SeNaSa - Seguro Nacional de Salud","url":"https:\/\/www.arssenasa.gob.do\/","logo":{"@type":"ImageObject","inLanguage":"es","@id":"https:\/\/www.arssenasa.gob.do\/#\/schema\/logo\/image\/","url":"https:\/\/www.arssenasa.gob.do\/wp-content\/uploads\/2018\/11\/logo2022.png","contentUrl":"https:\/\/www.arssenasa.gob.do\/wp-content\/uploads\/2018\/11\/logo2022.png","width":310,"height":200,"caption":"SeNaSa - Seguro Nacional de Salud"},"image":{"@id":"https:\/\/www.arssenasa.gob.do\/#\/schema\/logo\/image\/"},"sameAs":["https:\/\/www.facebook.com\/ARSSeNaSaRD","https:\/\/x.com\/arssenasard","https:\/\/www.instagram.com\/arssenasard\/","https:\/\/www.youtube.com\/user\/ARSSeNaSa"]},{"@type":"Person","@id":"https:\/\/www.arssenasa.gob.do\/#\/schema\/person\/b9d6c2c58f44cdecdcdaab7a6f9504c0","name":"SeNaSa","image":{"@type":"ImageObject","inLanguage":"es","@id":"https:\/\/www.arssenasa.gob.do\/#\/schema\/person\/image\/","url":"https:\/\/secure.gravatar.com\/avatar\/3c45125f46520136bb5577344179f8312f2704a1174137df27ae1baa182b5a6e?s=96&d=mm&r=g","contentUrl":"https:\/\/secure.gravatar.com\/avatar\/3c45125f46520136bb5577344179f8312f2704a1174137df27ae1baa182b5a6e?s=96&d=mm&r=g","caption":"SeNaSa"},"url":"https:\/\/www.arssenasa.gob.do\/index.php\/blog\/author\/admin\/"},false]}},"yasr_visitor_votes":{"stars_attributes":{"read_only":false,"span_bottom":false},"number_of_votes":0,"sum_votes":0},"_links":{"self":[{"href":"https:\/\/www.arssenasa.gob.do\/index.php\/wp-json\/wp\/v2\/posts\/14483","targetHints":{"allow":["GET"]}}],"collection":[{"href":"https:\/\/www.arssenasa.gob.do\/index.php\/wp-json\/wp\/v2\/posts"}],"about":[{"href":"https:\/\/www.arssenasa.gob.do\/index.php\/wp-json\/wp\/v2\/types\/post"}],"author":[{"embeddable":true,"href":"https:\/\/www.arssenasa.gob.do\/index.php\/wp-json\/wp\/v2\/users\/3"}],"replies":[{"embeddable":true,"href":"https:\/\/www.arssenasa.gob.do\/index.php\/wp-json\/wp\/v2\/comments?post=14483"}],"version-history":[{"count":1,"href":"https:\/\/www.arssenasa.gob.do\/index.php\/wp-json\/wp\/v2\/posts\/14483\/revisions"}],"predecessor-version":[{"id":14487,"href":"https:\/\/www.arssenasa.gob.do\/index.php\/wp-json\/wp\/v2\/posts\/14483\/revisions\/14487"}],"wp:featuredmedia":[{"embeddable":true,"href":"https:\/\/www.arssenasa.gob.do\/index.php\/wp-json\/wp\/v2\/media\/14484"}],"wp:attachment":[{"href":"https:\/\/www.arssenasa.gob.do\/index.php\/wp-json\/wp\/v2\/media?parent=14483"}],"wp:term":[{"taxonomy":"category","embeddable":true,"href":"https:\/\/www.arssenasa.gob.do\/index.php\/wp-json\/wp\/v2\/categories?post=14483"},{"taxonomy":"post_tag","embeddable":true,"href":"https:\/\/www.arssenasa.gob.do\/index.php\/wp-json\/wp\/v2\/tags?post=14483"}],"curies":[{"name":"wp","href":"https:\/\/api.w.org\/{rel}","templated":true}]}}