{"id":16222,"date":"2023-03-21T11:04:32","date_gmt":"2023-03-21T15:04:32","guid":{"rendered":"https:\/\/www.arssenasa.gob.do\/?p=16222"},"modified":"2023-03-24T09:56:46","modified_gmt":"2023-03-24T13:56:46","slug":"charla-integrando-la-sostenibilidad-en-el-adn-de-la-institucion","status":"publish","type":"post","link":"https:\/\/www.arssenasa.gob.do\/index.php\/blog\/2023\/03\/21\/charla-integrando-la-sostenibilidad-en-el-adn-de-la-institucion\/","title":{"rendered":"Charla Integrando la Sostenibilidad en el ADN de la Instituci\u00f3n"},"content":{"rendered":"\n<p>Como parte de las acciones del programa de RSI \u201cSeNaSa Educa\u201d, iniciamos la agenda de los talleres \u201cIntegrando la Sostenibilidad en el ADN de la Instituci\u00f3n\u201d por gerencias y oficinas con una facilitadora externa, son 27 talleres a nivel central y regional, con el fin de impulsar la integraci\u00f3n de las iniciativas de Responsabilidad Social en la estrategia de negocio, contribuyendo con el Desarrollo Sostenible.<\/p>\n\n\n\n<p>A trav\u00e9s de este servicio de formaci\u00f3n, procuramos sensibilizar y fomentar el desarrollo de iniciativas alineadas con los Objetivos de Desarrollo Sostenible y la ISO 26000 de RSC, con la finalidad de integrar la sostenibilidad en el ADN de la instituci\u00f3n, generando equilibrio entre el valor compartido, el bienestar de las personas y el cuidado del medio ambiente. La formaci\u00f3n integra de manera transversal la gesti\u00f3n responsable y la innovaci\u00f3n, de manera que desde cada \u00e1rea de la instituci\u00f3n se pueda trabajar con un enfoque sostenible.<\/p>\n\n\n\n<figure class=\"wp-block-gallery has-nested-images columns-default is-cropped wp-block-gallery-1 is-layout-flex wp-block-gallery-is-layout-flex\">\n<figure class=\"wp-block-image size-large\"><img fetchpriority=\"high\" decoding=\"async\" width=\"1024\" height=\"682\" data-id=\"16226\" src=\"https:\/\/www.arssenasa.gob.do\/wp-content\/uploads\/2023\/03\/2.-Taller-integrando-la-sostenibilidad-en-el-ADN-de-la-institucion.-GGH-1024x682.jpeg\" alt=\"\" class=\"wp-image-16226\" srcset=\"https:\/\/www.arssenasa.gob.do\/wp-content\/uploads\/2023\/03\/2.-Taller-integrando-la-sostenibilidad-en-el-ADN-de-la-institucion.-GGH-1024x682.jpeg 1024w, https:\/\/www.arssenasa.gob.do\/wp-content\/uploads\/2023\/03\/2.-Taller-integrando-la-sostenibilidad-en-el-ADN-de-la-institucion.-GGH-300x200.jpeg 300w, https:\/\/www.arssenasa.gob.do\/wp-content\/uploads\/2023\/03\/2.-Taller-integrando-la-sostenibilidad-en-el-ADN-de-la-institucion.-GGH-768x512.jpeg 768w, https:\/\/www.arssenasa.gob.do\/wp-content\/uploads\/2023\/03\/2.-Taller-integrando-la-sostenibilidad-en-el-ADN-de-la-institucion.-GGH-1536x1023.jpeg 1536w, https:\/\/www.arssenasa.gob.do\/wp-content\/uploads\/2023\/03\/2.-Taller-integrando-la-sostenibilidad-en-el-ADN-de-la-institucion.-GGH.jpeg 1600w\" sizes=\"(max-width: 1024px) 100vw, 1024px\" \/><\/figure>\n\n\n\n<figure class=\"wp-block-image size-large\"><img decoding=\"async\" width=\"1024\" height=\"682\" data-id=\"16225\" src=\"https:\/\/www.arssenasa.gob.do\/wp-content\/uploads\/2023\/03\/Taller-integrando-la-sostenibilidad-en-el-ADN-de-la-institucion.-GGH-1024x682.jpeg\" alt=\"\" class=\"wp-image-16225\" srcset=\"https:\/\/www.arssenasa.gob.do\/wp-content\/uploads\/2023\/03\/Taller-integrando-la-sostenibilidad-en-el-ADN-de-la-institucion.-GGH-1024x682.jpeg 1024w, https:\/\/www.arssenasa.gob.do\/wp-content\/uploads\/2023\/03\/Taller-integrando-la-sostenibilidad-en-el-ADN-de-la-institucion.-GGH-300x200.jpeg 300w, https:\/\/www.arssenasa.gob.do\/wp-content\/uploads\/2023\/03\/Taller-integrando-la-sostenibilidad-en-el-ADN-de-la-institucion.-GGH-768x512.jpeg 768w, https:\/\/www.arssenasa.gob.do\/wp-content\/uploads\/2023\/03\/Taller-integrando-la-sostenibilidad-en-el-ADN-de-la-institucion.-GGH-1536x1023.jpeg 1536w, https:\/\/www.arssenasa.gob.do\/wp-content\/uploads\/2023\/03\/Taller-integrando-la-sostenibilidad-en-el-ADN-de-la-institucion.-GGH.jpeg 1600w\" sizes=\"(max-width: 1024px) 100vw, 1024px\" \/><\/figure>\n<\/figure>\n","protected":false},"excerpt":{"rendered":"<p>Como parte de las acciones del programa de RSI \u201cSeNaSa Educa\u201d, iniciamos la agenda de los talleres \u201cIntegrando la Sostenibilidad en el ADN de la Instituci\u00f3n\u201d por gerencias y oficinas con una facilitadora externa, son 27 talleres a nivel central y regional, con el fin de impulsar la integraci\u00f3n de las iniciativas de Responsabilidad Social [&hellip;]<\/p>\n","protected":false},"author":3,"featured_media":16227,"comment_status":"open","ping_status":"open","sticky":false,"template":"","format":"standard","meta":{"inline_featured_image":false,"yasr_overall_rating":0,"yasr_post_is_review":"","yasr_auto_insert_disabled":"","yasr_review_type":"","_glsr_average":0,"_glsr_ranking":0,"_glsr_reviews":0,"footnotes":""},"categories":[40],"tags":[41],"class_list":["post-16222","post","type-post","status-publish","format-standard","has-post-thumbnail","hentry","category-rsi-educacion","tag-senasa"],"yoast_head":"<!-- This site is optimized with the Yoast SEO plugin v26.6 - https:\/\/yoast.com\/wordpress\/plugins\/seo\/ -->\n<title>Charla Integrando la Sostenibilidad en el ADN de la Instituci\u00f3n - ARSSeNaSa<\/title>\n<meta name=\"description\" content=\"%\" \/>\n<meta name=\"robots\" content=\"index, follow, max-snippet:-1, max-image-preview:large, max-video-preview:-1\" \/>\n<link rel=\"canonical\" href=\"https:\/\/www.arssenasa.gob.do\/index.php\/blog\/2023\/03\/21\/charla-integrando-la-sostenibilidad-en-el-adn-de-la-institucion\/\" \/>\n<meta property=\"og:locale\" content=\"es_ES\" \/>\n<meta property=\"og:type\" content=\"article\" \/>\n<meta property=\"og:title\" content=\"Charla Integrando la Sostenibilidad en el ADN de la Instituci\u00f3n - ARSSeNaSa\" \/>\n<meta property=\"og:description\" content=\"%\" \/>\n<meta property=\"og:url\" content=\"https:\/\/www.arssenasa.gob.do\/index.php\/blog\/2023\/03\/21\/charla-integrando-la-sostenibilidad-en-el-adn-de-la-institucion\/\" \/>\n<meta property=\"og:site_name\" content=\"ARSSeNaSa\" \/>\n<meta property=\"article:publisher\" content=\"https:\/\/www.facebook.com\/ARSSeNaSaRD\" \/>\n<meta property=\"article:published_time\" content=\"2023-03-21T15:04:32+00:00\" \/>\n<meta property=\"article:modified_time\" content=\"2023-03-24T13:56:46+00:00\" \/>\n<meta property=\"og:image\" content=\"https:\/\/www.arssenasa.gob.do\/wp-content\/uploads\/2023\/03\/WhatsApp-Image-2023-03-17-at-6.11.18-PM.jpeg\" \/>\n\t<meta property=\"og:image:width\" content=\"1280\" \/>\n\t<meta property=\"og:image:height\" content=\"798\" \/>\n\t<meta property=\"og:image:type\" content=\"image\/jpeg\" \/>\n<meta name=\"author\" content=\"SeNaSa\" \/>\n<meta name=\"twitter:card\" content=\"summary_large_image\" \/>\n<meta name=\"twitter:creator\" content=\"@arssenasard\" \/>\n<meta name=\"twitter:site\" content=\"@arssenasard\" \/>\n<meta name=\"twitter:label1\" content=\"Written by\" \/>\n\t<meta name=\"twitter:data1\" content=\"SeNaSa\" \/>\n\t<meta name=\"twitter:label2\" content=\"Est. reading time\" \/>\n\t<meta name=\"twitter:data2\" content=\"2 minutos\" \/>\n<script type=\"application\/ld+json\" class=\"yoast-schema-graph\">{\"@context\":\"https:\/\/schema.org\",\"@graph\":[{\"@type\":\"Article\",\"@id\":\"https:\/\/www.arssenasa.gob.do\/index.php\/blog\/2023\/03\/21\/charla-integrando-la-sostenibilidad-en-el-adn-de-la-institucion\/#article\",\"isPartOf\":{\"@id\":\"https:\/\/www.arssenasa.gob.do\/index.php\/blog\/2023\/03\/21\/charla-integrando-la-sostenibilidad-en-el-adn-de-la-institucion\/\"},\"author\":{\"name\":\"SeNaSa\",\"@id\":\"https:\/\/www.arssenasa.gob.do\/#\/schema\/person\/b9d6c2c58f44cdecdcdaab7a6f9504c0\"},\"headline\":\"Charla Integrando la Sostenibilidad en el ADN de la Instituci\u00f3n\",\"datePublished\":\"2023-03-21T15:04:32+00:00\",\"dateModified\":\"2023-03-24T13:56:46+00:00\",\"mainEntityOfPage\":{\"@id\":\"https:\/\/www.arssenasa.gob.do\/index.php\/blog\/2023\/03\/21\/charla-integrando-la-sostenibilidad-en-el-adn-de-la-institucion\/\"},\"wordCount\":169,\"commentCount\":0,\"publisher\":{\"@id\":\"https:\/\/www.arssenasa.gob.do\/#organization\"},\"image\":{\"@id\":\"https:\/\/www.arssenasa.gob.do\/index.php\/blog\/2023\/03\/21\/charla-integrando-la-sostenibilidad-en-el-adn-de-la-institucion\/#primaryimage\"},\"thumbnailUrl\":\"https:\/\/www.arssenasa.gob.do\/wp-content\/uploads\/2023\/03\/WhatsApp-Image-2023-03-17-at-6.11.18-PM.jpeg\",\"keywords\":[\"SeNaSa\"],\"articleSection\":[\"RSI-Educaci\u00f3n\"],\"inLanguage\":\"es\",\"potentialAction\":[{\"@type\":\"CommentAction\",\"name\":\"Comment\",\"target\":[\"https:\/\/www.arssenasa.gob.do\/index.php\/blog\/2023\/03\/21\/charla-integrando-la-sostenibilidad-en-el-adn-de-la-institucion\/#respond\"]}]},{\"@type\":\"WebPage\",\"@id\":\"https:\/\/www.arssenasa.gob.do\/index.php\/blog\/2023\/03\/21\/charla-integrando-la-sostenibilidad-en-el-adn-de-la-institucion\/\",\"url\":\"https:\/\/www.arssenasa.gob.do\/index.php\/blog\/2023\/03\/21\/charla-integrando-la-sostenibilidad-en-el-adn-de-la-institucion\/\",\"name\":\"Charla Integrando la Sostenibilidad en el ADN de la Instituci\u00f3n - ARSSeNaSa\",\"isPartOf\":{\"@id\":\"https:\/\/www.arssenasa.gob.do\/#website\"},\"primaryImageOfPage\":{\"@id\":\"https:\/\/www.arssenasa.gob.do\/index.php\/blog\/2023\/03\/21\/charla-integrando-la-sostenibilidad-en-el-adn-de-la-institucion\/#primaryimage\"},\"image\":{\"@id\":\"https:\/\/www.arssenasa.gob.do\/index.php\/blog\/2023\/03\/21\/charla-integrando-la-sostenibilidad-en-el-adn-de-la-institucion\/#primaryimage\"},\"thumbnailUrl\":\"https:\/\/www.arssenasa.gob.do\/wp-content\/uploads\/2023\/03\/WhatsApp-Image-2023-03-17-at-6.11.18-PM.jpeg\",\"datePublished\":\"2023-03-21T15:04:32+00:00\",\"dateModified\":\"2023-03-24T13:56:46+00:00\",\"description\":\"%\",\"breadcrumb\":{\"@id\":\"https:\/\/www.arssenasa.gob.do\/index.php\/blog\/2023\/03\/21\/charla-integrando-la-sostenibilidad-en-el-adn-de-la-institucion\/#breadcrumb\"},\"inLanguage\":\"es\",\"potentialAction\":[{\"@type\":\"ReadAction\",\"target\":[\"https:\/\/www.arssenasa.gob.do\/index.php\/blog\/2023\/03\/21\/charla-integrando-la-sostenibilidad-en-el-adn-de-la-institucion\/\"]}]},{\"@type\":\"ImageObject\",\"inLanguage\":\"es\",\"@id\":\"https:\/\/www.arssenasa.gob.do\/index.php\/blog\/2023\/03\/21\/charla-integrando-la-sostenibilidad-en-el-adn-de-la-institucion\/#primaryimage\",\"url\":\"https:\/\/www.arssenasa.gob.do\/wp-content\/uploads\/2023\/03\/WhatsApp-Image-2023-03-17-at-6.11.18-PM.jpeg\",\"contentUrl\":\"https:\/\/www.arssenasa.gob.do\/wp-content\/uploads\/2023\/03\/WhatsApp-Image-2023-03-17-at-6.11.18-PM.jpeg\",\"width\":1280,\"height\":798,\"caption\":\"Charla Integrando la Sostenibilidad en el ADN de la Instituci\u00f3n\"},{\"@type\":\"BreadcrumbList\",\"@id\":\"https:\/\/www.arssenasa.gob.do\/index.php\/blog\/2023\/03\/21\/charla-integrando-la-sostenibilidad-en-el-adn-de-la-institucion\/#breadcrumb\",\"itemListElement\":[{\"@type\":\"ListItem\",\"position\":1,\"name\":\"Inicio\",\"item\":\"https:\/\/www.arssenasa.gob.do\/\"},{\"@type\":\"ListItem\",\"position\":2,\"name\":\"Charla Integrando la Sostenibilidad en el ADN de la Instituci\u00f3n\"}]},{\"@type\":\"WebSite\",\"@id\":\"https:\/\/www.arssenasa.gob.do\/#website\",\"url\":\"https:\/\/www.arssenasa.gob.do\/\",\"name\":\"ARSSeNaSa\",\"description\":\"\",\"publisher\":{\"@id\":\"https:\/\/www.arssenasa.gob.do\/#organization\"},\"potentialAction\":[{\"@type\":\"SearchAction\",\"target\":{\"@type\":\"EntryPoint\",\"urlTemplate\":\"https:\/\/www.arssenasa.gob.do\/?s={search_term_string}\"},\"query-input\":{\"@type\":\"PropertyValueSpecification\",\"valueRequired\":true,\"valueName\":\"search_term_string\"}}],\"inLanguage\":\"es\"},{\"@type\":\"Organization\",\"@id\":\"https:\/\/www.arssenasa.gob.do\/#organization\",\"name\":\"SeNaSa - Seguro Nacional de Salud\",\"url\":\"https:\/\/www.arssenasa.gob.do\/\",\"logo\":{\"@type\":\"ImageObject\",\"inLanguage\":\"es\",\"@id\":\"https:\/\/www.arssenasa.gob.do\/#\/schema\/logo\/image\/\",\"url\":\"https:\/\/www.arssenasa.gob.do\/wp-content\/uploads\/2018\/11\/logo2022.png\",\"contentUrl\":\"https:\/\/www.arssenasa.gob.do\/wp-content\/uploads\/2018\/11\/logo2022.png\",\"width\":310,\"height\":200,\"caption\":\"SeNaSa - Seguro Nacional de Salud\"},\"image\":{\"@id\":\"https:\/\/www.arssenasa.gob.do\/#\/schema\/logo\/image\/\"},\"sameAs\":[\"https:\/\/www.facebook.com\/ARSSeNaSaRD\",\"https:\/\/x.com\/arssenasard\",\"https:\/\/www.instagram.com\/arssenasard\/\",\"https:\/\/www.youtube.com\/user\/ARSSeNaSa\"]},{\"@type\":\"Person\",\"@id\":\"https:\/\/www.arssenasa.gob.do\/#\/schema\/person\/b9d6c2c58f44cdecdcdaab7a6f9504c0\",\"name\":\"SeNaSa\",\"image\":{\"@type\":\"ImageObject\",\"inLanguage\":\"es\",\"@id\":\"https:\/\/www.arssenasa.gob.do\/#\/schema\/person\/image\/\",\"url\":\"https:\/\/secure.gravatar.com\/avatar\/3c45125f46520136bb5577344179f8312f2704a1174137df27ae1baa182b5a6e?s=96&d=mm&r=g\",\"contentUrl\":\"https:\/\/secure.gravatar.com\/avatar\/3c45125f46520136bb5577344179f8312f2704a1174137df27ae1baa182b5a6e?s=96&d=mm&r=g\",\"caption\":\"SeNaSa\"},\"url\":\"https:\/\/www.arssenasa.gob.do\/index.php\/blog\/author\/admin\/\"},false]}<\/script>\n<!-- \/ Yoast SEO plugin. -->","yoast_head_json":{"title":"Charla Integrando la Sostenibilidad en el ADN de la Instituci\u00f3n - ARSSeNaSa","description":"%","robots":{"index":"index","follow":"follow","max-snippet":"max-snippet:-1","max-image-preview":"max-image-preview:large","max-video-preview":"max-video-preview:-1"},"canonical":"https:\/\/www.arssenasa.gob.do\/index.php\/blog\/2023\/03\/21\/charla-integrando-la-sostenibilidad-en-el-adn-de-la-institucion\/","og_locale":"es_ES","og_type":"article","og_title":"Charla Integrando la Sostenibilidad en el ADN de la Instituci\u00f3n - ARSSeNaSa","og_description":"%","og_url":"https:\/\/www.arssenasa.gob.do\/index.php\/blog\/2023\/03\/21\/charla-integrando-la-sostenibilidad-en-el-adn-de-la-institucion\/","og_site_name":"ARSSeNaSa","article_publisher":"https:\/\/www.facebook.com\/ARSSeNaSaRD","article_published_time":"2023-03-21T15:04:32+00:00","article_modified_time":"2023-03-24T13:56:46+00:00","og_image":[{"width":1280,"height":798,"url":"https:\/\/www.arssenasa.gob.do\/wp-content\/uploads\/2023\/03\/WhatsApp-Image-2023-03-17-at-6.11.18-PM.jpeg","type":"image\/jpeg"}],"author":"SeNaSa","twitter_card":"summary_large_image","twitter_creator":"@arssenasard","twitter_site":"@arssenasard","twitter_misc":{"Written by":"SeNaSa","Est. reading time":"2 minutos"},"schema":{"@context":"https:\/\/schema.org","@graph":[{"@type":"Article","@id":"https:\/\/www.arssenasa.gob.do\/index.php\/blog\/2023\/03\/21\/charla-integrando-la-sostenibilidad-en-el-adn-de-la-institucion\/#article","isPartOf":{"@id":"https:\/\/www.arssenasa.gob.do\/index.php\/blog\/2023\/03\/21\/charla-integrando-la-sostenibilidad-en-el-adn-de-la-institucion\/"},"author":{"name":"SeNaSa","@id":"https:\/\/www.arssenasa.gob.do\/#\/schema\/person\/b9d6c2c58f44cdecdcdaab7a6f9504c0"},"headline":"Charla Integrando la Sostenibilidad en el ADN de la Instituci\u00f3n","datePublished":"2023-03-21T15:04:32+00:00","dateModified":"2023-03-24T13:56:46+00:00","mainEntityOfPage":{"@id":"https:\/\/www.arssenasa.gob.do\/index.php\/blog\/2023\/03\/21\/charla-integrando-la-sostenibilidad-en-el-adn-de-la-institucion\/"},"wordCount":169,"commentCount":0,"publisher":{"@id":"https:\/\/www.arssenasa.gob.do\/#organization"},"image":{"@id":"https:\/\/www.arssenasa.gob.do\/index.php\/blog\/2023\/03\/21\/charla-integrando-la-sostenibilidad-en-el-adn-de-la-institucion\/#primaryimage"},"thumbnailUrl":"https:\/\/www.arssenasa.gob.do\/wp-content\/uploads\/2023\/03\/WhatsApp-Image-2023-03-17-at-6.11.18-PM.jpeg","keywords":["SeNaSa"],"articleSection":["RSI-Educaci\u00f3n"],"inLanguage":"es","potentialAction":[{"@type":"CommentAction","name":"Comment","target":["https:\/\/www.arssenasa.gob.do\/index.php\/blog\/2023\/03\/21\/charla-integrando-la-sostenibilidad-en-el-adn-de-la-institucion\/#respond"]}]},{"@type":"WebPage","@id":"https:\/\/www.arssenasa.gob.do\/index.php\/blog\/2023\/03\/21\/charla-integrando-la-sostenibilidad-en-el-adn-de-la-institucion\/","url":"https:\/\/www.arssenasa.gob.do\/index.php\/blog\/2023\/03\/21\/charla-integrando-la-sostenibilidad-en-el-adn-de-la-institucion\/","name":"Charla Integrando la Sostenibilidad en el ADN de la Instituci\u00f3n - ARSSeNaSa","isPartOf":{"@id":"https:\/\/www.arssenasa.gob.do\/#website"},"primaryImageOfPage":{"@id":"https:\/\/www.arssenasa.gob.do\/index.php\/blog\/2023\/03\/21\/charla-integrando-la-sostenibilidad-en-el-adn-de-la-institucion\/#primaryimage"},"image":{"@id":"https:\/\/www.arssenasa.gob.do\/index.php\/blog\/2023\/03\/21\/charla-integrando-la-sostenibilidad-en-el-adn-de-la-institucion\/#primaryimage"},"thumbnailUrl":"https:\/\/www.arssenasa.gob.do\/wp-content\/uploads\/2023\/03\/WhatsApp-Image-2023-03-17-at-6.11.18-PM.jpeg","datePublished":"2023-03-21T15:04:32+00:00","dateModified":"2023-03-24T13:56:46+00:00","description":"%","breadcrumb":{"@id":"https:\/\/www.arssenasa.gob.do\/index.php\/blog\/2023\/03\/21\/charla-integrando-la-sostenibilidad-en-el-adn-de-la-institucion\/#breadcrumb"},"inLanguage":"es","potentialAction":[{"@type":"ReadAction","target":["https:\/\/www.arssenasa.gob.do\/index.php\/blog\/2023\/03\/21\/charla-integrando-la-sostenibilidad-en-el-adn-de-la-institucion\/"]}]},{"@type":"ImageObject","inLanguage":"es","@id":"https:\/\/www.arssenasa.gob.do\/index.php\/blog\/2023\/03\/21\/charla-integrando-la-sostenibilidad-en-el-adn-de-la-institucion\/#primaryimage","url":"https:\/\/www.arssenasa.gob.do\/wp-content\/uploads\/2023\/03\/WhatsApp-Image-2023-03-17-at-6.11.18-PM.jpeg","contentUrl":"https:\/\/www.arssenasa.gob.do\/wp-content\/uploads\/2023\/03\/WhatsApp-Image-2023-03-17-at-6.11.18-PM.jpeg","width":1280,"height":798,"caption":"Charla Integrando la Sostenibilidad en el ADN de la Instituci\u00f3n"},{"@type":"BreadcrumbList","@id":"https:\/\/www.arssenasa.gob.do\/index.php\/blog\/2023\/03\/21\/charla-integrando-la-sostenibilidad-en-el-adn-de-la-institucion\/#breadcrumb","itemListElement":[{"@type":"ListItem","position":1,"name":"Inicio","item":"https:\/\/www.arssenasa.gob.do\/"},{"@type":"ListItem","position":2,"name":"Charla Integrando la Sostenibilidad en el ADN de la Instituci\u00f3n"}]},{"@type":"WebSite","@id":"https:\/\/www.arssenasa.gob.do\/#website","url":"https:\/\/www.arssenasa.gob.do\/","name":"ARSSeNaSa","description":"","publisher":{"@id":"https:\/\/www.arssenasa.gob.do\/#organization"},"potentialAction":[{"@type":"SearchAction","target":{"@type":"EntryPoint","urlTemplate":"https:\/\/www.arssenasa.gob.do\/?s={search_term_string}"},"query-input":{"@type":"PropertyValueSpecification","valueRequired":true,"valueName":"search_term_string"}}],"inLanguage":"es"},{"@type":"Organization","@id":"https:\/\/www.arssenasa.gob.do\/#organization","name":"SeNaSa - Seguro Nacional de Salud","url":"https:\/\/www.arssenasa.gob.do\/","logo":{"@type":"ImageObject","inLanguage":"es","@id":"https:\/\/www.arssenasa.gob.do\/#\/schema\/logo\/image\/","url":"https:\/\/www.arssenasa.gob.do\/wp-content\/uploads\/2018\/11\/logo2022.png","contentUrl":"https:\/\/www.arssenasa.gob.do\/wp-content\/uploads\/2018\/11\/logo2022.png","width":310,"height":200,"caption":"SeNaSa - Seguro Nacional de Salud"},"image":{"@id":"https:\/\/www.arssenasa.gob.do\/#\/schema\/logo\/image\/"},"sameAs":["https:\/\/www.facebook.com\/ARSSeNaSaRD","https:\/\/x.com\/arssenasard","https:\/\/www.instagram.com\/arssenasard\/","https:\/\/www.youtube.com\/user\/ARSSeNaSa"]},{"@type":"Person","@id":"https:\/\/www.arssenasa.gob.do\/#\/schema\/person\/b9d6c2c58f44cdecdcdaab7a6f9504c0","name":"SeNaSa","image":{"@type":"ImageObject","inLanguage":"es","@id":"https:\/\/www.arssenasa.gob.do\/#\/schema\/person\/image\/","url":"https:\/\/secure.gravatar.com\/avatar\/3c45125f46520136bb5577344179f8312f2704a1174137df27ae1baa182b5a6e?s=96&d=mm&r=g","contentUrl":"https:\/\/secure.gravatar.com\/avatar\/3c45125f46520136bb5577344179f8312f2704a1174137df27ae1baa182b5a6e?s=96&d=mm&r=g","caption":"SeNaSa"},"url":"https:\/\/www.arssenasa.gob.do\/index.php\/blog\/author\/admin\/"},false]}},"yasr_visitor_votes":{"stars_attributes":{"read_only":false,"span_bottom":false},"number_of_votes":0,"sum_votes":0},"_links":{"self":[{"href":"https:\/\/www.arssenasa.gob.do\/index.php\/wp-json\/wp\/v2\/posts\/16222","targetHints":{"allow":["GET"]}}],"collection":[{"href":"https:\/\/www.arssenasa.gob.do\/index.php\/wp-json\/wp\/v2\/posts"}],"about":[{"href":"https:\/\/www.arssenasa.gob.do\/index.php\/wp-json\/wp\/v2\/types\/post"}],"author":[{"embeddable":true,"href":"https:\/\/www.arssenasa.gob.do\/index.php\/wp-json\/wp\/v2\/users\/3"}],"replies":[{"embeddable":true,"href":"https:\/\/www.arssenasa.gob.do\/index.php\/wp-json\/wp\/v2\/comments?post=16222"}],"version-history":[{"count":1,"href":"https:\/\/www.arssenasa.gob.do\/index.php\/wp-json\/wp\/v2\/posts\/16222\/revisions"}],"predecessor-version":[{"id":16228,"href":"https:\/\/www.arssenasa.gob.do\/index.php\/wp-json\/wp\/v2\/posts\/16222\/revisions\/16228"}],"wp:featuredmedia":[{"embeddable":true,"href":"https:\/\/www.arssenasa.gob.do\/index.php\/wp-json\/wp\/v2\/media\/16227"}],"wp:attachment":[{"href":"https:\/\/www.arssenasa.gob.do\/index.php\/wp-json\/wp\/v2\/media?parent=16222"}],"wp:term":[{"taxonomy":"category","embeddable":true,"href":"https:\/\/www.arssenasa.gob.do\/index.php\/wp-json\/wp\/v2\/categories?post=16222"},{"taxonomy":"post_tag","embeddable":true,"href":"https:\/\/www.arssenasa.gob.do\/index.php\/wp-json\/wp\/v2\/tags?post=16222"}],"curies":[{"name":"wp","href":"https:\/\/api.w.org\/{rel}","templated":true}]}}