{"id":17048,"date":"2023-06-14T08:01:47","date_gmt":"2023-06-14T12:01:47","guid":{"rendered":"https:\/\/www.arssenasa.gob.do\/?p=17048"},"modified":"2023-06-14T08:01:49","modified_gmt":"2023-06-14T12:01:49","slug":"director-de-senasa-destaca-que-afiliados-demandaron-el-86-del-total-de-la-sangre-colectada-en-2022","status":"publish","type":"post","link":"https:\/\/www.arssenasa.gob.do\/index.php\/blog\/2023\/06\/14\/director-de-senasa-destaca-que-afiliados-demandaron-el-86-del-total-de-la-sangre-colectada-en-2022\/","title":{"rendered":"Director de SeNaSa destaca que afiliados demandaron el 86% del total de la sangre colectada\u00a0en 2022"},"content":{"rendered":"\n<p>1 \/ 2<\/p>\n\n\n\n<p><strong>Director de SeNaSa destaca que afiliados demandaron el 86% del total de la sangre colectada&nbsp;<\/strong><strong>en 2022<\/strong><\/p>\n\n\n\n<p><strong>Santo Domingo. &#8211;<\/strong>&nbsp;De acuerdo con las estad\u00edsticas del Hemocentro Nacional en el pa\u00eds se&nbsp;recolectan unas 150 mil unidades de sangre por a\u00f1o, lo que representa apenas el 50% de la&nbsp;demanda nacional. En ese sentido, el director ejecutivo del SeNaSa resalt\u00f3 que, \u201cs\u00f3lo nuestros&nbsp;afiliados demandaron 129 mil unidades de sangre de estas en el 2022, lo que represent\u00f3 el 86%&nbsp;del total colectado en ese per\u00edodo. Y eso indica que los afiliados tuvieron cobertura completa a&nbsp;sus necesidades de servicios de hemoterapia, incluyendo hemoderivados\u201d.<\/p>\n\n\n\n<p>El doctor Santiago Hazim expres\u00f3 que, a pesar de esa cobertura de SeNaSa a sus afiliados, es de&nbsp;suma importancia que el pa\u00eds se aboque a fortalecer la donaci\u00f3n y preparaci\u00f3n de derivados de&nbsp;la sangre, de forma que haya una disponibilidad efectiva para dar respuesta a las necesidades&nbsp;de la poblaci\u00f3n seg\u00fan su condici\u00f3n de salud.<\/p>\n\n\n\n<p>Explic\u00f3 que, si bien hay avance en la donaci\u00f3n de sangre cada vez se hace m\u00e1s necesario contar&nbsp;con componentes tales como concentrados de gl\u00f3bulos rojos, concentrados de plaquetas,&nbsp;plasma y crioprecipitado, para las personas con enfermedades que lo requieren.<\/p>\n\n\n\n<p>El funcionario destac\u00f3 que en 17 meses m\u00e1s de 149 mil afiliados demandaron 172,779 servicios&nbsp;de hemoterapia (sangre y sus derivados) que est\u00e1n dentro del Plan de Servicios de Salud (PDSS).&nbsp;Esto represent\u00f3 una inversi\u00f3n de m\u00e1s de 75.9 millones de pesos correspondientes al a\u00f1o 2022&nbsp;y los cuatro primeros meses del 2023 (enero-mayo) de acuerdo con los datos de la Unidad de&nbsp;Estad\u00edstica e Investigaci\u00f3n, de la instituci\u00f3n.<\/p>\n\n\n\n<p>\u201cA manera de ejemplo, solo el pasado a\u00f1o los afiliados requirieron 341 unidades de plasma&nbsp;fresco congelado el cual ayuda a que la sangre se coagule y se utiliza en los pacientes para reducir&nbsp;las hemorragias. Asimismo, nuestros afiliados requirieron 277 unidades de plaquetas que&nbsp;detienen las hemorragias formando co\u00e1gulos; son esenciales para quienes luchan contra el&nbsp;c\u00e1ncer, las enfermedades y las lesiones traum\u00e1ticas. Estos son tan s\u00f3lo algunos de los derivados&nbsp;que se pueden obtener de la sangre y que tambi\u00e9n est\u00e1n contempladas dentro de la data antes&nbsp;citada\u201d, especific\u00f3.<\/p>\n\n\n\n<p>Otros elementos, que destacan las estad\u00edsticas, prosigui\u00f3 el doctor Hazim, es que quienes&nbsp;demandan mayormente este servicio son gente joven que est\u00e1n en el rango de los 20 a los 34&nbsp;a\u00f1os, y en cuanto al g\u00e9nero, las mujeres son quienes m\u00e1s utilizan este servicio de hemoterapia&nbsp;por los distintos procesos ginecol\u00f3gicos y obst\u00e9tricos para los que se requiere contar con sangre&nbsp;total y hemoderivados.<\/p>\n\n\n\n<p>\u201cEn lo que se refiere a la gente joven, la demanda de estos servicios est\u00e1 asociado con los&nbsp;politraumatismos relacionados con la cantidad de accidentes de tr\u00e1nsito que tenemos&nbsp;registrados, de los cuales algunos conllevan neurocirug\u00edas y cirug\u00edas ortop\u00e9dicas\u201d, cont\u00f3.<\/p>\n\n\n\n<p>Desde el punto de vista de las enfermedades oncol\u00f3gicas, el doctor Hazim prosigui\u00f3 indicando&nbsp;que los pacientes con c\u00e1ncer frecuentemente requieren hemoderivados espec\u00edficos como son:&nbsp;paquetes globulares, plaquetas, plasmas y gl\u00f3bulos blancos, elementos que contribuyen a&nbsp;mejorar o salvar vidas.<\/p>\n\n\n\n<p>A prop\u00f3sito de conmemorarse este mi\u00e9rcoles el \u201cD\u00eda Mundial del Donante de Sangre\u201d, el&nbsp;funcionario inst\u00f3 a todo aquel que pueda donar sangre acudir al Hemocentro Nacional del&nbsp;Ministerio de Salud P\u00fablica, quien lleva a cabo su campa\u00f1a: \u201cRD se viste de rojo\u201d.<\/p>\n\n\n\n<hr class=\"wp-block-separator has-alpha-channel-opacity\"\/>\n\n\n\n<p>2 \/ 2<\/p>\n\n\n\n<p>Explic\u00f3 que sin este tipo de respaldo ser\u00eda imposible dar respuesta a la poblaci\u00f3n que lo requiere&nbsp;por eso \u201cestamos incentivando a que tengamos una cultura de donaci\u00f3n, a que apoyemos las&nbsp;distintas instituciones p\u00fablicas y privadas que colectan sangre y que cumplen con todos los&nbsp;requisitos sanitarios y t\u00e9cnicos establecidos en la ley general de salud, para poder salvar la&nbsp;vida.\u201d.<\/p>\n\n\n\n<p><strong>La cobertura<\/strong><\/p>\n\n\n\n<p>El Plan de Servicios de Salud (PDSS) establece que los servicios de hemoterapia tienen un 90%&nbsp;de cobertura por parte de la Administradora de Riesgos de Salud y un 10% de pago por parte del&nbsp;afiliado. Esto incluye, la sangre y sus derivados y la administraci\u00f3n de la misma por parte del&nbsp;prestador de servicios de salud.<\/p>\n","protected":false},"excerpt":{"rendered":"<p>1 \/ 2 Director de SeNaSa destaca que afiliados demandaron el 86% del total de la sangre colectada&nbsp;en 2022 Santo Domingo. &#8211;&nbsp;De acuerdo con las estad\u00edsticas del Hemocentro Nacional en el pa\u00eds se&nbsp;recolectan unas 150 mil unidades de sangre por a\u00f1o, lo que representa apenas el 50% de la&nbsp;demanda nacional. En ese sentido, el director [&hellip;]<\/p>\n","protected":false},"author":3,"featured_media":17049,"comment_status":"closed","ping_status":"open","sticky":false,"template":"","format":"standard","meta":{"inline_featured_image":false,"yasr_overall_rating":0,"yasr_post_is_review":"","yasr_auto_insert_disabled":"","yasr_review_type":"","_glsr_average":0,"_glsr_ranking":0,"_glsr_reviews":0,"footnotes":""},"categories":[13],"tags":[41],"class_list":["post-17048","post","type-post","status-publish","format-standard","has-post-thumbnail","hentry","category-noticias","tag-senasa"],"yoast_head":"<!-- This site is optimized with the Yoast SEO plugin v26.6 - https:\/\/yoast.com\/wordpress\/plugins\/seo\/ -->\n<title>Director de SeNaSa destaca que afiliados demandaron el 86% del total de la sangre colectada\u00a0en 2022 - ARSSeNaSa<\/title>\n<meta name=\"description\" content=\"%\" \/>\n<meta name=\"robots\" content=\"index, follow, max-snippet:-1, max-image-preview:large, max-video-preview:-1\" \/>\n<link rel=\"canonical\" href=\"https:\/\/www.arssenasa.gob.do\/index.php\/blog\/2023\/06\/14\/director-de-senasa-destaca-que-afiliados-demandaron-el-86-del-total-de-la-sangre-colectada-en-2022\/\" \/>\n<meta property=\"og:locale\" content=\"es_ES\" \/>\n<meta property=\"og:type\" content=\"article\" \/>\n<meta property=\"og:title\" content=\"Director de SeNaSa destaca que afiliados demandaron el 86% del total de la sangre colectada\u00a0en 2022 - ARSSeNaSa\" \/>\n<meta property=\"og:description\" content=\"%\" \/>\n<meta property=\"og:url\" content=\"https:\/\/www.arssenasa.gob.do\/index.php\/blog\/2023\/06\/14\/director-de-senasa-destaca-que-afiliados-demandaron-el-86-del-total-de-la-sangre-colectada-en-2022\/\" \/>\n<meta property=\"og:site_name\" content=\"ARSSeNaSa\" \/>\n<meta property=\"article:publisher\" content=\"https:\/\/www.facebook.com\/ARSSeNaSaRD\" \/>\n<meta property=\"article:published_time\" content=\"2023-06-14T12:01:47+00:00\" \/>\n<meta property=\"article:modified_time\" content=\"2023-06-14T12:01:49+00:00\" \/>\n<meta property=\"og:image\" content=\"https:\/\/www.arssenasa.gob.do\/wp-content\/uploads\/2023\/06\/Doctor-Santiago-Hazim.jpg\" \/>\n\t<meta property=\"og:image:width\" content=\"1280\" \/>\n\t<meta property=\"og:image:height\" content=\"853\" \/>\n\t<meta property=\"og:image:type\" content=\"image\/jpeg\" \/>\n<meta name=\"author\" content=\"SeNaSa\" \/>\n<meta name=\"twitter:card\" content=\"summary_large_image\" \/>\n<meta name=\"twitter:creator\" content=\"@arssenasard\" \/>\n<meta name=\"twitter:site\" content=\"@arssenasard\" \/>\n<meta name=\"twitter:label1\" content=\"Written by\" \/>\n\t<meta name=\"twitter:data1\" content=\"SeNaSa\" \/>\n\t<meta name=\"twitter:label2\" content=\"Est. reading time\" \/>\n\t<meta name=\"twitter:data2\" content=\"4 minutos\" \/>\n<script type=\"application\/ld+json\" class=\"yoast-schema-graph\">{\"@context\":\"https:\/\/schema.org\",\"@graph\":[{\"@type\":\"Article\",\"@id\":\"https:\/\/www.arssenasa.gob.do\/index.php\/blog\/2023\/06\/14\/director-de-senasa-destaca-que-afiliados-demandaron-el-86-del-total-de-la-sangre-colectada-en-2022\/#article\",\"isPartOf\":{\"@id\":\"https:\/\/www.arssenasa.gob.do\/index.php\/blog\/2023\/06\/14\/director-de-senasa-destaca-que-afiliados-demandaron-el-86-del-total-de-la-sangre-colectada-en-2022\/\"},\"author\":{\"name\":\"SeNaSa\",\"@id\":\"https:\/\/www.arssenasa.gob.do\/#\/schema\/person\/b9d6c2c58f44cdecdcdaab7a6f9504c0\"},\"headline\":\"Director de SeNaSa destaca que afiliados demandaron el 86% del total de la sangre colectada\u00a0en 2022\",\"datePublished\":\"2023-06-14T12:01:47+00:00\",\"dateModified\":\"2023-06-14T12:01:49+00:00\",\"mainEntityOfPage\":{\"@id\":\"https:\/\/www.arssenasa.gob.do\/index.php\/blog\/2023\/06\/14\/director-de-senasa-destaca-que-afiliados-demandaron-el-86-del-total-de-la-sangre-colectada-en-2022\/\"},\"wordCount\":761,\"publisher\":{\"@id\":\"https:\/\/www.arssenasa.gob.do\/#organization\"},\"image\":{\"@id\":\"https:\/\/www.arssenasa.gob.do\/index.php\/blog\/2023\/06\/14\/director-de-senasa-destaca-que-afiliados-demandaron-el-86-del-total-de-la-sangre-colectada-en-2022\/#primaryimage\"},\"thumbnailUrl\":\"https:\/\/www.arssenasa.gob.do\/wp-content\/uploads\/2023\/06\/Doctor-Santiago-Hazim.jpg\",\"keywords\":[\"SeNaSa\"],\"articleSection\":[\"Noticias\"],\"inLanguage\":\"es\"},{\"@type\":\"WebPage\",\"@id\":\"https:\/\/www.arssenasa.gob.do\/index.php\/blog\/2023\/06\/14\/director-de-senasa-destaca-que-afiliados-demandaron-el-86-del-total-de-la-sangre-colectada-en-2022\/\",\"url\":\"https:\/\/www.arssenasa.gob.do\/index.php\/blog\/2023\/06\/14\/director-de-senasa-destaca-que-afiliados-demandaron-el-86-del-total-de-la-sangre-colectada-en-2022\/\",\"name\":\"Director de SeNaSa destaca que afiliados demandaron el 86% del total de la sangre colectada\u00a0en 2022 - ARSSeNaSa\",\"isPartOf\":{\"@id\":\"https:\/\/www.arssenasa.gob.do\/#website\"},\"primaryImageOfPage\":{\"@id\":\"https:\/\/www.arssenasa.gob.do\/index.php\/blog\/2023\/06\/14\/director-de-senasa-destaca-que-afiliados-demandaron-el-86-del-total-de-la-sangre-colectada-en-2022\/#primaryimage\"},\"image\":{\"@id\":\"https:\/\/www.arssenasa.gob.do\/index.php\/blog\/2023\/06\/14\/director-de-senasa-destaca-que-afiliados-demandaron-el-86-del-total-de-la-sangre-colectada-en-2022\/#primaryimage\"},\"thumbnailUrl\":\"https:\/\/www.arssenasa.gob.do\/wp-content\/uploads\/2023\/06\/Doctor-Santiago-Hazim.jpg\",\"datePublished\":\"2023-06-14T12:01:47+00:00\",\"dateModified\":\"2023-06-14T12:01:49+00:00\",\"description\":\"%\",\"breadcrumb\":{\"@id\":\"https:\/\/www.arssenasa.gob.do\/index.php\/blog\/2023\/06\/14\/director-de-senasa-destaca-que-afiliados-demandaron-el-86-del-total-de-la-sangre-colectada-en-2022\/#breadcrumb\"},\"inLanguage\":\"es\",\"potentialAction\":[{\"@type\":\"ReadAction\",\"target\":[\"https:\/\/www.arssenasa.gob.do\/index.php\/blog\/2023\/06\/14\/director-de-senasa-destaca-que-afiliados-demandaron-el-86-del-total-de-la-sangre-colectada-en-2022\/\"]}]},{\"@type\":\"ImageObject\",\"inLanguage\":\"es\",\"@id\":\"https:\/\/www.arssenasa.gob.do\/index.php\/blog\/2023\/06\/14\/director-de-senasa-destaca-que-afiliados-demandaron-el-86-del-total-de-la-sangre-colectada-en-2022\/#primaryimage\",\"url\":\"https:\/\/www.arssenasa.gob.do\/wp-content\/uploads\/2023\/06\/Doctor-Santiago-Hazim.jpg\",\"contentUrl\":\"https:\/\/www.arssenasa.gob.do\/wp-content\/uploads\/2023\/06\/Doctor-Santiago-Hazim.jpg\",\"width\":1280,\"height\":853,\"caption\":\"Doctor Santiago Hazim\"},{\"@type\":\"BreadcrumbList\",\"@id\":\"https:\/\/www.arssenasa.gob.do\/index.php\/blog\/2023\/06\/14\/director-de-senasa-destaca-que-afiliados-demandaron-el-86-del-total-de-la-sangre-colectada-en-2022\/#breadcrumb\",\"itemListElement\":[{\"@type\":\"ListItem\",\"position\":1,\"name\":\"Inicio\",\"item\":\"https:\/\/www.arssenasa.gob.do\/\"},{\"@type\":\"ListItem\",\"position\":2,\"name\":\"Director de SeNaSa destaca que afiliados demandaron el 86% del total de la sangre colectada\u00a0en 2022\"}]},{\"@type\":\"WebSite\",\"@id\":\"https:\/\/www.arssenasa.gob.do\/#website\",\"url\":\"https:\/\/www.arssenasa.gob.do\/\",\"name\":\"ARSSeNaSa\",\"description\":\"\",\"publisher\":{\"@id\":\"https:\/\/www.arssenasa.gob.do\/#organization\"},\"potentialAction\":[{\"@type\":\"SearchAction\",\"target\":{\"@type\":\"EntryPoint\",\"urlTemplate\":\"https:\/\/www.arssenasa.gob.do\/?s={search_term_string}\"},\"query-input\":{\"@type\":\"PropertyValueSpecification\",\"valueRequired\":true,\"valueName\":\"search_term_string\"}}],\"inLanguage\":\"es\"},{\"@type\":\"Organization\",\"@id\":\"https:\/\/www.arssenasa.gob.do\/#organization\",\"name\":\"SeNaSa - Seguro Nacional de Salud\",\"url\":\"https:\/\/www.arssenasa.gob.do\/\",\"logo\":{\"@type\":\"ImageObject\",\"inLanguage\":\"es\",\"@id\":\"https:\/\/www.arssenasa.gob.do\/#\/schema\/logo\/image\/\",\"url\":\"https:\/\/www.arssenasa.gob.do\/wp-content\/uploads\/2018\/11\/logo2022.png\",\"contentUrl\":\"https:\/\/www.arssenasa.gob.do\/wp-content\/uploads\/2018\/11\/logo2022.png\",\"width\":310,\"height\":200,\"caption\":\"SeNaSa - Seguro Nacional de Salud\"},\"image\":{\"@id\":\"https:\/\/www.arssenasa.gob.do\/#\/schema\/logo\/image\/\"},\"sameAs\":[\"https:\/\/www.facebook.com\/ARSSeNaSaRD\",\"https:\/\/x.com\/arssenasard\",\"https:\/\/www.instagram.com\/arssenasard\/\",\"https:\/\/www.youtube.com\/user\/ARSSeNaSa\"]},{\"@type\":\"Person\",\"@id\":\"https:\/\/www.arssenasa.gob.do\/#\/schema\/person\/b9d6c2c58f44cdecdcdaab7a6f9504c0\",\"name\":\"SeNaSa\",\"image\":{\"@type\":\"ImageObject\",\"inLanguage\":\"es\",\"@id\":\"https:\/\/www.arssenasa.gob.do\/#\/schema\/person\/image\/\",\"url\":\"https:\/\/secure.gravatar.com\/avatar\/3c45125f46520136bb5577344179f8312f2704a1174137df27ae1baa182b5a6e?s=96&d=mm&r=g\",\"contentUrl\":\"https:\/\/secure.gravatar.com\/avatar\/3c45125f46520136bb5577344179f8312f2704a1174137df27ae1baa182b5a6e?s=96&d=mm&r=g\",\"caption\":\"SeNaSa\"},\"url\":\"https:\/\/www.arssenasa.gob.do\/index.php\/blog\/author\/admin\/\"},false]}<\/script>\n<!-- \/ Yoast SEO plugin. -->","yoast_head_json":{"title":"Director de SeNaSa destaca que afiliados demandaron el 86% del total de la sangre colectada\u00a0en 2022 - ARSSeNaSa","description":"%","robots":{"index":"index","follow":"follow","max-snippet":"max-snippet:-1","max-image-preview":"max-image-preview:large","max-video-preview":"max-video-preview:-1"},"canonical":"https:\/\/www.arssenasa.gob.do\/index.php\/blog\/2023\/06\/14\/director-de-senasa-destaca-que-afiliados-demandaron-el-86-del-total-de-la-sangre-colectada-en-2022\/","og_locale":"es_ES","og_type":"article","og_title":"Director de SeNaSa destaca que afiliados demandaron el 86% del total de la sangre colectada\u00a0en 2022 - ARSSeNaSa","og_description":"%","og_url":"https:\/\/www.arssenasa.gob.do\/index.php\/blog\/2023\/06\/14\/director-de-senasa-destaca-que-afiliados-demandaron-el-86-del-total-de-la-sangre-colectada-en-2022\/","og_site_name":"ARSSeNaSa","article_publisher":"https:\/\/www.facebook.com\/ARSSeNaSaRD","article_published_time":"2023-06-14T12:01:47+00:00","article_modified_time":"2023-06-14T12:01:49+00:00","og_image":[{"width":1280,"height":853,"url":"https:\/\/www.arssenasa.gob.do\/wp-content\/uploads\/2023\/06\/Doctor-Santiago-Hazim.jpg","type":"image\/jpeg"}],"author":"SeNaSa","twitter_card":"summary_large_image","twitter_creator":"@arssenasard","twitter_site":"@arssenasard","twitter_misc":{"Written by":"SeNaSa","Est. reading time":"4 minutos"},"schema":{"@context":"https:\/\/schema.org","@graph":[{"@type":"Article","@id":"https:\/\/www.arssenasa.gob.do\/index.php\/blog\/2023\/06\/14\/director-de-senasa-destaca-que-afiliados-demandaron-el-86-del-total-de-la-sangre-colectada-en-2022\/#article","isPartOf":{"@id":"https:\/\/www.arssenasa.gob.do\/index.php\/blog\/2023\/06\/14\/director-de-senasa-destaca-que-afiliados-demandaron-el-86-del-total-de-la-sangre-colectada-en-2022\/"},"author":{"name":"SeNaSa","@id":"https:\/\/www.arssenasa.gob.do\/#\/schema\/person\/b9d6c2c58f44cdecdcdaab7a6f9504c0"},"headline":"Director de SeNaSa destaca que afiliados demandaron el 86% del total de la sangre colectada\u00a0en 2022","datePublished":"2023-06-14T12:01:47+00:00","dateModified":"2023-06-14T12:01:49+00:00","mainEntityOfPage":{"@id":"https:\/\/www.arssenasa.gob.do\/index.php\/blog\/2023\/06\/14\/director-de-senasa-destaca-que-afiliados-demandaron-el-86-del-total-de-la-sangre-colectada-en-2022\/"},"wordCount":761,"publisher":{"@id":"https:\/\/www.arssenasa.gob.do\/#organization"},"image":{"@id":"https:\/\/www.arssenasa.gob.do\/index.php\/blog\/2023\/06\/14\/director-de-senasa-destaca-que-afiliados-demandaron-el-86-del-total-de-la-sangre-colectada-en-2022\/#primaryimage"},"thumbnailUrl":"https:\/\/www.arssenasa.gob.do\/wp-content\/uploads\/2023\/06\/Doctor-Santiago-Hazim.jpg","keywords":["SeNaSa"],"articleSection":["Noticias"],"inLanguage":"es"},{"@type":"WebPage","@id":"https:\/\/www.arssenasa.gob.do\/index.php\/blog\/2023\/06\/14\/director-de-senasa-destaca-que-afiliados-demandaron-el-86-del-total-de-la-sangre-colectada-en-2022\/","url":"https:\/\/www.arssenasa.gob.do\/index.php\/blog\/2023\/06\/14\/director-de-senasa-destaca-que-afiliados-demandaron-el-86-del-total-de-la-sangre-colectada-en-2022\/","name":"Director de SeNaSa destaca que afiliados demandaron el 86% del total de la sangre colectada\u00a0en 2022 - ARSSeNaSa","isPartOf":{"@id":"https:\/\/www.arssenasa.gob.do\/#website"},"primaryImageOfPage":{"@id":"https:\/\/www.arssenasa.gob.do\/index.php\/blog\/2023\/06\/14\/director-de-senasa-destaca-que-afiliados-demandaron-el-86-del-total-de-la-sangre-colectada-en-2022\/#primaryimage"},"image":{"@id":"https:\/\/www.arssenasa.gob.do\/index.php\/blog\/2023\/06\/14\/director-de-senasa-destaca-que-afiliados-demandaron-el-86-del-total-de-la-sangre-colectada-en-2022\/#primaryimage"},"thumbnailUrl":"https:\/\/www.arssenasa.gob.do\/wp-content\/uploads\/2023\/06\/Doctor-Santiago-Hazim.jpg","datePublished":"2023-06-14T12:01:47+00:00","dateModified":"2023-06-14T12:01:49+00:00","description":"%","breadcrumb":{"@id":"https:\/\/www.arssenasa.gob.do\/index.php\/blog\/2023\/06\/14\/director-de-senasa-destaca-que-afiliados-demandaron-el-86-del-total-de-la-sangre-colectada-en-2022\/#breadcrumb"},"inLanguage":"es","potentialAction":[{"@type":"ReadAction","target":["https:\/\/www.arssenasa.gob.do\/index.php\/blog\/2023\/06\/14\/director-de-senasa-destaca-que-afiliados-demandaron-el-86-del-total-de-la-sangre-colectada-en-2022\/"]}]},{"@type":"ImageObject","inLanguage":"es","@id":"https:\/\/www.arssenasa.gob.do\/index.php\/blog\/2023\/06\/14\/director-de-senasa-destaca-que-afiliados-demandaron-el-86-del-total-de-la-sangre-colectada-en-2022\/#primaryimage","url":"https:\/\/www.arssenasa.gob.do\/wp-content\/uploads\/2023\/06\/Doctor-Santiago-Hazim.jpg","contentUrl":"https:\/\/www.arssenasa.gob.do\/wp-content\/uploads\/2023\/06\/Doctor-Santiago-Hazim.jpg","width":1280,"height":853,"caption":"Doctor Santiago Hazim"},{"@type":"BreadcrumbList","@id":"https:\/\/www.arssenasa.gob.do\/index.php\/blog\/2023\/06\/14\/director-de-senasa-destaca-que-afiliados-demandaron-el-86-del-total-de-la-sangre-colectada-en-2022\/#breadcrumb","itemListElement":[{"@type":"ListItem","position":1,"name":"Inicio","item":"https:\/\/www.arssenasa.gob.do\/"},{"@type":"ListItem","position":2,"name":"Director de SeNaSa destaca que afiliados demandaron el 86% del total de la sangre colectada\u00a0en 2022"}]},{"@type":"WebSite","@id":"https:\/\/www.arssenasa.gob.do\/#website","url":"https:\/\/www.arssenasa.gob.do\/","name":"ARSSeNaSa","description":"","publisher":{"@id":"https:\/\/www.arssenasa.gob.do\/#organization"},"potentialAction":[{"@type":"SearchAction","target":{"@type":"EntryPoint","urlTemplate":"https:\/\/www.arssenasa.gob.do\/?s={search_term_string}"},"query-input":{"@type":"PropertyValueSpecification","valueRequired":true,"valueName":"search_term_string"}}],"inLanguage":"es"},{"@type":"Organization","@id":"https:\/\/www.arssenasa.gob.do\/#organization","name":"SeNaSa - Seguro Nacional de Salud","url":"https:\/\/www.arssenasa.gob.do\/","logo":{"@type":"ImageObject","inLanguage":"es","@id":"https:\/\/www.arssenasa.gob.do\/#\/schema\/logo\/image\/","url":"https:\/\/www.arssenasa.gob.do\/wp-content\/uploads\/2018\/11\/logo2022.png","contentUrl":"https:\/\/www.arssenasa.gob.do\/wp-content\/uploads\/2018\/11\/logo2022.png","width":310,"height":200,"caption":"SeNaSa - Seguro Nacional de Salud"},"image":{"@id":"https:\/\/www.arssenasa.gob.do\/#\/schema\/logo\/image\/"},"sameAs":["https:\/\/www.facebook.com\/ARSSeNaSaRD","https:\/\/x.com\/arssenasard","https:\/\/www.instagram.com\/arssenasard\/","https:\/\/www.youtube.com\/user\/ARSSeNaSa"]},{"@type":"Person","@id":"https:\/\/www.arssenasa.gob.do\/#\/schema\/person\/b9d6c2c58f44cdecdcdaab7a6f9504c0","name":"SeNaSa","image":{"@type":"ImageObject","inLanguage":"es","@id":"https:\/\/www.arssenasa.gob.do\/#\/schema\/person\/image\/","url":"https:\/\/secure.gravatar.com\/avatar\/3c45125f46520136bb5577344179f8312f2704a1174137df27ae1baa182b5a6e?s=96&d=mm&r=g","contentUrl":"https:\/\/secure.gravatar.com\/avatar\/3c45125f46520136bb5577344179f8312f2704a1174137df27ae1baa182b5a6e?s=96&d=mm&r=g","caption":"SeNaSa"},"url":"https:\/\/www.arssenasa.gob.do\/index.php\/blog\/author\/admin\/"},false]}},"yasr_visitor_votes":{"stars_attributes":{"read_only":false,"span_bottom":false},"number_of_votes":0,"sum_votes":0},"_links":{"self":[{"href":"https:\/\/www.arssenasa.gob.do\/index.php\/wp-json\/wp\/v2\/posts\/17048","targetHints":{"allow":["GET"]}}],"collection":[{"href":"https:\/\/www.arssenasa.gob.do\/index.php\/wp-json\/wp\/v2\/posts"}],"about":[{"href":"https:\/\/www.arssenasa.gob.do\/index.php\/wp-json\/wp\/v2\/types\/post"}],"author":[{"embeddable":true,"href":"https:\/\/www.arssenasa.gob.do\/index.php\/wp-json\/wp\/v2\/users\/3"}],"replies":[{"embeddable":true,"href":"https:\/\/www.arssenasa.gob.do\/index.php\/wp-json\/wp\/v2\/comments?post=17048"}],"version-history":[{"count":1,"href":"https:\/\/www.arssenasa.gob.do\/index.php\/wp-json\/wp\/v2\/posts\/17048\/revisions"}],"predecessor-version":[{"id":17050,"href":"https:\/\/www.arssenasa.gob.do\/index.php\/wp-json\/wp\/v2\/posts\/17048\/revisions\/17050"}],"wp:featuredmedia":[{"embeddable":true,"href":"https:\/\/www.arssenasa.gob.do\/index.php\/wp-json\/wp\/v2\/media\/17049"}],"wp:attachment":[{"href":"https:\/\/www.arssenasa.gob.do\/index.php\/wp-json\/wp\/v2\/media?parent=17048"}],"wp:term":[{"taxonomy":"category","embeddable":true,"href":"https:\/\/www.arssenasa.gob.do\/index.php\/wp-json\/wp\/v2\/categories?post=17048"},{"taxonomy":"post_tag","embeddable":true,"href":"https:\/\/www.arssenasa.gob.do\/index.php\/wp-json\/wp\/v2\/tags?post=17048"}],"curies":[{"name":"wp","href":"https:\/\/api.w.org\/{rel}","templated":true}]}}