{"id":17059,"date":"2023-06-20T13:04:14","date_gmt":"2023-06-20T17:04:14","guid":{"rendered":"https:\/\/www.arssenasa.gob.do\/?p=17059"},"modified":"2023-06-20T14:03:07","modified_gmt":"2023-06-20T18:03:07","slug":"vicepresidenta-encabeza-inauguracion-oficina-de-servicios-de-senasa-en-sdo","status":"publish","type":"post","link":"https:\/\/www.arssenasa.gob.do\/index.php\/blog\/2023\/06\/20\/vicepresidenta-encabeza-inauguracion-oficina-de-servicios-de-senasa-en-sdo\/","title":{"rendered":"Vicepresidenta encabeza inauguraci\u00f3n oficina de servicios de SeNaSa en SDO"},"content":{"rendered":"\n<p><strong>Santo Domingo Oeste.<\/strong> \u2013 Con la presencia de la vicepresidenta de la Rep\u00fablica, Raquel Pe\u00f1a, el Seguro Nacional de Salud (SeNaSa) dej\u00f3 inaugurada una nueva oficina de servicios en Santo Domingo Oeste, con el fin de facilitar a los usuarios el acceso a los servicios que ofrece la ARS Estatal.&nbsp;<\/p>\n\n\n\n<p>Durante la apertura de la nueva oficina, Pe\u00f1a manifest\u00f3 que es motivo de orgullo para el Gobierno ver el crecimiento de SeNaSa y c\u00f3mo se satisfacen las demandas de los afiliados, evidencia de que el Gobierno se ha podido entregar al pueblo dominicano en estos tres a\u00f1os un sistema de salud m\u00e1s fortalecido en todos los \u00e1mbitos.&nbsp;<\/p>\n\n\n<div class=\"wp-block-image\">\n<figure class=\"aligncenter size-large\"><img fetchpriority=\"high\" decoding=\"async\" width=\"1024\" height=\"684\" src=\"https:\/\/www.arssenasa.gob.do\/wp-content\/uploads\/2023\/06\/Raquel-Pena-vicepresidente-de-al-Republica-durante-discurso-1024x684.jpg\" alt=\"Raquel-Pena-vicepresidente-de-al-Republica-durante-discurso\" class=\"wp-image-17061\" srcset=\"https:\/\/www.arssenasa.gob.do\/wp-content\/uploads\/2023\/06\/Raquel-Pena-vicepresidente-de-al-Republica-durante-discurso-1024x684.jpg 1024w, https:\/\/www.arssenasa.gob.do\/wp-content\/uploads\/2023\/06\/Raquel-Pena-vicepresidente-de-al-Republica-durante-discurso-300x200.jpg 300w, https:\/\/www.arssenasa.gob.do\/wp-content\/uploads\/2023\/06\/Raquel-Pena-vicepresidente-de-al-Republica-durante-discurso-768x513.jpg 768w, https:\/\/www.arssenasa.gob.do\/wp-content\/uploads\/2023\/06\/Raquel-Pena-vicepresidente-de-al-Republica-durante-discurso-1536x1025.jpg 1536w, https:\/\/www.arssenasa.gob.do\/wp-content\/uploads\/2023\/06\/Raquel-Pena-vicepresidente-de-al-Republica-durante-discurso.jpg 1600w\" sizes=\"(max-width: 1024px) 100vw, 1024px\" \/><figcaption class=\"wp-element-caption\">Raquel Pe\u00f1a vicepresidente de al Republica durante discurso<\/figcaption><\/figure>\n<\/div>\n\n\n<p>\u201cContinuamos junto a ustedes procurando la mejora constante de nuestro sistema de salud y de los servicios de seguridad social. Este Gobierno se complace en trabajar a tiempo completo por el bienestar del pueblo dominicano\u201d, precis\u00f3 la vicemandataria.&nbsp;<\/p>\n\n\n\n<p>La funcionaria reconoci\u00f3 la labor del doctor Santiago Hazim en la direcci\u00f3n ejecutiva del SeNaSa y se uni\u00f3 a la satisfacci\u00f3n que trae consigo la inauguraci\u00f3n de un espacio m\u00e1s de servicio de calidad, esta vez para los residentes en Santo Domingo Oeste.&nbsp;<\/p>\n\n\n\n<p>De su lado, el doctor Santiago Hazim, director ejecutivo de SeNaSa, indic\u00f3 que \u201cen Santo Domingo Oeste contamos con 350 mil personas afiliadas a SeNaSa, de las cuales unos 260 mil pertenecen al R\u00e9gimen Subsidiado, aproximadamente 94 mil al R\u00e9gimen Contributivo y unos 4,500 pensionados y jubilados en los cuales hemos invertido desde el a\u00f1o 2020 hasta la fecha un monto de 1,400 millones de pesos solo en consultas, cirug\u00edas y alto costo\u201d.&nbsp;<\/p>\n\n\n\n<p>Resalt\u00f3, adem\u00e1s, que \u201csi a esto les sumamos todos los dem\u00e1s procedimientos, el monto total de la cobertura de servicios ascender\u00eda a 4,119 millones de pesos, solo en este municipio\u201d.&nbsp;<\/p>\n\n\n<div class=\"wp-block-image\">\n<figure class=\"aligncenter size-large\"><img decoding=\"async\" width=\"1024\" height=\"682\" src=\"https:\/\/www.arssenasa.gob.do\/wp-content\/uploads\/2023\/06\/Doctor-Santiago-Hazim-1-1024x682.jpg\" alt=\"Doctor Santiago Hazim\" class=\"wp-image-17062\" srcset=\"https:\/\/www.arssenasa.gob.do\/wp-content\/uploads\/2023\/06\/Doctor-Santiago-Hazim-1-1024x682.jpg 1024w, https:\/\/www.arssenasa.gob.do\/wp-content\/uploads\/2023\/06\/Doctor-Santiago-Hazim-1-300x200.jpg 300w, https:\/\/www.arssenasa.gob.do\/wp-content\/uploads\/2023\/06\/Doctor-Santiago-Hazim-1-768x512.jpg 768w, https:\/\/www.arssenasa.gob.do\/wp-content\/uploads\/2023\/06\/Doctor-Santiago-Hazim-1.jpg 1280w\" sizes=\"(max-width: 1024px) 100vw, 1024px\" \/><figcaption class=\"wp-element-caption\">Doctor Santiago Hazim<\/figcaption><\/figure>\n<\/div>\n\n\n<p>El funcionario agradeci\u00f3 la confianza depositada a los prestadores (cl\u00ednicas, laboratorios y m\u00e9dicos independientes), que a la fecha ascienden a m\u00e1s de 9 mil y los cuales son los responsables cubrir las necesidades de todos los afiliados en los distintos reg\u00edmenes y planes del SeNaSa.&nbsp;<\/p>\n\n\n\n<p>Hazim puntualiz\u00f3 que hoy en d\u00eda solo en esa demarcaci\u00f3n, los afiliados pueden contar con 47 prestadores de salud que van desde las cl\u00ednicas privadas, hospitales, farmacias, centros odontol\u00f3gicos, cl\u00ednica dermatol\u00f3gica, centro de vacunaci\u00f3n, entre otros renglones.&nbsp;<\/p>\n\n\n\n<iframe width=\"560\" height=\"315\" src=\"https:\/\/www.youtube.com\/embed\/uXd7gQRM8-Q\" title=\"YouTube video player\" frameborder=\"0\" allow=\"accelerometer; autoplay; clipboard-write; encrypted-media; gyroscope; picture-in-picture; web-share\" allowfullscreen><\/iframe>\n\n\n\n<p>\u201cEn cuanto a los programas de promoci\u00f3n de la salud y prevenci\u00f3n de enfermedades que estamos desarrollando en la zona, tenemos el programa de Evaluaci\u00f3n Nutricional del Adulto Mayor destinado a personas de 65 a\u00f1os en adelante y con el cual hemos beneficiado a unos 9,300 afiliados. Con Nutrisalud, destinado a ni\u00f1os de 5 a 15 a\u00f1os y adultos de 35 a 64 a\u00f1os, hemos beneficiado a m\u00e1s de 300 mil afiliados\u201d, describi\u00f3 el incumbente.&nbsp;<\/p>\n\n\n\n<p>De igual manera, precis\u00f3 que el programa SeNaSa Contigo, ha impactado a unas 5,200 personas quienes pertenecen al R\u00e9gimen Contributivo y planes de pensionados, con patolog\u00edas cr\u00f3nicas, y para embarazadas. El mismo incluye consultas, anal\u00edticas, estudios diagn\u00f3stico y entrega de medicamentos al 100% sin copago.&nbsp;&nbsp;<\/p>\n\n\n\n<p>\u201cComo director de SeNaSa les puedo asegurar que mientras est\u00e9 al frente de esta instituci\u00f3n seguiremos ofreci\u00e9ndoles a nuestros afiliados una amplia cobertura en todos nuestros reg\u00edmenes, manteniendo el nivel de aceptaci\u00f3n que hasta ahora tenemos, que es el m\u00e1s alto que cualquier ARS ha tenido, raz\u00f3n por la cual hemos establecido un precedente en la historia de la Seguridad Social Dominicana. No es por nada que SeNaSa se ha vuelto indetenible\u201d, finaliz\u00f3 el doctor Hazim.&nbsp;<\/p>\n\n\n\n<p><strong>Sobre la oficina<\/strong>&nbsp;<\/p>\n\n\n\n<p>En esta oficina, ubicada en la Avenida Luper\u00f3n no.77, Plaza Mall, local S-12, en Herrera, los usuarios podr\u00e1n obtener los servicios de afiliaci\u00f3n, traspaso, cambio de ARS, inclusi\u00f3n de dependientes, afiliaci\u00f3n de titular, entregas de cartas del subsidiado, recepci\u00f3n de facturas de centros privados y hospitales, recepci\u00f3n de solicitudes de medicamentos de alto costo, as\u00ed como solicitudes de reembolso.&nbsp;<\/p>\n","protected":false},"excerpt":{"rendered":"<p>Santo Domingo Oeste. \u2013 Con la presencia de la vicepresidenta de la Rep\u00fablica, Raquel Pe\u00f1a, el Seguro Nacional de Salud (SeNaSa) dej\u00f3 inaugurada una nueva oficina de servicios en Santo Domingo Oeste, con el fin de facilitar a los usuarios el acceso a los servicios que ofrece la ARS Estatal.&nbsp; Durante la apertura de la [&hellip;]<\/p>\n","protected":false},"author":3,"featured_media":17060,"comment_status":"closed","ping_status":"open","sticky":false,"template":"","format":"standard","meta":{"inline_featured_image":false,"yasr_overall_rating":0,"yasr_post_is_review":"","yasr_auto_insert_disabled":"","yasr_review_type":"","_glsr_average":0,"_glsr_ranking":0,"_glsr_reviews":0,"footnotes":""},"categories":[13],"tags":[41],"class_list":["post-17059","post","type-post","status-publish","format-standard","has-post-thumbnail","hentry","category-noticias","tag-senasa"],"yoast_head":"<!-- This site is optimized with the Yoast SEO plugin v26.6 - https:\/\/yoast.com\/wordpress\/plugins\/seo\/ -->\n<title>Vicepresidenta encabeza inauguraci\u00f3n oficina de servicios de SeNaSa en SDO - ARSSeNaSa<\/title>\n<meta name=\"description\" content=\"%\" \/>\n<meta name=\"robots\" content=\"index, follow, max-snippet:-1, max-image-preview:large, max-video-preview:-1\" \/>\n<link rel=\"canonical\" href=\"https:\/\/www.arssenasa.gob.do\/index.php\/blog\/2023\/06\/20\/vicepresidenta-encabeza-inauguracion-oficina-de-servicios-de-senasa-en-sdo\/\" \/>\n<meta property=\"og:locale\" content=\"es_ES\" \/>\n<meta property=\"og:type\" content=\"article\" \/>\n<meta property=\"og:title\" content=\"Vicepresidenta encabeza inauguraci\u00f3n oficina de servicios de SeNaSa en SDO - ARSSeNaSa\" \/>\n<meta property=\"og:description\" content=\"%\" \/>\n<meta property=\"og:url\" content=\"https:\/\/www.arssenasa.gob.do\/index.php\/blog\/2023\/06\/20\/vicepresidenta-encabeza-inauguracion-oficina-de-servicios-de-senasa-en-sdo\/\" \/>\n<meta property=\"og:site_name\" content=\"ARSSeNaSa\" \/>\n<meta property=\"article:publisher\" content=\"https:\/\/www.facebook.com\/ARSSeNaSaRD\" \/>\n<meta property=\"article:published_time\" content=\"2023-06-20T17:04:14+00:00\" \/>\n<meta property=\"article:modified_time\" content=\"2023-06-20T18:03:07+00:00\" \/>\n<meta property=\"og:image\" content=\"https:\/\/www.arssenasa.gob.do\/wp-content\/uploads\/2023\/06\/Corte-de-cinta.jpg\" \/>\n\t<meta property=\"og:image:width\" content=\"1280\" \/>\n\t<meta property=\"og:image:height\" content=\"853\" \/>\n\t<meta property=\"og:image:type\" content=\"image\/jpeg\" \/>\n<meta name=\"author\" content=\"SeNaSa\" \/>\n<meta name=\"twitter:card\" content=\"summary_large_image\" \/>\n<meta name=\"twitter:creator\" content=\"@arssenasard\" \/>\n<meta name=\"twitter:site\" content=\"@arssenasard\" \/>\n<meta name=\"twitter:label1\" content=\"Written by\" \/>\n\t<meta name=\"twitter:data1\" content=\"SeNaSa\" \/>\n\t<meta name=\"twitter:label2\" content=\"Est. reading time\" \/>\n\t<meta name=\"twitter:data2\" content=\"3 minutos\" \/>\n<script type=\"application\/ld+json\" class=\"yoast-schema-graph\">{\"@context\":\"https:\/\/schema.org\",\"@graph\":[{\"@type\":\"Article\",\"@id\":\"https:\/\/www.arssenasa.gob.do\/index.php\/blog\/2023\/06\/20\/vicepresidenta-encabeza-inauguracion-oficina-de-servicios-de-senasa-en-sdo\/#article\",\"isPartOf\":{\"@id\":\"https:\/\/www.arssenasa.gob.do\/index.php\/blog\/2023\/06\/20\/vicepresidenta-encabeza-inauguracion-oficina-de-servicios-de-senasa-en-sdo\/\"},\"author\":{\"name\":\"SeNaSa\",\"@id\":\"https:\/\/www.arssenasa.gob.do\/#\/schema\/person\/b9d6c2c58f44cdecdcdaab7a6f9504c0\"},\"headline\":\"Vicepresidenta encabeza inauguraci\u00f3n oficina de servicios de SeNaSa en SDO\",\"datePublished\":\"2023-06-20T17:04:14+00:00\",\"dateModified\":\"2023-06-20T18:03:07+00:00\",\"mainEntityOfPage\":{\"@id\":\"https:\/\/www.arssenasa.gob.do\/index.php\/blog\/2023\/06\/20\/vicepresidenta-encabeza-inauguracion-oficina-de-servicios-de-senasa-en-sdo\/\"},\"wordCount\":703,\"publisher\":{\"@id\":\"https:\/\/www.arssenasa.gob.do\/#organization\"},\"image\":{\"@id\":\"https:\/\/www.arssenasa.gob.do\/index.php\/blog\/2023\/06\/20\/vicepresidenta-encabeza-inauguracion-oficina-de-servicios-de-senasa-en-sdo\/#primaryimage\"},\"thumbnailUrl\":\"https:\/\/www.arssenasa.gob.do\/wp-content\/uploads\/2023\/06\/Corte-de-cinta.jpg\",\"keywords\":[\"SeNaSa\"],\"articleSection\":[\"Noticias\"],\"inLanguage\":\"es\"},{\"@type\":\"WebPage\",\"@id\":\"https:\/\/www.arssenasa.gob.do\/index.php\/blog\/2023\/06\/20\/vicepresidenta-encabeza-inauguracion-oficina-de-servicios-de-senasa-en-sdo\/\",\"url\":\"https:\/\/www.arssenasa.gob.do\/index.php\/blog\/2023\/06\/20\/vicepresidenta-encabeza-inauguracion-oficina-de-servicios-de-senasa-en-sdo\/\",\"name\":\"Vicepresidenta encabeza inauguraci\u00f3n oficina de servicios de SeNaSa en SDO - ARSSeNaSa\",\"isPartOf\":{\"@id\":\"https:\/\/www.arssenasa.gob.do\/#website\"},\"primaryImageOfPage\":{\"@id\":\"https:\/\/www.arssenasa.gob.do\/index.php\/blog\/2023\/06\/20\/vicepresidenta-encabeza-inauguracion-oficina-de-servicios-de-senasa-en-sdo\/#primaryimage\"},\"image\":{\"@id\":\"https:\/\/www.arssenasa.gob.do\/index.php\/blog\/2023\/06\/20\/vicepresidenta-encabeza-inauguracion-oficina-de-servicios-de-senasa-en-sdo\/#primaryimage\"},\"thumbnailUrl\":\"https:\/\/www.arssenasa.gob.do\/wp-content\/uploads\/2023\/06\/Corte-de-cinta.jpg\",\"datePublished\":\"2023-06-20T17:04:14+00:00\",\"dateModified\":\"2023-06-20T18:03:07+00:00\",\"description\":\"%\",\"breadcrumb\":{\"@id\":\"https:\/\/www.arssenasa.gob.do\/index.php\/blog\/2023\/06\/20\/vicepresidenta-encabeza-inauguracion-oficina-de-servicios-de-senasa-en-sdo\/#breadcrumb\"},\"inLanguage\":\"es\",\"potentialAction\":[{\"@type\":\"ReadAction\",\"target\":[\"https:\/\/www.arssenasa.gob.do\/index.php\/blog\/2023\/06\/20\/vicepresidenta-encabeza-inauguracion-oficina-de-servicios-de-senasa-en-sdo\/\"]}]},{\"@type\":\"ImageObject\",\"inLanguage\":\"es\",\"@id\":\"https:\/\/www.arssenasa.gob.do\/index.php\/blog\/2023\/06\/20\/vicepresidenta-encabeza-inauguracion-oficina-de-servicios-de-senasa-en-sdo\/#primaryimage\",\"url\":\"https:\/\/www.arssenasa.gob.do\/wp-content\/uploads\/2023\/06\/Corte-de-cinta.jpg\",\"contentUrl\":\"https:\/\/www.arssenasa.gob.do\/wp-content\/uploads\/2023\/06\/Corte-de-cinta.jpg\",\"width\":1280,\"height\":853,\"caption\":\"Corte de cinta\"},{\"@type\":\"BreadcrumbList\",\"@id\":\"https:\/\/www.arssenasa.gob.do\/index.php\/blog\/2023\/06\/20\/vicepresidenta-encabeza-inauguracion-oficina-de-servicios-de-senasa-en-sdo\/#breadcrumb\",\"itemListElement\":[{\"@type\":\"ListItem\",\"position\":1,\"name\":\"Inicio\",\"item\":\"https:\/\/www.arssenasa.gob.do\/\"},{\"@type\":\"ListItem\",\"position\":2,\"name\":\"Vicepresidenta encabeza inauguraci\u00f3n oficina de servicios de SeNaSa en SDO\"}]},{\"@type\":\"WebSite\",\"@id\":\"https:\/\/www.arssenasa.gob.do\/#website\",\"url\":\"https:\/\/www.arssenasa.gob.do\/\",\"name\":\"ARSSeNaSa\",\"description\":\"\",\"publisher\":{\"@id\":\"https:\/\/www.arssenasa.gob.do\/#organization\"},\"potentialAction\":[{\"@type\":\"SearchAction\",\"target\":{\"@type\":\"EntryPoint\",\"urlTemplate\":\"https:\/\/www.arssenasa.gob.do\/?s={search_term_string}\"},\"query-input\":{\"@type\":\"PropertyValueSpecification\",\"valueRequired\":true,\"valueName\":\"search_term_string\"}}],\"inLanguage\":\"es\"},{\"@type\":\"Organization\",\"@id\":\"https:\/\/www.arssenasa.gob.do\/#organization\",\"name\":\"SeNaSa - Seguro Nacional de Salud\",\"url\":\"https:\/\/www.arssenasa.gob.do\/\",\"logo\":{\"@type\":\"ImageObject\",\"inLanguage\":\"es\",\"@id\":\"https:\/\/www.arssenasa.gob.do\/#\/schema\/logo\/image\/\",\"url\":\"https:\/\/www.arssenasa.gob.do\/wp-content\/uploads\/2018\/11\/logo2022.png\",\"contentUrl\":\"https:\/\/www.arssenasa.gob.do\/wp-content\/uploads\/2018\/11\/logo2022.png\",\"width\":310,\"height\":200,\"caption\":\"SeNaSa - Seguro Nacional de Salud\"},\"image\":{\"@id\":\"https:\/\/www.arssenasa.gob.do\/#\/schema\/logo\/image\/\"},\"sameAs\":[\"https:\/\/www.facebook.com\/ARSSeNaSaRD\",\"https:\/\/x.com\/arssenasard\",\"https:\/\/www.instagram.com\/arssenasard\/\",\"https:\/\/www.youtube.com\/user\/ARSSeNaSa\"]},{\"@type\":\"Person\",\"@id\":\"https:\/\/www.arssenasa.gob.do\/#\/schema\/person\/b9d6c2c58f44cdecdcdaab7a6f9504c0\",\"name\":\"SeNaSa\",\"image\":{\"@type\":\"ImageObject\",\"inLanguage\":\"es\",\"@id\":\"https:\/\/www.arssenasa.gob.do\/#\/schema\/person\/image\/\",\"url\":\"https:\/\/secure.gravatar.com\/avatar\/3c45125f46520136bb5577344179f8312f2704a1174137df27ae1baa182b5a6e?s=96&d=mm&r=g\",\"contentUrl\":\"https:\/\/secure.gravatar.com\/avatar\/3c45125f46520136bb5577344179f8312f2704a1174137df27ae1baa182b5a6e?s=96&d=mm&r=g\",\"caption\":\"SeNaSa\"},\"url\":\"https:\/\/www.arssenasa.gob.do\/index.php\/blog\/author\/admin\/\"},false]}<\/script>\n<!-- \/ Yoast SEO plugin. -->","yoast_head_json":{"title":"Vicepresidenta encabeza inauguraci\u00f3n oficina de servicios de SeNaSa en SDO - ARSSeNaSa","description":"%","robots":{"index":"index","follow":"follow","max-snippet":"max-snippet:-1","max-image-preview":"max-image-preview:large","max-video-preview":"max-video-preview:-1"},"canonical":"https:\/\/www.arssenasa.gob.do\/index.php\/blog\/2023\/06\/20\/vicepresidenta-encabeza-inauguracion-oficina-de-servicios-de-senasa-en-sdo\/","og_locale":"es_ES","og_type":"article","og_title":"Vicepresidenta encabeza inauguraci\u00f3n oficina de servicios de SeNaSa en SDO - ARSSeNaSa","og_description":"%","og_url":"https:\/\/www.arssenasa.gob.do\/index.php\/blog\/2023\/06\/20\/vicepresidenta-encabeza-inauguracion-oficina-de-servicios-de-senasa-en-sdo\/","og_site_name":"ARSSeNaSa","article_publisher":"https:\/\/www.facebook.com\/ARSSeNaSaRD","article_published_time":"2023-06-20T17:04:14+00:00","article_modified_time":"2023-06-20T18:03:07+00:00","og_image":[{"width":1280,"height":853,"url":"https:\/\/www.arssenasa.gob.do\/wp-content\/uploads\/2023\/06\/Corte-de-cinta.jpg","type":"image\/jpeg"}],"author":"SeNaSa","twitter_card":"summary_large_image","twitter_creator":"@arssenasard","twitter_site":"@arssenasard","twitter_misc":{"Written by":"SeNaSa","Est. reading time":"3 minutos"},"schema":{"@context":"https:\/\/schema.org","@graph":[{"@type":"Article","@id":"https:\/\/www.arssenasa.gob.do\/index.php\/blog\/2023\/06\/20\/vicepresidenta-encabeza-inauguracion-oficina-de-servicios-de-senasa-en-sdo\/#article","isPartOf":{"@id":"https:\/\/www.arssenasa.gob.do\/index.php\/blog\/2023\/06\/20\/vicepresidenta-encabeza-inauguracion-oficina-de-servicios-de-senasa-en-sdo\/"},"author":{"name":"SeNaSa","@id":"https:\/\/www.arssenasa.gob.do\/#\/schema\/person\/b9d6c2c58f44cdecdcdaab7a6f9504c0"},"headline":"Vicepresidenta encabeza inauguraci\u00f3n oficina de servicios de SeNaSa en SDO","datePublished":"2023-06-20T17:04:14+00:00","dateModified":"2023-06-20T18:03:07+00:00","mainEntityOfPage":{"@id":"https:\/\/www.arssenasa.gob.do\/index.php\/blog\/2023\/06\/20\/vicepresidenta-encabeza-inauguracion-oficina-de-servicios-de-senasa-en-sdo\/"},"wordCount":703,"publisher":{"@id":"https:\/\/www.arssenasa.gob.do\/#organization"},"image":{"@id":"https:\/\/www.arssenasa.gob.do\/index.php\/blog\/2023\/06\/20\/vicepresidenta-encabeza-inauguracion-oficina-de-servicios-de-senasa-en-sdo\/#primaryimage"},"thumbnailUrl":"https:\/\/www.arssenasa.gob.do\/wp-content\/uploads\/2023\/06\/Corte-de-cinta.jpg","keywords":["SeNaSa"],"articleSection":["Noticias"],"inLanguage":"es"},{"@type":"WebPage","@id":"https:\/\/www.arssenasa.gob.do\/index.php\/blog\/2023\/06\/20\/vicepresidenta-encabeza-inauguracion-oficina-de-servicios-de-senasa-en-sdo\/","url":"https:\/\/www.arssenasa.gob.do\/index.php\/blog\/2023\/06\/20\/vicepresidenta-encabeza-inauguracion-oficina-de-servicios-de-senasa-en-sdo\/","name":"Vicepresidenta encabeza inauguraci\u00f3n oficina de servicios de SeNaSa en SDO - ARSSeNaSa","isPartOf":{"@id":"https:\/\/www.arssenasa.gob.do\/#website"},"primaryImageOfPage":{"@id":"https:\/\/www.arssenasa.gob.do\/index.php\/blog\/2023\/06\/20\/vicepresidenta-encabeza-inauguracion-oficina-de-servicios-de-senasa-en-sdo\/#primaryimage"},"image":{"@id":"https:\/\/www.arssenasa.gob.do\/index.php\/blog\/2023\/06\/20\/vicepresidenta-encabeza-inauguracion-oficina-de-servicios-de-senasa-en-sdo\/#primaryimage"},"thumbnailUrl":"https:\/\/www.arssenasa.gob.do\/wp-content\/uploads\/2023\/06\/Corte-de-cinta.jpg","datePublished":"2023-06-20T17:04:14+00:00","dateModified":"2023-06-20T18:03:07+00:00","description":"%","breadcrumb":{"@id":"https:\/\/www.arssenasa.gob.do\/index.php\/blog\/2023\/06\/20\/vicepresidenta-encabeza-inauguracion-oficina-de-servicios-de-senasa-en-sdo\/#breadcrumb"},"inLanguage":"es","potentialAction":[{"@type":"ReadAction","target":["https:\/\/www.arssenasa.gob.do\/index.php\/blog\/2023\/06\/20\/vicepresidenta-encabeza-inauguracion-oficina-de-servicios-de-senasa-en-sdo\/"]}]},{"@type":"ImageObject","inLanguage":"es","@id":"https:\/\/www.arssenasa.gob.do\/index.php\/blog\/2023\/06\/20\/vicepresidenta-encabeza-inauguracion-oficina-de-servicios-de-senasa-en-sdo\/#primaryimage","url":"https:\/\/www.arssenasa.gob.do\/wp-content\/uploads\/2023\/06\/Corte-de-cinta.jpg","contentUrl":"https:\/\/www.arssenasa.gob.do\/wp-content\/uploads\/2023\/06\/Corte-de-cinta.jpg","width":1280,"height":853,"caption":"Corte de cinta"},{"@type":"BreadcrumbList","@id":"https:\/\/www.arssenasa.gob.do\/index.php\/blog\/2023\/06\/20\/vicepresidenta-encabeza-inauguracion-oficina-de-servicios-de-senasa-en-sdo\/#breadcrumb","itemListElement":[{"@type":"ListItem","position":1,"name":"Inicio","item":"https:\/\/www.arssenasa.gob.do\/"},{"@type":"ListItem","position":2,"name":"Vicepresidenta encabeza inauguraci\u00f3n oficina de servicios de SeNaSa en SDO"}]},{"@type":"WebSite","@id":"https:\/\/www.arssenasa.gob.do\/#website","url":"https:\/\/www.arssenasa.gob.do\/","name":"ARSSeNaSa","description":"","publisher":{"@id":"https:\/\/www.arssenasa.gob.do\/#organization"},"potentialAction":[{"@type":"SearchAction","target":{"@type":"EntryPoint","urlTemplate":"https:\/\/www.arssenasa.gob.do\/?s={search_term_string}"},"query-input":{"@type":"PropertyValueSpecification","valueRequired":true,"valueName":"search_term_string"}}],"inLanguage":"es"},{"@type":"Organization","@id":"https:\/\/www.arssenasa.gob.do\/#organization","name":"SeNaSa - Seguro Nacional de Salud","url":"https:\/\/www.arssenasa.gob.do\/","logo":{"@type":"ImageObject","inLanguage":"es","@id":"https:\/\/www.arssenasa.gob.do\/#\/schema\/logo\/image\/","url":"https:\/\/www.arssenasa.gob.do\/wp-content\/uploads\/2018\/11\/logo2022.png","contentUrl":"https:\/\/www.arssenasa.gob.do\/wp-content\/uploads\/2018\/11\/logo2022.png","width":310,"height":200,"caption":"SeNaSa - Seguro Nacional de Salud"},"image":{"@id":"https:\/\/www.arssenasa.gob.do\/#\/schema\/logo\/image\/"},"sameAs":["https:\/\/www.facebook.com\/ARSSeNaSaRD","https:\/\/x.com\/arssenasard","https:\/\/www.instagram.com\/arssenasard\/","https:\/\/www.youtube.com\/user\/ARSSeNaSa"]},{"@type":"Person","@id":"https:\/\/www.arssenasa.gob.do\/#\/schema\/person\/b9d6c2c58f44cdecdcdaab7a6f9504c0","name":"SeNaSa","image":{"@type":"ImageObject","inLanguage":"es","@id":"https:\/\/www.arssenasa.gob.do\/#\/schema\/person\/image\/","url":"https:\/\/secure.gravatar.com\/avatar\/3c45125f46520136bb5577344179f8312f2704a1174137df27ae1baa182b5a6e?s=96&d=mm&r=g","contentUrl":"https:\/\/secure.gravatar.com\/avatar\/3c45125f46520136bb5577344179f8312f2704a1174137df27ae1baa182b5a6e?s=96&d=mm&r=g","caption":"SeNaSa"},"url":"https:\/\/www.arssenasa.gob.do\/index.php\/blog\/author\/admin\/"},false]}},"yasr_visitor_votes":{"stars_attributes":{"read_only":false,"span_bottom":false},"number_of_votes":0,"sum_votes":0},"_links":{"self":[{"href":"https:\/\/www.arssenasa.gob.do\/index.php\/wp-json\/wp\/v2\/posts\/17059","targetHints":{"allow":["GET"]}}],"collection":[{"href":"https:\/\/www.arssenasa.gob.do\/index.php\/wp-json\/wp\/v2\/posts"}],"about":[{"href":"https:\/\/www.arssenasa.gob.do\/index.php\/wp-json\/wp\/v2\/types\/post"}],"author":[{"embeddable":true,"href":"https:\/\/www.arssenasa.gob.do\/index.php\/wp-json\/wp\/v2\/users\/3"}],"replies":[{"embeddable":true,"href":"https:\/\/www.arssenasa.gob.do\/index.php\/wp-json\/wp\/v2\/comments?post=17059"}],"version-history":[{"count":3,"href":"https:\/\/www.arssenasa.gob.do\/index.php\/wp-json\/wp\/v2\/posts\/17059\/revisions"}],"predecessor-version":[{"id":17067,"href":"https:\/\/www.arssenasa.gob.do\/index.php\/wp-json\/wp\/v2\/posts\/17059\/revisions\/17067"}],"wp:featuredmedia":[{"embeddable":true,"href":"https:\/\/www.arssenasa.gob.do\/index.php\/wp-json\/wp\/v2\/media\/17060"}],"wp:attachment":[{"href":"https:\/\/www.arssenasa.gob.do\/index.php\/wp-json\/wp\/v2\/media?parent=17059"}],"wp:term":[{"taxonomy":"category","embeddable":true,"href":"https:\/\/www.arssenasa.gob.do\/index.php\/wp-json\/wp\/v2\/categories?post=17059"},{"taxonomy":"post_tag","embeddable":true,"href":"https:\/\/www.arssenasa.gob.do\/index.php\/wp-json\/wp\/v2\/tags?post=17059"}],"curies":[{"name":"wp","href":"https:\/\/api.w.org\/{rel}","templated":true}]}}