{"id":17533,"date":"2023-11-20T15:10:00","date_gmt":"2023-11-20T19:10:00","guid":{"rendered":"https:\/\/www.arssenasa.gob.do\/?p=17533"},"modified":"2023-11-21T10:59:46","modified_gmt":"2023-11-21T14:59:46","slug":"director-ejecutivo-de-senasa-llama-a-la-poblacion-a-continuar-con-las-medidas-de-precaucion","status":"publish","type":"post","link":"https:\/\/www.arssenasa.gob.do\/index.php\/blog\/2023\/11\/20\/director-ejecutivo-de-senasa-llama-a-la-poblacion-a-continuar-con-las-medidas-de-precaucion\/","title":{"rendered":"Director ejecutivo de SeNaSa llama a la poblaci\u00f3n a continuar con las medidas de precauci\u00f3n"},"content":{"rendered":"\n<p><strong>Santo Domingo. &#8211; <\/strong>El Seguro Nacional de Salud (SeNaSa) llam\u00f3 a la poblaci\u00f3n a continuar con las medidas de precauci\u00f3n, ya que, producto de las lluvias torrenciales de este fin de semana, se espera que se propaguen una serie de enfermedades que podr\u00edan afectar la salud de las personas.<\/p>\n\n\n\n<p>\u201cEnfermedades h\u00eddricas o por el agua como la diarrea y otras transmitidas por virus, bacterias, par\u00e1sitos y otros microorganismos son comunes en estos d\u00edas. Tambi\u00e9n hay que prevenir la leptospirosis, afecciones de la piel, heridas y las transmitidas por vectores como son el dengue, malaria, chikungunya, as\u00ed como las enfermedades respiratorias como el coronavirus y las influenzas. Estas son tan solo algunas de las enfermedades que se pueden contraer tras el paso de una tormenta, todos unidos podemos hacer prevenci\u00f3n. Nuestro objetivo es reducir, a\u00fan m\u00e1s, los da\u00f1os que pueden causar estas enfermedades prevenibles\u201d, dijo el director ejecutivo de SeNaSa, doctor Santiago Hazim.<\/p>\n\n\n\n<p>Invit\u00f3 a toda la sociedad para que \u201caunemos esfuerzos y ayudemos a nuestra gente. Con peque\u00f1as acciones como ir desinfectando los hogares y el propio entorno y eliminando criaderos de mosquitos y otros vectores, con eso empezamos a contribuir a evitar estas enfermedades. Esto no es un asunto de uno, es de todos, vamos a ayudar\u201d.<\/p>\n\n\n\n<p>Igualmente, en la medida de las posibilidades higienizar y lavar adecuadamente los alimentos que consumir\u00e1 y en cuanto al consumo de agua \u201crecomendamos hervirla si no procede de una fuente segura\u201d.<\/p>\n\n\n\n<p>Tambi\u00e9n motiv\u00f3 a aquellos pacientes que tienen alguna enfermedad preexistente, a que verifiquen que sus medicamentos est\u00e9n en buen estado.<\/p>\n\n\n\n<p>El doctor Hazim expres\u00f3 sus condolencias por las familias que perdieron alg\u00fan ser querido durante los torrenciales aguaceros, \u201ctambi\u00e9n me solidarizo con las personas y las distintas comunidades que est\u00e1n afectadas por las intensas lluvias\u201d.<\/p>\n\n\n\n<p>Desde SeNaSa se continuar\u00e1 garantizando todos los servicios de salud a sus afiliados de manera presencial y a trav\u00e9s de los canales alternos como p\u00e1gina web, *737, App SeNaSa y los Centros de Llamadas en el n\u00famero 809-701-3821 y desde el interior sin cargos al 1 809-200-8277.<\/p>\n","protected":false},"excerpt":{"rendered":"<p>Santo Domingo. &#8211; El Seguro Nacional de Salud (SeNaSa) llam\u00f3 a la poblaci\u00f3n a continuar con las medidas de precauci\u00f3n, ya que, producto de las lluvias torrenciales de este fin de semana, se espera que se propaguen una serie de enfermedades que podr\u00edan afectar la salud de las personas. \u201cEnfermedades h\u00eddricas o por el agua [&hellip;]<\/p>\n","protected":false},"author":3,"featured_media":17534,"comment_status":"closed","ping_status":"open","sticky":false,"template":"","format":"standard","meta":{"inline_featured_image":false,"yasr_overall_rating":0,"yasr_post_is_review":"","yasr_auto_insert_disabled":"","yasr_review_type":"","_glsr_average":0,"_glsr_ranking":0,"_glsr_reviews":0,"footnotes":""},"categories":[13],"tags":[41],"class_list":["post-17533","post","type-post","status-publish","format-standard","has-post-thumbnail","hentry","category-noticias","tag-senasa"],"yoast_head":"<!-- This site is optimized with the Yoast SEO plugin v26.6 - https:\/\/yoast.com\/wordpress\/plugins\/seo\/ -->\n<title>Director ejecutivo de SeNaSa llama a la poblaci\u00f3n a continuar con las medidas de precauci\u00f3n - ARSSeNaSa<\/title>\n<meta name=\"description\" content=\"%\" \/>\n<meta name=\"robots\" content=\"index, follow, max-snippet:-1, max-image-preview:large, max-video-preview:-1\" \/>\n<link rel=\"canonical\" href=\"https:\/\/www.arssenasa.gob.do\/index.php\/blog\/2023\/11\/20\/director-ejecutivo-de-senasa-llama-a-la-poblacion-a-continuar-con-las-medidas-de-precaucion\/\" \/>\n<meta property=\"og:locale\" content=\"es_ES\" \/>\n<meta property=\"og:type\" content=\"article\" \/>\n<meta property=\"og:title\" content=\"Director ejecutivo de SeNaSa llama a la poblaci\u00f3n a continuar con las medidas de precauci\u00f3n - ARSSeNaSa\" \/>\n<meta property=\"og:description\" content=\"%\" \/>\n<meta property=\"og:url\" content=\"https:\/\/www.arssenasa.gob.do\/index.php\/blog\/2023\/11\/20\/director-ejecutivo-de-senasa-llama-a-la-poblacion-a-continuar-con-las-medidas-de-precaucion\/\" \/>\n<meta property=\"og:site_name\" content=\"ARSSeNaSa\" \/>\n<meta property=\"article:publisher\" content=\"https:\/\/www.facebook.com\/ARSSeNaSaRD\" \/>\n<meta property=\"article:published_time\" content=\"2023-11-20T19:10:00+00:00\" \/>\n<meta property=\"article:modified_time\" content=\"2023-11-21T14:59:46+00:00\" \/>\n<meta property=\"og:image\" content=\"https:\/\/www.arssenasa.gob.do\/wp-content\/uploads\/2023\/11\/Doctor-Santiago-Hazim-1-e1700578734661.jpg\" \/>\n\t<meta property=\"og:image:width\" content=\"1280\" \/>\n\t<meta property=\"og:image:height\" content=\"777\" \/>\n\t<meta property=\"og:image:type\" content=\"image\/jpeg\" \/>\n<meta name=\"author\" content=\"SeNaSa\" \/>\n<meta name=\"twitter:card\" content=\"summary_large_image\" \/>\n<meta name=\"twitter:creator\" content=\"@arssenasard\" \/>\n<meta name=\"twitter:site\" content=\"@arssenasard\" \/>\n<meta name=\"twitter:label1\" content=\"Written by\" \/>\n\t<meta name=\"twitter:data1\" content=\"SeNaSa\" \/>\n\t<meta name=\"twitter:label2\" content=\"Est. reading time\" \/>\n\t<meta name=\"twitter:data2\" content=\"2 minutos\" \/>\n<script type=\"application\/ld+json\" class=\"yoast-schema-graph\">{\"@context\":\"https:\/\/schema.org\",\"@graph\":[{\"@type\":\"Article\",\"@id\":\"https:\/\/www.arssenasa.gob.do\/index.php\/blog\/2023\/11\/20\/director-ejecutivo-de-senasa-llama-a-la-poblacion-a-continuar-con-las-medidas-de-precaucion\/#article\",\"isPartOf\":{\"@id\":\"https:\/\/www.arssenasa.gob.do\/index.php\/blog\/2023\/11\/20\/director-ejecutivo-de-senasa-llama-a-la-poblacion-a-continuar-con-las-medidas-de-precaucion\/\"},\"author\":{\"name\":\"SeNaSa\",\"@id\":\"https:\/\/www.arssenasa.gob.do\/#\/schema\/person\/b9d6c2c58f44cdecdcdaab7a6f9504c0\"},\"headline\":\"Director ejecutivo de SeNaSa llama a la poblaci\u00f3n a continuar con las medidas de precauci\u00f3n\",\"datePublished\":\"2023-11-20T19:10:00+00:00\",\"dateModified\":\"2023-11-21T14:59:46+00:00\",\"mainEntityOfPage\":{\"@id\":\"https:\/\/www.arssenasa.gob.do\/index.php\/blog\/2023\/11\/20\/director-ejecutivo-de-senasa-llama-a-la-poblacion-a-continuar-con-las-medidas-de-precaucion\/\"},\"wordCount\":378,\"publisher\":{\"@id\":\"https:\/\/www.arssenasa.gob.do\/#organization\"},\"image\":{\"@id\":\"https:\/\/www.arssenasa.gob.do\/index.php\/blog\/2023\/11\/20\/director-ejecutivo-de-senasa-llama-a-la-poblacion-a-continuar-con-las-medidas-de-precaucion\/#primaryimage\"},\"thumbnailUrl\":\"https:\/\/www.arssenasa.gob.do\/wp-content\/uploads\/2023\/11\/Doctor-Santiago-Hazim-1-e1700578734661.jpg\",\"keywords\":[\"SeNaSa\"],\"articleSection\":[\"Noticias\"],\"inLanguage\":\"es\"},{\"@type\":\"WebPage\",\"@id\":\"https:\/\/www.arssenasa.gob.do\/index.php\/blog\/2023\/11\/20\/director-ejecutivo-de-senasa-llama-a-la-poblacion-a-continuar-con-las-medidas-de-precaucion\/\",\"url\":\"https:\/\/www.arssenasa.gob.do\/index.php\/blog\/2023\/11\/20\/director-ejecutivo-de-senasa-llama-a-la-poblacion-a-continuar-con-las-medidas-de-precaucion\/\",\"name\":\"Director ejecutivo de SeNaSa llama a la poblaci\u00f3n a continuar con las medidas de precauci\u00f3n - ARSSeNaSa\",\"isPartOf\":{\"@id\":\"https:\/\/www.arssenasa.gob.do\/#website\"},\"primaryImageOfPage\":{\"@id\":\"https:\/\/www.arssenasa.gob.do\/index.php\/blog\/2023\/11\/20\/director-ejecutivo-de-senasa-llama-a-la-poblacion-a-continuar-con-las-medidas-de-precaucion\/#primaryimage\"},\"image\":{\"@id\":\"https:\/\/www.arssenasa.gob.do\/index.php\/blog\/2023\/11\/20\/director-ejecutivo-de-senasa-llama-a-la-poblacion-a-continuar-con-las-medidas-de-precaucion\/#primaryimage\"},\"thumbnailUrl\":\"https:\/\/www.arssenasa.gob.do\/wp-content\/uploads\/2023\/11\/Doctor-Santiago-Hazim-1-e1700578734661.jpg\",\"datePublished\":\"2023-11-20T19:10:00+00:00\",\"dateModified\":\"2023-11-21T14:59:46+00:00\",\"description\":\"%\",\"breadcrumb\":{\"@id\":\"https:\/\/www.arssenasa.gob.do\/index.php\/blog\/2023\/11\/20\/director-ejecutivo-de-senasa-llama-a-la-poblacion-a-continuar-con-las-medidas-de-precaucion\/#breadcrumb\"},\"inLanguage\":\"es\",\"potentialAction\":[{\"@type\":\"ReadAction\",\"target\":[\"https:\/\/www.arssenasa.gob.do\/index.php\/blog\/2023\/11\/20\/director-ejecutivo-de-senasa-llama-a-la-poblacion-a-continuar-con-las-medidas-de-precaucion\/\"]}]},{\"@type\":\"ImageObject\",\"inLanguage\":\"es\",\"@id\":\"https:\/\/www.arssenasa.gob.do\/index.php\/blog\/2023\/11\/20\/director-ejecutivo-de-senasa-llama-a-la-poblacion-a-continuar-con-las-medidas-de-precaucion\/#primaryimage\",\"url\":\"https:\/\/www.arssenasa.gob.do\/wp-content\/uploads\/2023\/11\/Doctor-Santiago-Hazim-1-e1700578734661.jpg\",\"contentUrl\":\"https:\/\/www.arssenasa.gob.do\/wp-content\/uploads\/2023\/11\/Doctor-Santiago-Hazim-1-e1700578734661.jpg\",\"width\":1280,\"height\":777,\"caption\":\"Dr. Santiago Hazim, Director Senasa\"},{\"@type\":\"BreadcrumbList\",\"@id\":\"https:\/\/www.arssenasa.gob.do\/index.php\/blog\/2023\/11\/20\/director-ejecutivo-de-senasa-llama-a-la-poblacion-a-continuar-con-las-medidas-de-precaucion\/#breadcrumb\",\"itemListElement\":[{\"@type\":\"ListItem\",\"position\":1,\"name\":\"Inicio\",\"item\":\"https:\/\/www.arssenasa.gob.do\/\"},{\"@type\":\"ListItem\",\"position\":2,\"name\":\"Director ejecutivo de SeNaSa llama a la poblaci\u00f3n a continuar con las medidas de precauci\u00f3n\"}]},{\"@type\":\"WebSite\",\"@id\":\"https:\/\/www.arssenasa.gob.do\/#website\",\"url\":\"https:\/\/www.arssenasa.gob.do\/\",\"name\":\"ARSSeNaSa\",\"description\":\"\",\"publisher\":{\"@id\":\"https:\/\/www.arssenasa.gob.do\/#organization\"},\"potentialAction\":[{\"@type\":\"SearchAction\",\"target\":{\"@type\":\"EntryPoint\",\"urlTemplate\":\"https:\/\/www.arssenasa.gob.do\/?s={search_term_string}\"},\"query-input\":{\"@type\":\"PropertyValueSpecification\",\"valueRequired\":true,\"valueName\":\"search_term_string\"}}],\"inLanguage\":\"es\"},{\"@type\":\"Organization\",\"@id\":\"https:\/\/www.arssenasa.gob.do\/#organization\",\"name\":\"SeNaSa - Seguro Nacional de Salud\",\"url\":\"https:\/\/www.arssenasa.gob.do\/\",\"logo\":{\"@type\":\"ImageObject\",\"inLanguage\":\"es\",\"@id\":\"https:\/\/www.arssenasa.gob.do\/#\/schema\/logo\/image\/\",\"url\":\"https:\/\/www.arssenasa.gob.do\/wp-content\/uploads\/2018\/11\/logo2022.png\",\"contentUrl\":\"https:\/\/www.arssenasa.gob.do\/wp-content\/uploads\/2018\/11\/logo2022.png\",\"width\":310,\"height\":200,\"caption\":\"SeNaSa - Seguro Nacional de Salud\"},\"image\":{\"@id\":\"https:\/\/www.arssenasa.gob.do\/#\/schema\/logo\/image\/\"},\"sameAs\":[\"https:\/\/www.facebook.com\/ARSSeNaSaRD\",\"https:\/\/x.com\/arssenasard\",\"https:\/\/www.instagram.com\/arssenasard\/\",\"https:\/\/www.youtube.com\/user\/ARSSeNaSa\"]},{\"@type\":\"Person\",\"@id\":\"https:\/\/www.arssenasa.gob.do\/#\/schema\/person\/b9d6c2c58f44cdecdcdaab7a6f9504c0\",\"name\":\"SeNaSa\",\"image\":{\"@type\":\"ImageObject\",\"inLanguage\":\"es\",\"@id\":\"https:\/\/www.arssenasa.gob.do\/#\/schema\/person\/image\/\",\"url\":\"https:\/\/secure.gravatar.com\/avatar\/3c45125f46520136bb5577344179f8312f2704a1174137df27ae1baa182b5a6e?s=96&d=mm&r=g\",\"contentUrl\":\"https:\/\/secure.gravatar.com\/avatar\/3c45125f46520136bb5577344179f8312f2704a1174137df27ae1baa182b5a6e?s=96&d=mm&r=g\",\"caption\":\"SeNaSa\"},\"url\":\"https:\/\/www.arssenasa.gob.do\/index.php\/blog\/author\/admin\/\"},false]}<\/script>\n<!-- \/ Yoast SEO plugin. -->","yoast_head_json":{"title":"Director ejecutivo de SeNaSa llama a la poblaci\u00f3n a continuar con las medidas de precauci\u00f3n - ARSSeNaSa","description":"%","robots":{"index":"index","follow":"follow","max-snippet":"max-snippet:-1","max-image-preview":"max-image-preview:large","max-video-preview":"max-video-preview:-1"},"canonical":"https:\/\/www.arssenasa.gob.do\/index.php\/blog\/2023\/11\/20\/director-ejecutivo-de-senasa-llama-a-la-poblacion-a-continuar-con-las-medidas-de-precaucion\/","og_locale":"es_ES","og_type":"article","og_title":"Director ejecutivo de SeNaSa llama a la poblaci\u00f3n a continuar con las medidas de precauci\u00f3n - ARSSeNaSa","og_description":"%","og_url":"https:\/\/www.arssenasa.gob.do\/index.php\/blog\/2023\/11\/20\/director-ejecutivo-de-senasa-llama-a-la-poblacion-a-continuar-con-las-medidas-de-precaucion\/","og_site_name":"ARSSeNaSa","article_publisher":"https:\/\/www.facebook.com\/ARSSeNaSaRD","article_published_time":"2023-11-20T19:10:00+00:00","article_modified_time":"2023-11-21T14:59:46+00:00","og_image":[{"width":1280,"height":777,"url":"https:\/\/www.arssenasa.gob.do\/wp-content\/uploads\/2023\/11\/Doctor-Santiago-Hazim-1-e1700578734661.jpg","type":"image\/jpeg"}],"author":"SeNaSa","twitter_card":"summary_large_image","twitter_creator":"@arssenasard","twitter_site":"@arssenasard","twitter_misc":{"Written by":"SeNaSa","Est. reading time":"2 minutos"},"schema":{"@context":"https:\/\/schema.org","@graph":[{"@type":"Article","@id":"https:\/\/www.arssenasa.gob.do\/index.php\/blog\/2023\/11\/20\/director-ejecutivo-de-senasa-llama-a-la-poblacion-a-continuar-con-las-medidas-de-precaucion\/#article","isPartOf":{"@id":"https:\/\/www.arssenasa.gob.do\/index.php\/blog\/2023\/11\/20\/director-ejecutivo-de-senasa-llama-a-la-poblacion-a-continuar-con-las-medidas-de-precaucion\/"},"author":{"name":"SeNaSa","@id":"https:\/\/www.arssenasa.gob.do\/#\/schema\/person\/b9d6c2c58f44cdecdcdaab7a6f9504c0"},"headline":"Director ejecutivo de SeNaSa llama a la poblaci\u00f3n a continuar con las medidas de precauci\u00f3n","datePublished":"2023-11-20T19:10:00+00:00","dateModified":"2023-11-21T14:59:46+00:00","mainEntityOfPage":{"@id":"https:\/\/www.arssenasa.gob.do\/index.php\/blog\/2023\/11\/20\/director-ejecutivo-de-senasa-llama-a-la-poblacion-a-continuar-con-las-medidas-de-precaucion\/"},"wordCount":378,"publisher":{"@id":"https:\/\/www.arssenasa.gob.do\/#organization"},"image":{"@id":"https:\/\/www.arssenasa.gob.do\/index.php\/blog\/2023\/11\/20\/director-ejecutivo-de-senasa-llama-a-la-poblacion-a-continuar-con-las-medidas-de-precaucion\/#primaryimage"},"thumbnailUrl":"https:\/\/www.arssenasa.gob.do\/wp-content\/uploads\/2023\/11\/Doctor-Santiago-Hazim-1-e1700578734661.jpg","keywords":["SeNaSa"],"articleSection":["Noticias"],"inLanguage":"es"},{"@type":"WebPage","@id":"https:\/\/www.arssenasa.gob.do\/index.php\/blog\/2023\/11\/20\/director-ejecutivo-de-senasa-llama-a-la-poblacion-a-continuar-con-las-medidas-de-precaucion\/","url":"https:\/\/www.arssenasa.gob.do\/index.php\/blog\/2023\/11\/20\/director-ejecutivo-de-senasa-llama-a-la-poblacion-a-continuar-con-las-medidas-de-precaucion\/","name":"Director ejecutivo de SeNaSa llama a la poblaci\u00f3n a continuar con las medidas de precauci\u00f3n - ARSSeNaSa","isPartOf":{"@id":"https:\/\/www.arssenasa.gob.do\/#website"},"primaryImageOfPage":{"@id":"https:\/\/www.arssenasa.gob.do\/index.php\/blog\/2023\/11\/20\/director-ejecutivo-de-senasa-llama-a-la-poblacion-a-continuar-con-las-medidas-de-precaucion\/#primaryimage"},"image":{"@id":"https:\/\/www.arssenasa.gob.do\/index.php\/blog\/2023\/11\/20\/director-ejecutivo-de-senasa-llama-a-la-poblacion-a-continuar-con-las-medidas-de-precaucion\/#primaryimage"},"thumbnailUrl":"https:\/\/www.arssenasa.gob.do\/wp-content\/uploads\/2023\/11\/Doctor-Santiago-Hazim-1-e1700578734661.jpg","datePublished":"2023-11-20T19:10:00+00:00","dateModified":"2023-11-21T14:59:46+00:00","description":"%","breadcrumb":{"@id":"https:\/\/www.arssenasa.gob.do\/index.php\/blog\/2023\/11\/20\/director-ejecutivo-de-senasa-llama-a-la-poblacion-a-continuar-con-las-medidas-de-precaucion\/#breadcrumb"},"inLanguage":"es","potentialAction":[{"@type":"ReadAction","target":["https:\/\/www.arssenasa.gob.do\/index.php\/blog\/2023\/11\/20\/director-ejecutivo-de-senasa-llama-a-la-poblacion-a-continuar-con-las-medidas-de-precaucion\/"]}]},{"@type":"ImageObject","inLanguage":"es","@id":"https:\/\/www.arssenasa.gob.do\/index.php\/blog\/2023\/11\/20\/director-ejecutivo-de-senasa-llama-a-la-poblacion-a-continuar-con-las-medidas-de-precaucion\/#primaryimage","url":"https:\/\/www.arssenasa.gob.do\/wp-content\/uploads\/2023\/11\/Doctor-Santiago-Hazim-1-e1700578734661.jpg","contentUrl":"https:\/\/www.arssenasa.gob.do\/wp-content\/uploads\/2023\/11\/Doctor-Santiago-Hazim-1-e1700578734661.jpg","width":1280,"height":777,"caption":"Dr. Santiago Hazim, Director Senasa"},{"@type":"BreadcrumbList","@id":"https:\/\/www.arssenasa.gob.do\/index.php\/blog\/2023\/11\/20\/director-ejecutivo-de-senasa-llama-a-la-poblacion-a-continuar-con-las-medidas-de-precaucion\/#breadcrumb","itemListElement":[{"@type":"ListItem","position":1,"name":"Inicio","item":"https:\/\/www.arssenasa.gob.do\/"},{"@type":"ListItem","position":2,"name":"Director ejecutivo de SeNaSa llama a la poblaci\u00f3n a continuar con las medidas de precauci\u00f3n"}]},{"@type":"WebSite","@id":"https:\/\/www.arssenasa.gob.do\/#website","url":"https:\/\/www.arssenasa.gob.do\/","name":"ARSSeNaSa","description":"","publisher":{"@id":"https:\/\/www.arssenasa.gob.do\/#organization"},"potentialAction":[{"@type":"SearchAction","target":{"@type":"EntryPoint","urlTemplate":"https:\/\/www.arssenasa.gob.do\/?s={search_term_string}"},"query-input":{"@type":"PropertyValueSpecification","valueRequired":true,"valueName":"search_term_string"}}],"inLanguage":"es"},{"@type":"Organization","@id":"https:\/\/www.arssenasa.gob.do\/#organization","name":"SeNaSa - Seguro Nacional de Salud","url":"https:\/\/www.arssenasa.gob.do\/","logo":{"@type":"ImageObject","inLanguage":"es","@id":"https:\/\/www.arssenasa.gob.do\/#\/schema\/logo\/image\/","url":"https:\/\/www.arssenasa.gob.do\/wp-content\/uploads\/2018\/11\/logo2022.png","contentUrl":"https:\/\/www.arssenasa.gob.do\/wp-content\/uploads\/2018\/11\/logo2022.png","width":310,"height":200,"caption":"SeNaSa - Seguro Nacional de Salud"},"image":{"@id":"https:\/\/www.arssenasa.gob.do\/#\/schema\/logo\/image\/"},"sameAs":["https:\/\/www.facebook.com\/ARSSeNaSaRD","https:\/\/x.com\/arssenasard","https:\/\/www.instagram.com\/arssenasard\/","https:\/\/www.youtube.com\/user\/ARSSeNaSa"]},{"@type":"Person","@id":"https:\/\/www.arssenasa.gob.do\/#\/schema\/person\/b9d6c2c58f44cdecdcdaab7a6f9504c0","name":"SeNaSa","image":{"@type":"ImageObject","inLanguage":"es","@id":"https:\/\/www.arssenasa.gob.do\/#\/schema\/person\/image\/","url":"https:\/\/secure.gravatar.com\/avatar\/3c45125f46520136bb5577344179f8312f2704a1174137df27ae1baa182b5a6e?s=96&d=mm&r=g","contentUrl":"https:\/\/secure.gravatar.com\/avatar\/3c45125f46520136bb5577344179f8312f2704a1174137df27ae1baa182b5a6e?s=96&d=mm&r=g","caption":"SeNaSa"},"url":"https:\/\/www.arssenasa.gob.do\/index.php\/blog\/author\/admin\/"},false]}},"yasr_visitor_votes":{"stars_attributes":{"read_only":false,"span_bottom":false},"number_of_votes":0,"sum_votes":0},"_links":{"self":[{"href":"https:\/\/www.arssenasa.gob.do\/index.php\/wp-json\/wp\/v2\/posts\/17533","targetHints":{"allow":["GET"]}}],"collection":[{"href":"https:\/\/www.arssenasa.gob.do\/index.php\/wp-json\/wp\/v2\/posts"}],"about":[{"href":"https:\/\/www.arssenasa.gob.do\/index.php\/wp-json\/wp\/v2\/types\/post"}],"author":[{"embeddable":true,"href":"https:\/\/www.arssenasa.gob.do\/index.php\/wp-json\/wp\/v2\/users\/3"}],"replies":[{"embeddable":true,"href":"https:\/\/www.arssenasa.gob.do\/index.php\/wp-json\/wp\/v2\/comments?post=17533"}],"version-history":[{"count":1,"href":"https:\/\/www.arssenasa.gob.do\/index.php\/wp-json\/wp\/v2\/posts\/17533\/revisions"}],"predecessor-version":[{"id":17535,"href":"https:\/\/www.arssenasa.gob.do\/index.php\/wp-json\/wp\/v2\/posts\/17533\/revisions\/17535"}],"wp:featuredmedia":[{"embeddable":true,"href":"https:\/\/www.arssenasa.gob.do\/index.php\/wp-json\/wp\/v2\/media\/17534"}],"wp:attachment":[{"href":"https:\/\/www.arssenasa.gob.do\/index.php\/wp-json\/wp\/v2\/media?parent=17533"}],"wp:term":[{"taxonomy":"category","embeddable":true,"href":"https:\/\/www.arssenasa.gob.do\/index.php\/wp-json\/wp\/v2\/categories?post=17533"},{"taxonomy":"post_tag","embeddable":true,"href":"https:\/\/www.arssenasa.gob.do\/index.php\/wp-json\/wp\/v2\/tags?post=17533"}],"curies":[{"name":"wp","href":"https:\/\/api.w.org\/{rel}","templated":true}]}}