{"id":22212,"date":"2025-11-20T11:59:46","date_gmt":"2025-11-20T15:59:46","guid":{"rendered":"https:\/\/www.arssenasa.gob.do\/?p=22212"},"modified":"2025-11-20T11:59:48","modified_gmt":"2025-11-20T15:59:48","slug":"senasa-y-la-hermandad-de-veteranos-de-las-ff-aa-y-pn-participan-en-reunion-de-coordinacion","status":"publish","type":"post","link":"https:\/\/www.arssenasa.gob.do\/index.php\/blog\/2025\/11\/20\/senasa-y-la-hermandad-de-veteranos-de-las-ff-aa-y-pn-participan-en-reunion-de-coordinacion\/","title":{"rendered":"SeNaSa y la Hermandad de Veteranos de las FF.AA. y PN participan en reuni\u00f3n de coordinaci\u00f3n"},"content":{"rendered":"\n<p><strong>Santo Domingo. \u2013<\/strong> El Seguro Nacional de Salud (SeNaSa) sostuvo un encuentro con miembros de la Hermandad de Veteranos de las Fuerzas Armadas y la Polic\u00eda Nacional, con el objetivo de establecer un acercamiento institucional que permita desarrollar iniciativas conjuntas en beneficio de esta importante poblaci\u00f3n.<\/p>\n\n\n\n<p>Durante el encuentro, SeNaSa dio a conocer las bondades de la instituci\u00f3n dirigidas a fortalecer la atenci\u00f3n, la prevenci\u00f3n y el acompa\u00f1amiento de sus afiliados. La Hermandad destac\u00f3 que una proporci\u00f3n significativa de sus miembros supera los 65 a\u00f1os y que alrededor del 60 % vive con condiciones cr\u00f3nicas como hipertensi\u00f3n y diabetes, por lo que valoraron positivamente la iniciativa de trabajar de manera coordinada para fortalecer su calidad de vida.<\/p>\n\n\n\n<p>Ambas instituciones acordaron avanzar hacia la firma de un convenio que permita desarrollar jornadas de afiliaci\u00f3n y carnetizaci\u00f3n, as\u00ed como iniciativas de orientaci\u00f3n, prevenci\u00f3n y educaci\u00f3n en salud, con el fin de garantizar un acceso m\u00e1s oportuno y cercano a los servicios.<\/p>\n\n\n\n<p>En el encuentro participaron, por parte de SeNaSa, el director ejecutivo, doctor Edward Guzm\u00e1n; el gerente de Salud, Jefrey Lizardo; y la gerente de Afiliaci\u00f3n, Carmen Jos\u00e9.<\/p>\n\n\n\n<p>En representaci\u00f3n de la Hermandad de Veteranos de las Fuerzas Armadas y la Polic\u00eda Nacional asistieron su presidente, el mayor general (r) Valerio Garc\u00eda Reyes, ERD, el general (r) doctor Roberto Nina, ERD, gerente de Salud de la entidad y el 1er. vicepresidente el Mayor Gral. (R) Miguel Paulino Espinal FARD.<\/p>\n","protected":false},"excerpt":{"rendered":"<p>Santo Domingo. \u2013 El Seguro Nacional de Salud (SeNaSa) sostuvo un encuentro con miembros de la Hermandad de Veteranos de las Fuerzas Armadas y la Polic\u00eda Nacional, con el objetivo de establecer un acercamiento institucional que permita desarrollar iniciativas conjuntas en beneficio de esta importante poblaci\u00f3n. Durante el encuentro, SeNaSa dio a conocer las bondades [&hellip;]<\/p>\n","protected":false},"author":3,"featured_media":22213,"comment_status":"closed","ping_status":"open","sticky":false,"template":"","format":"standard","meta":{"inline_featured_image":false,"yasr_overall_rating":0,"yasr_post_is_review":"","yasr_auto_insert_disabled":"","yasr_review_type":"","_glsr_average":0,"_glsr_ranking":0,"_glsr_reviews":0,"footnotes":""},"categories":[13],"tags":[],"class_list":["post-22212","post","type-post","status-publish","format-standard","has-post-thumbnail","hentry","category-noticias"],"yoast_head":"<!-- This site is optimized with the Yoast SEO plugin v26.6 - https:\/\/yoast.com\/wordpress\/plugins\/seo\/ -->\n<title>SeNaSa y la Hermandad de Veteranos de las FF.AA. y PN participan en reuni\u00f3n de coordinaci\u00f3n - ARSSeNaSa<\/title>\n<meta name=\"description\" content=\"%\" \/>\n<meta name=\"robots\" content=\"index, follow, max-snippet:-1, max-image-preview:large, max-video-preview:-1\" \/>\n<link rel=\"canonical\" href=\"https:\/\/www.arssenasa.gob.do\/index.php\/blog\/2025\/11\/20\/senasa-y-la-hermandad-de-veteranos-de-las-ff-aa-y-pn-participan-en-reunion-de-coordinacion\/\" \/>\n<meta property=\"og:locale\" content=\"es_ES\" \/>\n<meta property=\"og:type\" content=\"article\" \/>\n<meta property=\"og:title\" content=\"SeNaSa y la Hermandad de Veteranos de las FF.AA. y PN participan en reuni\u00f3n de coordinaci\u00f3n - ARSSeNaSa\" \/>\n<meta property=\"og:description\" content=\"%\" \/>\n<meta property=\"og:url\" content=\"https:\/\/www.arssenasa.gob.do\/index.php\/blog\/2025\/11\/20\/senasa-y-la-hermandad-de-veteranos-de-las-ff-aa-y-pn-participan-en-reunion-de-coordinacion\/\" \/>\n<meta property=\"og:site_name\" content=\"ARSSeNaSa\" \/>\n<meta property=\"article:publisher\" content=\"https:\/\/www.facebook.com\/ARSSeNaSaRD\" \/>\n<meta property=\"article:published_time\" content=\"2025-11-20T15:59:46+00:00\" \/>\n<meta property=\"article:modified_time\" content=\"2025-11-20T15:59:48+00:00\" \/>\n<meta property=\"og:image\" content=\"https:\/\/www.arssenasa.gob.do\/wp-content\/uploads\/2025\/11\/f835f1a1-40c0-4f9a-bba1-a6b7348dc418-scaled.jpg\" \/>\n\t<meta property=\"og:image:width\" content=\"2560\" \/>\n\t<meta property=\"og:image:height\" content=\"1706\" \/>\n\t<meta property=\"og:image:type\" content=\"image\/jpeg\" \/>\n<meta name=\"author\" content=\"SeNaSa\" \/>\n<meta name=\"twitter:card\" content=\"summary_large_image\" \/>\n<meta name=\"twitter:creator\" content=\"@arssenasard\" \/>\n<meta name=\"twitter:site\" content=\"@arssenasard\" \/>\n<meta name=\"twitter:label1\" content=\"Written by\" \/>\n\t<meta name=\"twitter:data1\" content=\"SeNaSa\" \/>\n\t<meta name=\"twitter:label2\" content=\"Est. reading time\" \/>\n\t<meta name=\"twitter:data2\" content=\"2 minutos\" \/>\n<script type=\"application\/ld+json\" class=\"yoast-schema-graph\">{\"@context\":\"https:\/\/schema.org\",\"@graph\":[{\"@type\":\"Article\",\"@id\":\"https:\/\/www.arssenasa.gob.do\/index.php\/blog\/2025\/11\/20\/senasa-y-la-hermandad-de-veteranos-de-las-ff-aa-y-pn-participan-en-reunion-de-coordinacion\/#article\",\"isPartOf\":{\"@id\":\"https:\/\/www.arssenasa.gob.do\/index.php\/blog\/2025\/11\/20\/senasa-y-la-hermandad-de-veteranos-de-las-ff-aa-y-pn-participan-en-reunion-de-coordinacion\/\"},\"author\":{\"name\":\"SeNaSa\",\"@id\":\"https:\/\/www.arssenasa.gob.do\/#\/schema\/person\/b9d6c2c58f44cdecdcdaab7a6f9504c0\"},\"headline\":\"SeNaSa y la Hermandad de Veteranos de las FF.AA. y PN participan en reuni\u00f3n de coordinaci\u00f3n\",\"datePublished\":\"2025-11-20T15:59:46+00:00\",\"dateModified\":\"2025-11-20T15:59:48+00:00\",\"mainEntityOfPage\":{\"@id\":\"https:\/\/www.arssenasa.gob.do\/index.php\/blog\/2025\/11\/20\/senasa-y-la-hermandad-de-veteranos-de-las-ff-aa-y-pn-participan-en-reunion-de-coordinacion\/\"},\"wordCount\":273,\"publisher\":{\"@id\":\"https:\/\/www.arssenasa.gob.do\/#organization\"},\"image\":{\"@id\":\"https:\/\/www.arssenasa.gob.do\/index.php\/blog\/2025\/11\/20\/senasa-y-la-hermandad-de-veteranos-de-las-ff-aa-y-pn-participan-en-reunion-de-coordinacion\/#primaryimage\"},\"thumbnailUrl\":\"https:\/\/www.arssenasa.gob.do\/wp-content\/uploads\/2025\/11\/f835f1a1-40c0-4f9a-bba1-a6b7348dc418-scaled.jpg\",\"articleSection\":[\"Noticias\"],\"inLanguage\":\"es\"},{\"@type\":\"WebPage\",\"@id\":\"https:\/\/www.arssenasa.gob.do\/index.php\/blog\/2025\/11\/20\/senasa-y-la-hermandad-de-veteranos-de-las-ff-aa-y-pn-participan-en-reunion-de-coordinacion\/\",\"url\":\"https:\/\/www.arssenasa.gob.do\/index.php\/blog\/2025\/11\/20\/senasa-y-la-hermandad-de-veteranos-de-las-ff-aa-y-pn-participan-en-reunion-de-coordinacion\/\",\"name\":\"SeNaSa y la Hermandad de Veteranos de las FF.AA. y PN participan en reuni\u00f3n de coordinaci\u00f3n - ARSSeNaSa\",\"isPartOf\":{\"@id\":\"https:\/\/www.arssenasa.gob.do\/#website\"},\"primaryImageOfPage\":{\"@id\":\"https:\/\/www.arssenasa.gob.do\/index.php\/blog\/2025\/11\/20\/senasa-y-la-hermandad-de-veteranos-de-las-ff-aa-y-pn-participan-en-reunion-de-coordinacion\/#primaryimage\"},\"image\":{\"@id\":\"https:\/\/www.arssenasa.gob.do\/index.php\/blog\/2025\/11\/20\/senasa-y-la-hermandad-de-veteranos-de-las-ff-aa-y-pn-participan-en-reunion-de-coordinacion\/#primaryimage\"},\"thumbnailUrl\":\"https:\/\/www.arssenasa.gob.do\/wp-content\/uploads\/2025\/11\/f835f1a1-40c0-4f9a-bba1-a6b7348dc418-scaled.jpg\",\"datePublished\":\"2025-11-20T15:59:46+00:00\",\"dateModified\":\"2025-11-20T15:59:48+00:00\",\"description\":\"%\",\"breadcrumb\":{\"@id\":\"https:\/\/www.arssenasa.gob.do\/index.php\/blog\/2025\/11\/20\/senasa-y-la-hermandad-de-veteranos-de-las-ff-aa-y-pn-participan-en-reunion-de-coordinacion\/#breadcrumb\"},\"inLanguage\":\"es\",\"potentialAction\":[{\"@type\":\"ReadAction\",\"target\":[\"https:\/\/www.arssenasa.gob.do\/index.php\/blog\/2025\/11\/20\/senasa-y-la-hermandad-de-veteranos-de-las-ff-aa-y-pn-participan-en-reunion-de-coordinacion\/\"]}]},{\"@type\":\"ImageObject\",\"inLanguage\":\"es\",\"@id\":\"https:\/\/www.arssenasa.gob.do\/index.php\/blog\/2025\/11\/20\/senasa-y-la-hermandad-de-veteranos-de-las-ff-aa-y-pn-participan-en-reunion-de-coordinacion\/#primaryimage\",\"url\":\"https:\/\/www.arssenasa.gob.do\/wp-content\/uploads\/2025\/11\/f835f1a1-40c0-4f9a-bba1-a6b7348dc418-scaled.jpg\",\"contentUrl\":\"https:\/\/www.arssenasa.gob.do\/wp-content\/uploads\/2025\/11\/f835f1a1-40c0-4f9a-bba1-a6b7348dc418-scaled.jpg\",\"width\":2560,\"height\":1706},{\"@type\":\"BreadcrumbList\",\"@id\":\"https:\/\/www.arssenasa.gob.do\/index.php\/blog\/2025\/11\/20\/senasa-y-la-hermandad-de-veteranos-de-las-ff-aa-y-pn-participan-en-reunion-de-coordinacion\/#breadcrumb\",\"itemListElement\":[{\"@type\":\"ListItem\",\"position\":1,\"name\":\"Inicio\",\"item\":\"https:\/\/www.arssenasa.gob.do\/\"},{\"@type\":\"ListItem\",\"position\":2,\"name\":\"SeNaSa y la Hermandad de Veteranos de las FF.AA. y PN participan en reuni\u00f3n de coordinaci\u00f3n\"}]},{\"@type\":\"WebSite\",\"@id\":\"https:\/\/www.arssenasa.gob.do\/#website\",\"url\":\"https:\/\/www.arssenasa.gob.do\/\",\"name\":\"ARSSeNaSa\",\"description\":\"\",\"publisher\":{\"@id\":\"https:\/\/www.arssenasa.gob.do\/#organization\"},\"potentialAction\":[{\"@type\":\"SearchAction\",\"target\":{\"@type\":\"EntryPoint\",\"urlTemplate\":\"https:\/\/www.arssenasa.gob.do\/?s={search_term_string}\"},\"query-input\":{\"@type\":\"PropertyValueSpecification\",\"valueRequired\":true,\"valueName\":\"search_term_string\"}}],\"inLanguage\":\"es\"},{\"@type\":\"Organization\",\"@id\":\"https:\/\/www.arssenasa.gob.do\/#organization\",\"name\":\"SeNaSa - Seguro Nacional de Salud\",\"url\":\"https:\/\/www.arssenasa.gob.do\/\",\"logo\":{\"@type\":\"ImageObject\",\"inLanguage\":\"es\",\"@id\":\"https:\/\/www.arssenasa.gob.do\/#\/schema\/logo\/image\/\",\"url\":\"https:\/\/www.arssenasa.gob.do\/wp-content\/uploads\/2018\/11\/logo2022.png\",\"contentUrl\":\"https:\/\/www.arssenasa.gob.do\/wp-content\/uploads\/2018\/11\/logo2022.png\",\"width\":310,\"height\":200,\"caption\":\"SeNaSa - Seguro Nacional de Salud\"},\"image\":{\"@id\":\"https:\/\/www.arssenasa.gob.do\/#\/schema\/logo\/image\/\"},\"sameAs\":[\"https:\/\/www.facebook.com\/ARSSeNaSaRD\",\"https:\/\/x.com\/arssenasard\",\"https:\/\/www.instagram.com\/arssenasard\/\",\"https:\/\/www.youtube.com\/user\/ARSSeNaSa\"]},{\"@type\":\"Person\",\"@id\":\"https:\/\/www.arssenasa.gob.do\/#\/schema\/person\/b9d6c2c58f44cdecdcdaab7a6f9504c0\",\"name\":\"SeNaSa\",\"image\":{\"@type\":\"ImageObject\",\"inLanguage\":\"es\",\"@id\":\"https:\/\/www.arssenasa.gob.do\/#\/schema\/person\/image\/\",\"url\":\"https:\/\/secure.gravatar.com\/avatar\/3c45125f46520136bb5577344179f8312f2704a1174137df27ae1baa182b5a6e?s=96&d=mm&r=g\",\"contentUrl\":\"https:\/\/secure.gravatar.com\/avatar\/3c45125f46520136bb5577344179f8312f2704a1174137df27ae1baa182b5a6e?s=96&d=mm&r=g\",\"caption\":\"SeNaSa\"},\"url\":\"https:\/\/www.arssenasa.gob.do\/index.php\/blog\/author\/admin\/\"},false]}<\/script>\n<!-- \/ Yoast SEO plugin. -->","yoast_head_json":{"title":"SeNaSa y la Hermandad de Veteranos de las FF.AA. y PN participan en reuni\u00f3n de coordinaci\u00f3n - ARSSeNaSa","description":"%","robots":{"index":"index","follow":"follow","max-snippet":"max-snippet:-1","max-image-preview":"max-image-preview:large","max-video-preview":"max-video-preview:-1"},"canonical":"https:\/\/www.arssenasa.gob.do\/index.php\/blog\/2025\/11\/20\/senasa-y-la-hermandad-de-veteranos-de-las-ff-aa-y-pn-participan-en-reunion-de-coordinacion\/","og_locale":"es_ES","og_type":"article","og_title":"SeNaSa y la Hermandad de Veteranos de las FF.AA. y PN participan en reuni\u00f3n de coordinaci\u00f3n - ARSSeNaSa","og_description":"%","og_url":"https:\/\/www.arssenasa.gob.do\/index.php\/blog\/2025\/11\/20\/senasa-y-la-hermandad-de-veteranos-de-las-ff-aa-y-pn-participan-en-reunion-de-coordinacion\/","og_site_name":"ARSSeNaSa","article_publisher":"https:\/\/www.facebook.com\/ARSSeNaSaRD","article_published_time":"2025-11-20T15:59:46+00:00","article_modified_time":"2025-11-20T15:59:48+00:00","og_image":[{"width":2560,"height":1706,"url":"https:\/\/www.arssenasa.gob.do\/wp-content\/uploads\/2025\/11\/f835f1a1-40c0-4f9a-bba1-a6b7348dc418-scaled.jpg","type":"image\/jpeg"}],"author":"SeNaSa","twitter_card":"summary_large_image","twitter_creator":"@arssenasard","twitter_site":"@arssenasard","twitter_misc":{"Written by":"SeNaSa","Est. reading time":"2 minutos"},"schema":{"@context":"https:\/\/schema.org","@graph":[{"@type":"Article","@id":"https:\/\/www.arssenasa.gob.do\/index.php\/blog\/2025\/11\/20\/senasa-y-la-hermandad-de-veteranos-de-las-ff-aa-y-pn-participan-en-reunion-de-coordinacion\/#article","isPartOf":{"@id":"https:\/\/www.arssenasa.gob.do\/index.php\/blog\/2025\/11\/20\/senasa-y-la-hermandad-de-veteranos-de-las-ff-aa-y-pn-participan-en-reunion-de-coordinacion\/"},"author":{"name":"SeNaSa","@id":"https:\/\/www.arssenasa.gob.do\/#\/schema\/person\/b9d6c2c58f44cdecdcdaab7a6f9504c0"},"headline":"SeNaSa y la Hermandad de Veteranos de las FF.AA. y PN participan en reuni\u00f3n de coordinaci\u00f3n","datePublished":"2025-11-20T15:59:46+00:00","dateModified":"2025-11-20T15:59:48+00:00","mainEntityOfPage":{"@id":"https:\/\/www.arssenasa.gob.do\/index.php\/blog\/2025\/11\/20\/senasa-y-la-hermandad-de-veteranos-de-las-ff-aa-y-pn-participan-en-reunion-de-coordinacion\/"},"wordCount":273,"publisher":{"@id":"https:\/\/www.arssenasa.gob.do\/#organization"},"image":{"@id":"https:\/\/www.arssenasa.gob.do\/index.php\/blog\/2025\/11\/20\/senasa-y-la-hermandad-de-veteranos-de-las-ff-aa-y-pn-participan-en-reunion-de-coordinacion\/#primaryimage"},"thumbnailUrl":"https:\/\/www.arssenasa.gob.do\/wp-content\/uploads\/2025\/11\/f835f1a1-40c0-4f9a-bba1-a6b7348dc418-scaled.jpg","articleSection":["Noticias"],"inLanguage":"es"},{"@type":"WebPage","@id":"https:\/\/www.arssenasa.gob.do\/index.php\/blog\/2025\/11\/20\/senasa-y-la-hermandad-de-veteranos-de-las-ff-aa-y-pn-participan-en-reunion-de-coordinacion\/","url":"https:\/\/www.arssenasa.gob.do\/index.php\/blog\/2025\/11\/20\/senasa-y-la-hermandad-de-veteranos-de-las-ff-aa-y-pn-participan-en-reunion-de-coordinacion\/","name":"SeNaSa y la Hermandad de Veteranos de las FF.AA. y PN participan en reuni\u00f3n de coordinaci\u00f3n - ARSSeNaSa","isPartOf":{"@id":"https:\/\/www.arssenasa.gob.do\/#website"},"primaryImageOfPage":{"@id":"https:\/\/www.arssenasa.gob.do\/index.php\/blog\/2025\/11\/20\/senasa-y-la-hermandad-de-veteranos-de-las-ff-aa-y-pn-participan-en-reunion-de-coordinacion\/#primaryimage"},"image":{"@id":"https:\/\/www.arssenasa.gob.do\/index.php\/blog\/2025\/11\/20\/senasa-y-la-hermandad-de-veteranos-de-las-ff-aa-y-pn-participan-en-reunion-de-coordinacion\/#primaryimage"},"thumbnailUrl":"https:\/\/www.arssenasa.gob.do\/wp-content\/uploads\/2025\/11\/f835f1a1-40c0-4f9a-bba1-a6b7348dc418-scaled.jpg","datePublished":"2025-11-20T15:59:46+00:00","dateModified":"2025-11-20T15:59:48+00:00","description":"%","breadcrumb":{"@id":"https:\/\/www.arssenasa.gob.do\/index.php\/blog\/2025\/11\/20\/senasa-y-la-hermandad-de-veteranos-de-las-ff-aa-y-pn-participan-en-reunion-de-coordinacion\/#breadcrumb"},"inLanguage":"es","potentialAction":[{"@type":"ReadAction","target":["https:\/\/www.arssenasa.gob.do\/index.php\/blog\/2025\/11\/20\/senasa-y-la-hermandad-de-veteranos-de-las-ff-aa-y-pn-participan-en-reunion-de-coordinacion\/"]}]},{"@type":"ImageObject","inLanguage":"es","@id":"https:\/\/www.arssenasa.gob.do\/index.php\/blog\/2025\/11\/20\/senasa-y-la-hermandad-de-veteranos-de-las-ff-aa-y-pn-participan-en-reunion-de-coordinacion\/#primaryimage","url":"https:\/\/www.arssenasa.gob.do\/wp-content\/uploads\/2025\/11\/f835f1a1-40c0-4f9a-bba1-a6b7348dc418-scaled.jpg","contentUrl":"https:\/\/www.arssenasa.gob.do\/wp-content\/uploads\/2025\/11\/f835f1a1-40c0-4f9a-bba1-a6b7348dc418-scaled.jpg","width":2560,"height":1706},{"@type":"BreadcrumbList","@id":"https:\/\/www.arssenasa.gob.do\/index.php\/blog\/2025\/11\/20\/senasa-y-la-hermandad-de-veteranos-de-las-ff-aa-y-pn-participan-en-reunion-de-coordinacion\/#breadcrumb","itemListElement":[{"@type":"ListItem","position":1,"name":"Inicio","item":"https:\/\/www.arssenasa.gob.do\/"},{"@type":"ListItem","position":2,"name":"SeNaSa y la Hermandad de Veteranos de las FF.AA. y PN participan en reuni\u00f3n de coordinaci\u00f3n"}]},{"@type":"WebSite","@id":"https:\/\/www.arssenasa.gob.do\/#website","url":"https:\/\/www.arssenasa.gob.do\/","name":"ARSSeNaSa","description":"","publisher":{"@id":"https:\/\/www.arssenasa.gob.do\/#organization"},"potentialAction":[{"@type":"SearchAction","target":{"@type":"EntryPoint","urlTemplate":"https:\/\/www.arssenasa.gob.do\/?s={search_term_string}"},"query-input":{"@type":"PropertyValueSpecification","valueRequired":true,"valueName":"search_term_string"}}],"inLanguage":"es"},{"@type":"Organization","@id":"https:\/\/www.arssenasa.gob.do\/#organization","name":"SeNaSa - Seguro Nacional de Salud","url":"https:\/\/www.arssenasa.gob.do\/","logo":{"@type":"ImageObject","inLanguage":"es","@id":"https:\/\/www.arssenasa.gob.do\/#\/schema\/logo\/image\/","url":"https:\/\/www.arssenasa.gob.do\/wp-content\/uploads\/2018\/11\/logo2022.png","contentUrl":"https:\/\/www.arssenasa.gob.do\/wp-content\/uploads\/2018\/11\/logo2022.png","width":310,"height":200,"caption":"SeNaSa - Seguro Nacional de Salud"},"image":{"@id":"https:\/\/www.arssenasa.gob.do\/#\/schema\/logo\/image\/"},"sameAs":["https:\/\/www.facebook.com\/ARSSeNaSaRD","https:\/\/x.com\/arssenasard","https:\/\/www.instagram.com\/arssenasard\/","https:\/\/www.youtube.com\/user\/ARSSeNaSa"]},{"@type":"Person","@id":"https:\/\/www.arssenasa.gob.do\/#\/schema\/person\/b9d6c2c58f44cdecdcdaab7a6f9504c0","name":"SeNaSa","image":{"@type":"ImageObject","inLanguage":"es","@id":"https:\/\/www.arssenasa.gob.do\/#\/schema\/person\/image\/","url":"https:\/\/secure.gravatar.com\/avatar\/3c45125f46520136bb5577344179f8312f2704a1174137df27ae1baa182b5a6e?s=96&d=mm&r=g","contentUrl":"https:\/\/secure.gravatar.com\/avatar\/3c45125f46520136bb5577344179f8312f2704a1174137df27ae1baa182b5a6e?s=96&d=mm&r=g","caption":"SeNaSa"},"url":"https:\/\/www.arssenasa.gob.do\/index.php\/blog\/author\/admin\/"},false]}},"yasr_visitor_votes":{"stars_attributes":{"read_only":false,"span_bottom":false},"number_of_votes":0,"sum_votes":0},"_links":{"self":[{"href":"https:\/\/www.arssenasa.gob.do\/index.php\/wp-json\/wp\/v2\/posts\/22212","targetHints":{"allow":["GET"]}}],"collection":[{"href":"https:\/\/www.arssenasa.gob.do\/index.php\/wp-json\/wp\/v2\/posts"}],"about":[{"href":"https:\/\/www.arssenasa.gob.do\/index.php\/wp-json\/wp\/v2\/types\/post"}],"author":[{"embeddable":true,"href":"https:\/\/www.arssenasa.gob.do\/index.php\/wp-json\/wp\/v2\/users\/3"}],"replies":[{"embeddable":true,"href":"https:\/\/www.arssenasa.gob.do\/index.php\/wp-json\/wp\/v2\/comments?post=22212"}],"version-history":[{"count":1,"href":"https:\/\/www.arssenasa.gob.do\/index.php\/wp-json\/wp\/v2\/posts\/22212\/revisions"}],"predecessor-version":[{"id":22214,"href":"https:\/\/www.arssenasa.gob.do\/index.php\/wp-json\/wp\/v2\/posts\/22212\/revisions\/22214"}],"wp:featuredmedia":[{"embeddable":true,"href":"https:\/\/www.arssenasa.gob.do\/index.php\/wp-json\/wp\/v2\/media\/22213"}],"wp:attachment":[{"href":"https:\/\/www.arssenasa.gob.do\/index.php\/wp-json\/wp\/v2\/media?parent=22212"}],"wp:term":[{"taxonomy":"category","embeddable":true,"href":"https:\/\/www.arssenasa.gob.do\/index.php\/wp-json\/wp\/v2\/categories?post=22212"},{"taxonomy":"post_tag","embeddable":true,"href":"https:\/\/www.arssenasa.gob.do\/index.php\/wp-json\/wp\/v2\/tags?post=22212"}],"curies":[{"name":"wp","href":"https:\/\/api.w.org\/{rel}","templated":true}]}}