{"id":4860,"date":"2020-08-19T12:00:15","date_gmt":"2020-08-19T16:00:15","guid":{"rendered":"https:\/\/www.arssenasa.gob.do\/?p=4860"},"modified":"2020-08-25T10:48:27","modified_gmt":"2020-08-25T14:48:27","slug":"lo-que-mas-me-gusta-de-senasa-es-que-me-siento-util-me-siento-feliz","status":"publish","type":"post","link":"https:\/\/www.arssenasa.gob.do\/index.php\/blog\/2020\/08\/19\/lo-que-mas-me-gusta-de-senasa-es-que-me-siento-util-me-siento-feliz\/","title":{"rendered":"\u201cLo que m\u00e1s me gusta de SeNaSa es que me siento \u00fatil, me siento feliz\u201d"},"content":{"rendered":"\n<p>Cuando Pablo Valent\u00edn Schulze est\u00e1 en SeNaSa se siente \u00fatil. Sentir que aporta a SeNaSa desde el trabajo que realiza desde hace dos meses como conserje del \u00e1rea de C\u00f3mputos, en nuestro edificio de Naco, es una satisfacci\u00f3n invaluable que cada d\u00eda asume con m\u00e1s compromiso y entrega.<\/p>\n\n\n\n<p>Pablo Valent\u00edn Schulze, quien es una persona que vive con discapacidad intelectual, tuvo la oportunidad de integrarse a la familia SeNaSa por las conexiones que tiene nuestra instituci\u00f3n con diferentes fundaciones para dar la oportunidad de ingresar al mundo laboral a las personas que viven con alguna discapacidad.<\/p>\n\n\n\n<blockquote class=\"wp-block-quote is-layout-flow wp-block-quote-is-layout-flow\"><p>\u201cLa experiencia que he tenido en estos dos meses ha sido excelente. Me gusta el trabajo y mis compa\u00f1eros son excelentes conmigo, me tratan muy bien, me respetan, son muy cooperativos conmigo y me ense\u00f1an. Lo que m\u00e1s me gusta de todo es que me siento \u00fatil, me siento feliz\u201d<\/p><cite>Pablo Valent\u00edn Schulze, Conserje del \u00e1rea de c\u00f3mputos.<br>Discapacidad intelectual<\/cite><\/blockquote>\n\n\n\n<p>Considera que SeNaSa es una instituci\u00f3n inclusiva, incluso, seg\u00fan cuenta, su madre est\u00e1 sorprendida porque en SeNaSa lo valoraron y lo tratan con mucho respeto. Adem\u00e1s, Pablo afirma que ve oportunidades de crecimiento, algo que lo hace sentir muy bien.<\/p>\n\n\n\n<p>Josefina Schulze, madre de Pablo, entiende que en SeNaSa ha visto una luz en la vida de su hijo. \u201cNosotros siempre le habl\u00e1bamos de que en cualquier momento pod\u00eda tener un trabajo y lo que ten\u00eda que hacer, pero ahora que es una realidad vemos que lo valora, nunca lo he tenido que levantar para ir al trabajo y cumplir con su responsabilidad\u201d.<\/p>\n\n\n\n<p>Josefina a\u00f1adi\u00f3 que \u201cle agradezco de coraz\u00f3n a SeNaSa lo que est\u00e1 haciendo por Pablo\u201d.<\/p>\n","protected":false},"excerpt":{"rendered":"<p>Cuando Pablo Valent\u00edn Schulze est\u00e1 en SeNaSa se siente \u00fatil. Sentir que aporta a SeNaSa desde el trabajo que realiza desde hace dos meses como conserje del \u00e1rea de C\u00f3mputos, en nuestro edificio de Naco, es una satisfacci\u00f3n invaluable que cada d\u00eda asume con m\u00e1s compromiso y entrega. Pablo Valent\u00edn Schulze, quien es una persona [&hellip;]<\/p>\n","protected":false},"author":3,"featured_media":4863,"comment_status":"open","ping_status":"open","sticky":false,"template":"","format":"standard","meta":{"inline_featured_image":false,"yasr_overall_rating":0,"yasr_post_is_review":"","yasr_auto_insert_disabled":"","yasr_review_type":"","_glsr_average":0,"_glsr_ranking":0,"_glsr_reviews":0,"footnotes":""},"categories":[37],"tags":[],"class_list":["post-4860","post","type-post","status-publish","format-standard","has-post-thumbnail","hentry","category-rsi-inclusion-testimonios"],"yoast_head":"<!-- This site is optimized with the Yoast SEO plugin v26.6 - https:\/\/yoast.com\/wordpress\/plugins\/seo\/ -->\n<title>\u201cLo que m\u00e1s me gusta de SeNaSa es que me siento \u00fatil, me siento feliz\u201d - ARSSeNaSa<\/title>\n<meta name=\"description\" content=\"%\" \/>\n<meta name=\"robots\" content=\"index, follow, max-snippet:-1, max-image-preview:large, max-video-preview:-1\" \/>\n<link rel=\"canonical\" href=\"https:\/\/www.arssenasa.gob.do\/index.php\/blog\/2020\/08\/19\/lo-que-mas-me-gusta-de-senasa-es-que-me-siento-util-me-siento-feliz\/\" \/>\n<meta property=\"og:locale\" content=\"es_ES\" \/>\n<meta property=\"og:type\" content=\"article\" \/>\n<meta property=\"og:title\" content=\"\u201cLo que m\u00e1s me gusta de SeNaSa es que me siento \u00fatil, me siento feliz\u201d - ARSSeNaSa\" \/>\n<meta property=\"og:description\" content=\"%\" \/>\n<meta property=\"og:url\" content=\"https:\/\/www.arssenasa.gob.do\/index.php\/blog\/2020\/08\/19\/lo-que-mas-me-gusta-de-senasa-es-que-me-siento-util-me-siento-feliz\/\" \/>\n<meta property=\"og:site_name\" content=\"ARSSeNaSa\" \/>\n<meta property=\"article:publisher\" content=\"https:\/\/www.facebook.com\/ARSSeNaSaRD\" \/>\n<meta property=\"article:published_time\" content=\"2020-08-19T16:00:15+00:00\" \/>\n<meta property=\"article:modified_time\" content=\"2020-08-25T14:48:27+00:00\" \/>\n<meta property=\"og:image\" content=\"https:\/\/www.arssenasa.gob.do\/wp-content\/uploads\/2020\/08\/Pablo-01-e1597853102257.jpeg\" \/>\n\t<meta property=\"og:image:width\" content=\"1280\" \/>\n\t<meta property=\"og:image:height\" content=\"739\" \/>\n\t<meta property=\"og:image:type\" content=\"image\/jpeg\" \/>\n<meta name=\"author\" content=\"SeNaSa\" \/>\n<meta name=\"twitter:card\" content=\"summary_large_image\" \/>\n<meta name=\"twitter:creator\" content=\"@arssenasard\" \/>\n<meta name=\"twitter:site\" content=\"@arssenasard\" \/>\n<meta name=\"twitter:label1\" content=\"Written by\" \/>\n\t<meta name=\"twitter:data1\" content=\"SeNaSa\" \/>\n\t<meta name=\"twitter:label2\" content=\"Est. reading time\" \/>\n\t<meta name=\"twitter:data2\" content=\"1 minuto\" \/>\n<script type=\"application\/ld+json\" class=\"yoast-schema-graph\">{\"@context\":\"https:\/\/schema.org\",\"@graph\":[{\"@type\":\"Article\",\"@id\":\"https:\/\/www.arssenasa.gob.do\/index.php\/blog\/2020\/08\/19\/lo-que-mas-me-gusta-de-senasa-es-que-me-siento-util-me-siento-feliz\/#article\",\"isPartOf\":{\"@id\":\"https:\/\/www.arssenasa.gob.do\/index.php\/blog\/2020\/08\/19\/lo-que-mas-me-gusta-de-senasa-es-que-me-siento-util-me-siento-feliz\/\"},\"author\":{\"name\":\"SeNaSa\",\"@id\":\"https:\/\/www.arssenasa.gob.do\/#\/schema\/person\/b9d6c2c58f44cdecdcdaab7a6f9504c0\"},\"headline\":\"\u201cLo que m\u00e1s me gusta de SeNaSa es que me siento \u00fatil, me siento feliz\u201d\",\"datePublished\":\"2020-08-19T16:00:15+00:00\",\"dateModified\":\"2020-08-25T14:48:27+00:00\",\"mainEntityOfPage\":{\"@id\":\"https:\/\/www.arssenasa.gob.do\/index.php\/blog\/2020\/08\/19\/lo-que-mas-me-gusta-de-senasa-es-que-me-siento-util-me-siento-feliz\/\"},\"wordCount\":310,\"commentCount\":0,\"publisher\":{\"@id\":\"https:\/\/www.arssenasa.gob.do\/#organization\"},\"image\":{\"@id\":\"https:\/\/www.arssenasa.gob.do\/index.php\/blog\/2020\/08\/19\/lo-que-mas-me-gusta-de-senasa-es-que-me-siento-util-me-siento-feliz\/#primaryimage\"},\"thumbnailUrl\":\"https:\/\/www.arssenasa.gob.do\/wp-content\/uploads\/2020\/08\/Pablo-01-e1597853102257.jpeg\",\"articleSection\":[\"RSI - Inclusi\u00f3n Testimonios\"],\"inLanguage\":\"es\",\"potentialAction\":[{\"@type\":\"CommentAction\",\"name\":\"Comment\",\"target\":[\"https:\/\/www.arssenasa.gob.do\/index.php\/blog\/2020\/08\/19\/lo-que-mas-me-gusta-de-senasa-es-que-me-siento-util-me-siento-feliz\/#respond\"]}]},{\"@type\":\"WebPage\",\"@id\":\"https:\/\/www.arssenasa.gob.do\/index.php\/blog\/2020\/08\/19\/lo-que-mas-me-gusta-de-senasa-es-que-me-siento-util-me-siento-feliz\/\",\"url\":\"https:\/\/www.arssenasa.gob.do\/index.php\/blog\/2020\/08\/19\/lo-que-mas-me-gusta-de-senasa-es-que-me-siento-util-me-siento-feliz\/\",\"name\":\"\u201cLo que m\u00e1s me gusta de SeNaSa es que me siento \u00fatil, me siento feliz\u201d - ARSSeNaSa\",\"isPartOf\":{\"@id\":\"https:\/\/www.arssenasa.gob.do\/#website\"},\"primaryImageOfPage\":{\"@id\":\"https:\/\/www.arssenasa.gob.do\/index.php\/blog\/2020\/08\/19\/lo-que-mas-me-gusta-de-senasa-es-que-me-siento-util-me-siento-feliz\/#primaryimage\"},\"image\":{\"@id\":\"https:\/\/www.arssenasa.gob.do\/index.php\/blog\/2020\/08\/19\/lo-que-mas-me-gusta-de-senasa-es-que-me-siento-util-me-siento-feliz\/#primaryimage\"},\"thumbnailUrl\":\"https:\/\/www.arssenasa.gob.do\/wp-content\/uploads\/2020\/08\/Pablo-01-e1597853102257.jpeg\",\"datePublished\":\"2020-08-19T16:00:15+00:00\",\"dateModified\":\"2020-08-25T14:48:27+00:00\",\"description\":\"%\",\"breadcrumb\":{\"@id\":\"https:\/\/www.arssenasa.gob.do\/index.php\/blog\/2020\/08\/19\/lo-que-mas-me-gusta-de-senasa-es-que-me-siento-util-me-siento-feliz\/#breadcrumb\"},\"inLanguage\":\"es\",\"potentialAction\":[{\"@type\":\"ReadAction\",\"target\":[\"https:\/\/www.arssenasa.gob.do\/index.php\/blog\/2020\/08\/19\/lo-que-mas-me-gusta-de-senasa-es-que-me-siento-util-me-siento-feliz\/\"]}]},{\"@type\":\"ImageObject\",\"inLanguage\":\"es\",\"@id\":\"https:\/\/www.arssenasa.gob.do\/index.php\/blog\/2020\/08\/19\/lo-que-mas-me-gusta-de-senasa-es-que-me-siento-util-me-siento-feliz\/#primaryimage\",\"url\":\"https:\/\/www.arssenasa.gob.do\/wp-content\/uploads\/2020\/08\/Pablo-01-e1597853102257.jpeg\",\"contentUrl\":\"https:\/\/www.arssenasa.gob.do\/wp-content\/uploads\/2020\/08\/Pablo-01-e1597853102257.jpeg\",\"width\":1280,\"height\":739,\"caption\":\"\u201cLo que m\u00e1s me gusta de SeNaSa es que me siento \u00fatil, me siento feliz\u201d\"},{\"@type\":\"BreadcrumbList\",\"@id\":\"https:\/\/www.arssenasa.gob.do\/index.php\/blog\/2020\/08\/19\/lo-que-mas-me-gusta-de-senasa-es-que-me-siento-util-me-siento-feliz\/#breadcrumb\",\"itemListElement\":[{\"@type\":\"ListItem\",\"position\":1,\"name\":\"Inicio\",\"item\":\"https:\/\/www.arssenasa.gob.do\/\"},{\"@type\":\"ListItem\",\"position\":2,\"name\":\"\u201cLo que m\u00e1s me gusta de SeNaSa es que me siento \u00fatil, me siento feliz\u201d\"}]},{\"@type\":\"WebSite\",\"@id\":\"https:\/\/www.arssenasa.gob.do\/#website\",\"url\":\"https:\/\/www.arssenasa.gob.do\/\",\"name\":\"ARSSeNaSa\",\"description\":\"\",\"publisher\":{\"@id\":\"https:\/\/www.arssenasa.gob.do\/#organization\"},\"potentialAction\":[{\"@type\":\"SearchAction\",\"target\":{\"@type\":\"EntryPoint\",\"urlTemplate\":\"https:\/\/www.arssenasa.gob.do\/?s={search_term_string}\"},\"query-input\":{\"@type\":\"PropertyValueSpecification\",\"valueRequired\":true,\"valueName\":\"search_term_string\"}}],\"inLanguage\":\"es\"},{\"@type\":\"Organization\",\"@id\":\"https:\/\/www.arssenasa.gob.do\/#organization\",\"name\":\"SeNaSa - Seguro Nacional de Salud\",\"url\":\"https:\/\/www.arssenasa.gob.do\/\",\"logo\":{\"@type\":\"ImageObject\",\"inLanguage\":\"es\",\"@id\":\"https:\/\/www.arssenasa.gob.do\/#\/schema\/logo\/image\/\",\"url\":\"https:\/\/www.arssenasa.gob.do\/wp-content\/uploads\/2018\/11\/logo2022.png\",\"contentUrl\":\"https:\/\/www.arssenasa.gob.do\/wp-content\/uploads\/2018\/11\/logo2022.png\",\"width\":310,\"height\":200,\"caption\":\"SeNaSa - Seguro Nacional de Salud\"},\"image\":{\"@id\":\"https:\/\/www.arssenasa.gob.do\/#\/schema\/logo\/image\/\"},\"sameAs\":[\"https:\/\/www.facebook.com\/ARSSeNaSaRD\",\"https:\/\/x.com\/arssenasard\",\"https:\/\/www.instagram.com\/arssenasard\/\",\"https:\/\/www.youtube.com\/user\/ARSSeNaSa\"]},{\"@type\":\"Person\",\"@id\":\"https:\/\/www.arssenasa.gob.do\/#\/schema\/person\/b9d6c2c58f44cdecdcdaab7a6f9504c0\",\"name\":\"SeNaSa\",\"image\":{\"@type\":\"ImageObject\",\"inLanguage\":\"es\",\"@id\":\"https:\/\/www.arssenasa.gob.do\/#\/schema\/person\/image\/\",\"url\":\"https:\/\/secure.gravatar.com\/avatar\/3c45125f46520136bb5577344179f8312f2704a1174137df27ae1baa182b5a6e?s=96&d=mm&r=g\",\"contentUrl\":\"https:\/\/secure.gravatar.com\/avatar\/3c45125f46520136bb5577344179f8312f2704a1174137df27ae1baa182b5a6e?s=96&d=mm&r=g\",\"caption\":\"SeNaSa\"},\"url\":\"https:\/\/www.arssenasa.gob.do\/index.php\/blog\/author\/admin\/\"},false]}<\/script>\n<!-- \/ Yoast SEO plugin. -->","yoast_head_json":{"title":"\u201cLo que m\u00e1s me gusta de SeNaSa es que me siento \u00fatil, me siento feliz\u201d - ARSSeNaSa","description":"%","robots":{"index":"index","follow":"follow","max-snippet":"max-snippet:-1","max-image-preview":"max-image-preview:large","max-video-preview":"max-video-preview:-1"},"canonical":"https:\/\/www.arssenasa.gob.do\/index.php\/blog\/2020\/08\/19\/lo-que-mas-me-gusta-de-senasa-es-que-me-siento-util-me-siento-feliz\/","og_locale":"es_ES","og_type":"article","og_title":"\u201cLo que m\u00e1s me gusta de SeNaSa es que me siento \u00fatil, me siento feliz\u201d - ARSSeNaSa","og_description":"%","og_url":"https:\/\/www.arssenasa.gob.do\/index.php\/blog\/2020\/08\/19\/lo-que-mas-me-gusta-de-senasa-es-que-me-siento-util-me-siento-feliz\/","og_site_name":"ARSSeNaSa","article_publisher":"https:\/\/www.facebook.com\/ARSSeNaSaRD","article_published_time":"2020-08-19T16:00:15+00:00","article_modified_time":"2020-08-25T14:48:27+00:00","og_image":[{"width":1280,"height":739,"url":"https:\/\/www.arssenasa.gob.do\/wp-content\/uploads\/2020\/08\/Pablo-01-e1597853102257.jpeg","type":"image\/jpeg"}],"author":"SeNaSa","twitter_card":"summary_large_image","twitter_creator":"@arssenasard","twitter_site":"@arssenasard","twitter_misc":{"Written by":"SeNaSa","Est. reading time":"1 minuto"},"schema":{"@context":"https:\/\/schema.org","@graph":[{"@type":"Article","@id":"https:\/\/www.arssenasa.gob.do\/index.php\/blog\/2020\/08\/19\/lo-que-mas-me-gusta-de-senasa-es-que-me-siento-util-me-siento-feliz\/#article","isPartOf":{"@id":"https:\/\/www.arssenasa.gob.do\/index.php\/blog\/2020\/08\/19\/lo-que-mas-me-gusta-de-senasa-es-que-me-siento-util-me-siento-feliz\/"},"author":{"name":"SeNaSa","@id":"https:\/\/www.arssenasa.gob.do\/#\/schema\/person\/b9d6c2c58f44cdecdcdaab7a6f9504c0"},"headline":"\u201cLo que m\u00e1s me gusta de SeNaSa es que me siento \u00fatil, me siento feliz\u201d","datePublished":"2020-08-19T16:00:15+00:00","dateModified":"2020-08-25T14:48:27+00:00","mainEntityOfPage":{"@id":"https:\/\/www.arssenasa.gob.do\/index.php\/blog\/2020\/08\/19\/lo-que-mas-me-gusta-de-senasa-es-que-me-siento-util-me-siento-feliz\/"},"wordCount":310,"commentCount":0,"publisher":{"@id":"https:\/\/www.arssenasa.gob.do\/#organization"},"image":{"@id":"https:\/\/www.arssenasa.gob.do\/index.php\/blog\/2020\/08\/19\/lo-que-mas-me-gusta-de-senasa-es-que-me-siento-util-me-siento-feliz\/#primaryimage"},"thumbnailUrl":"https:\/\/www.arssenasa.gob.do\/wp-content\/uploads\/2020\/08\/Pablo-01-e1597853102257.jpeg","articleSection":["RSI - Inclusi\u00f3n Testimonios"],"inLanguage":"es","potentialAction":[{"@type":"CommentAction","name":"Comment","target":["https:\/\/www.arssenasa.gob.do\/index.php\/blog\/2020\/08\/19\/lo-que-mas-me-gusta-de-senasa-es-que-me-siento-util-me-siento-feliz\/#respond"]}]},{"@type":"WebPage","@id":"https:\/\/www.arssenasa.gob.do\/index.php\/blog\/2020\/08\/19\/lo-que-mas-me-gusta-de-senasa-es-que-me-siento-util-me-siento-feliz\/","url":"https:\/\/www.arssenasa.gob.do\/index.php\/blog\/2020\/08\/19\/lo-que-mas-me-gusta-de-senasa-es-que-me-siento-util-me-siento-feliz\/","name":"\u201cLo que m\u00e1s me gusta de SeNaSa es que me siento \u00fatil, me siento feliz\u201d - ARSSeNaSa","isPartOf":{"@id":"https:\/\/www.arssenasa.gob.do\/#website"},"primaryImageOfPage":{"@id":"https:\/\/www.arssenasa.gob.do\/index.php\/blog\/2020\/08\/19\/lo-que-mas-me-gusta-de-senasa-es-que-me-siento-util-me-siento-feliz\/#primaryimage"},"image":{"@id":"https:\/\/www.arssenasa.gob.do\/index.php\/blog\/2020\/08\/19\/lo-que-mas-me-gusta-de-senasa-es-que-me-siento-util-me-siento-feliz\/#primaryimage"},"thumbnailUrl":"https:\/\/www.arssenasa.gob.do\/wp-content\/uploads\/2020\/08\/Pablo-01-e1597853102257.jpeg","datePublished":"2020-08-19T16:00:15+00:00","dateModified":"2020-08-25T14:48:27+00:00","description":"%","breadcrumb":{"@id":"https:\/\/www.arssenasa.gob.do\/index.php\/blog\/2020\/08\/19\/lo-que-mas-me-gusta-de-senasa-es-que-me-siento-util-me-siento-feliz\/#breadcrumb"},"inLanguage":"es","potentialAction":[{"@type":"ReadAction","target":["https:\/\/www.arssenasa.gob.do\/index.php\/blog\/2020\/08\/19\/lo-que-mas-me-gusta-de-senasa-es-que-me-siento-util-me-siento-feliz\/"]}]},{"@type":"ImageObject","inLanguage":"es","@id":"https:\/\/www.arssenasa.gob.do\/index.php\/blog\/2020\/08\/19\/lo-que-mas-me-gusta-de-senasa-es-que-me-siento-util-me-siento-feliz\/#primaryimage","url":"https:\/\/www.arssenasa.gob.do\/wp-content\/uploads\/2020\/08\/Pablo-01-e1597853102257.jpeg","contentUrl":"https:\/\/www.arssenasa.gob.do\/wp-content\/uploads\/2020\/08\/Pablo-01-e1597853102257.jpeg","width":1280,"height":739,"caption":"\u201cLo que m\u00e1s me gusta de SeNaSa es que me siento \u00fatil, me siento feliz\u201d"},{"@type":"BreadcrumbList","@id":"https:\/\/www.arssenasa.gob.do\/index.php\/blog\/2020\/08\/19\/lo-que-mas-me-gusta-de-senasa-es-que-me-siento-util-me-siento-feliz\/#breadcrumb","itemListElement":[{"@type":"ListItem","position":1,"name":"Inicio","item":"https:\/\/www.arssenasa.gob.do\/"},{"@type":"ListItem","position":2,"name":"\u201cLo que m\u00e1s me gusta de SeNaSa es que me siento \u00fatil, me siento feliz\u201d"}]},{"@type":"WebSite","@id":"https:\/\/www.arssenasa.gob.do\/#website","url":"https:\/\/www.arssenasa.gob.do\/","name":"ARSSeNaSa","description":"","publisher":{"@id":"https:\/\/www.arssenasa.gob.do\/#organization"},"potentialAction":[{"@type":"SearchAction","target":{"@type":"EntryPoint","urlTemplate":"https:\/\/www.arssenasa.gob.do\/?s={search_term_string}"},"query-input":{"@type":"PropertyValueSpecification","valueRequired":true,"valueName":"search_term_string"}}],"inLanguage":"es"},{"@type":"Organization","@id":"https:\/\/www.arssenasa.gob.do\/#organization","name":"SeNaSa - Seguro Nacional de Salud","url":"https:\/\/www.arssenasa.gob.do\/","logo":{"@type":"ImageObject","inLanguage":"es","@id":"https:\/\/www.arssenasa.gob.do\/#\/schema\/logo\/image\/","url":"https:\/\/www.arssenasa.gob.do\/wp-content\/uploads\/2018\/11\/logo2022.png","contentUrl":"https:\/\/www.arssenasa.gob.do\/wp-content\/uploads\/2018\/11\/logo2022.png","width":310,"height":200,"caption":"SeNaSa - Seguro Nacional de Salud"},"image":{"@id":"https:\/\/www.arssenasa.gob.do\/#\/schema\/logo\/image\/"},"sameAs":["https:\/\/www.facebook.com\/ARSSeNaSaRD","https:\/\/x.com\/arssenasard","https:\/\/www.instagram.com\/arssenasard\/","https:\/\/www.youtube.com\/user\/ARSSeNaSa"]},{"@type":"Person","@id":"https:\/\/www.arssenasa.gob.do\/#\/schema\/person\/b9d6c2c58f44cdecdcdaab7a6f9504c0","name":"SeNaSa","image":{"@type":"ImageObject","inLanguage":"es","@id":"https:\/\/www.arssenasa.gob.do\/#\/schema\/person\/image\/","url":"https:\/\/secure.gravatar.com\/avatar\/3c45125f46520136bb5577344179f8312f2704a1174137df27ae1baa182b5a6e?s=96&d=mm&r=g","contentUrl":"https:\/\/secure.gravatar.com\/avatar\/3c45125f46520136bb5577344179f8312f2704a1174137df27ae1baa182b5a6e?s=96&d=mm&r=g","caption":"SeNaSa"},"url":"https:\/\/www.arssenasa.gob.do\/index.php\/blog\/author\/admin\/"},false]}},"yasr_visitor_votes":{"stars_attributes":{"read_only":false,"span_bottom":false},"number_of_votes":0,"sum_votes":0},"_links":{"self":[{"href":"https:\/\/www.arssenasa.gob.do\/index.php\/wp-json\/wp\/v2\/posts\/4860","targetHints":{"allow":["GET"]}}],"collection":[{"href":"https:\/\/www.arssenasa.gob.do\/index.php\/wp-json\/wp\/v2\/posts"}],"about":[{"href":"https:\/\/www.arssenasa.gob.do\/index.php\/wp-json\/wp\/v2\/types\/post"}],"author":[{"embeddable":true,"href":"https:\/\/www.arssenasa.gob.do\/index.php\/wp-json\/wp\/v2\/users\/3"}],"replies":[{"embeddable":true,"href":"https:\/\/www.arssenasa.gob.do\/index.php\/wp-json\/wp\/v2\/comments?post=4860"}],"version-history":[{"count":3,"href":"https:\/\/www.arssenasa.gob.do\/index.php\/wp-json\/wp\/v2\/posts\/4860\/revisions"}],"predecessor-version":[{"id":4905,"href":"https:\/\/www.arssenasa.gob.do\/index.php\/wp-json\/wp\/v2\/posts\/4860\/revisions\/4905"}],"wp:featuredmedia":[{"embeddable":true,"href":"https:\/\/www.arssenasa.gob.do\/index.php\/wp-json\/wp\/v2\/media\/4863"}],"wp:attachment":[{"href":"https:\/\/www.arssenasa.gob.do\/index.php\/wp-json\/wp\/v2\/media?parent=4860"}],"wp:term":[{"taxonomy":"category","embeddable":true,"href":"https:\/\/www.arssenasa.gob.do\/index.php\/wp-json\/wp\/v2\/categories?post=4860"},{"taxonomy":"post_tag","embeddable":true,"href":"https:\/\/www.arssenasa.gob.do\/index.php\/wp-json\/wp\/v2\/tags?post=4860"}],"curies":[{"name":"wp","href":"https:\/\/api.w.org\/{rel}","templated":true}]}}