{"id":5520,"date":"2020-10-20T10:33:03","date_gmt":"2020-10-20T14:33:03","guid":{"rendered":"https:\/\/www.arssenasa.gob.do\/?p=5520"},"modified":"2020-10-20T10:33:05","modified_gmt":"2020-10-20T14:33:05","slug":"senasa-gana-medalla-de-oro-en-el-premio-iberoamericano-de-la-calidad-convirtiendose-en-la-unica-ars-en-lograrlo-en-el-pais","status":"publish","type":"post","link":"https:\/\/www.arssenasa.gob.do\/index.php\/blog\/2020\/10\/20\/senasa-gana-medalla-de-oro-en-el-premio-iberoamericano-de-la-calidad-convirtiendose-en-la-unica-ars-en-lograrlo-en-el-pais\/","title":{"rendered":"SeNaSa gana Medalla de Oro en el Premio Iberoamericano de la Calidad, convirti\u00e9ndose en la \u00fanica ARS en lograrlo en el pa\u00eds"},"content":{"rendered":"\n<p class=\"has-text-align-center\"><em>En el 2015 SeNaSa logr\u00f3 obtener la Medalla de Plata en el Premio Iberoamericano de la Calidad, y asumi\u00f3 el reto de trabajar por el Oro.<\/em><\/p>\n\n\n\n<p><strong>Santo Domingo. \u2013<\/strong> el Seguro Nacional de Salud (SeNaSa) gan\u00f3 la Medalla de Oro en la XXI edici\u00f3n del Premio Iberoamericano de la Calidad 2020 que realiza la Fundaci\u00f3n Iberoamericana para la Gesti\u00f3n de la Calidad (FUNDIBEQ) y la Secretar\u00eda General Iberoamericana (SEGIB), convirti\u00e9ndose en la \u00fanica Aseguradora de Riesgos de Salud (ARS) del pa\u00eds en lograr este reconocimiento internacional que confirma los altos niveles de calidad que ha mantenido la ARS Estatal.<\/p>\n\n\n\n<p>SeNaSa inform\u00f3 que con la obtenci\u00f3n del Oro Iberoamericano de la Calidad se da cumplimiento a la visi\u00f3n institucional de ser reconocida internacionalmente como un modelo de excelencia en la gesti\u00f3n del riesgo en salud.<\/p>\n\n\n\n<p>\u201cGanar la Medalla de Oro en el Premio Iberoamericano de la Calidad demuestra el trabajo de excelencia que se ha estado realizando en SeNaSa, donde cada d\u00eda se trabaja para mantener los altos est\u00e1ndares en los servicios que se ofrecen. Como director ejecutivo de esta instituci\u00f3n asumo el compromiso de fortalecer la gesti\u00f3n de excelencia y nuestra reputaci\u00f3n a nivel nacional e internacional\u201d, manifest\u00f3 el director ejecutivo de SeNaSa, Dr. Santiago Hazim.<\/p>\n\n\n\n<figure class=\"wp-block-image size-large\"><img fetchpriority=\"high\" decoding=\"async\" width=\"1024\" height=\"1024\" src=\"https:\/\/www.arssenasa.gob.do\/wp-content\/uploads\/2020\/10\/03-3-1024x1024.jpeg\" alt=\"\" class=\"wp-image-5521\" srcset=\"https:\/\/www.arssenasa.gob.do\/wp-content\/uploads\/2020\/10\/03-3-1024x1024.jpeg 1024w, https:\/\/www.arssenasa.gob.do\/wp-content\/uploads\/2020\/10\/03-3-300x300.jpeg 300w, https:\/\/www.arssenasa.gob.do\/wp-content\/uploads\/2020\/10\/03-3-150x150.jpeg 150w, https:\/\/www.arssenasa.gob.do\/wp-content\/uploads\/2020\/10\/03-3-768x768.jpeg 768w, https:\/\/www.arssenasa.gob.do\/wp-content\/uploads\/2020\/10\/03-3.jpeg 1280w\" sizes=\"(max-width: 1024px) 100vw, 1024px\" \/><\/figure>\n\n\n\n<h3 class=\"wp-block-heading\">Proceso para lograr el Oro<\/h3>\n\n\n\n<p>El proceso de trabajo para obtener la Medalla del Oro en el Premio Iberoamericano de la Calidad involucr\u00f3 todas las gerencias de SeNaSa, incluyendo el nivel regional. El papel jugado por cada una de ellas fue procesar y facilitar las informaciones estad\u00edsticas requeridas para el relatorio y las entrevistas de evaluaci\u00f3n.<\/p>\n\n\n\n<p>Las \u00e1reas tambi\u00e9n se involucraron en los procesos de capacitaci\u00f3n y las evaluaciones. El papel de coordinaci\u00f3n y rector\u00eda del proceso estuvo bajo la responsabilidad de la Gerencia de Calidad de SeNaSa.<\/p>\n\n\n\n<figure class=\"wp-block-image size-large\"><img decoding=\"async\" width=\"661\" height=\"662\" src=\"https:\/\/www.arssenasa.gob.do\/wp-content\/uploads\/2020\/10\/santiago-hazim.jpg\" alt=\"\" class=\"wp-image-5522\" srcset=\"https:\/\/www.arssenasa.gob.do\/wp-content\/uploads\/2020\/10\/santiago-hazim.jpg 661w, https:\/\/www.arssenasa.gob.do\/wp-content\/uploads\/2020\/10\/santiago-hazim-300x300.jpg 300w, https:\/\/www.arssenasa.gob.do\/wp-content\/uploads\/2020\/10\/santiago-hazim-150x150.jpg 150w\" sizes=\"(max-width: 661px) 100vw, 661px\" \/><figcaption>Dr. Santiago Hazim, director ejecutivo de SeNaSa.<\/figcaption><\/figure>\n\n\n\n<h3 class=\"wp-block-heading\">Historial de logros de SeNaSa<\/h3>\n\n\n\n<p>En sus 18 a\u00f1os de existencia, <a href=\"https:\/\/www.arssenasa.gob.do\/index.php\/quienes-somos\/reconocimientos\/\">SeNaSa ha logrado conquistar en el Premio Nacional a la Calidad organizado por el Ministerio de Administraci\u00f3n P\u00fablica, la Medalla de Bronce, Premio a las Buenas Pr\u00e1cticas, Medalla de Plata, Medalla de Oro y el Premio Nacional a la Calidad<\/a>.<\/p>\n\n\n\n<p>Mientras que en el 2015 SeNaSa obtuvo la Medalla de Plata en el Premio Iberoamericano de la Calidad.<\/p>\n\n\n\n<p>Dentro de las Certificaciones que la ARS Estatal ha obtenido est\u00e1n: Norma ISO 9001:2011, Norma ISO 9001:2015, Norma NORTIC E1 (Gesti\u00f3n de Redes Sociales), NORTIC A2 (Normativa para la Estandarizaci\u00f3n de Portales Gubernamentales), NORTIC A3 (Normativa de Datos Abiertos), NORTIC A4 (Normativa de Interoperabilidad), y la NORTIC A5 (Directrices para la Gesti\u00f3n de Servicios Transaccionales).<\/p>\n\n\n\n<p>Asimismo, como una instituci\u00f3n que promueva la accesibilidad y la inclusi\u00f3n social, SeNaSa gan\u00f3 tres reconocimientos, uno de oro y dos de plata.<\/p>\n","protected":false},"excerpt":{"rendered":"<p>En el 2015 SeNaSa logr\u00f3 obtener la Medalla de Plata en el Premio Iberoamericano de la Calidad, y asumi\u00f3 el reto de trabajar por el Oro. Santo Domingo. \u2013 el Seguro Nacional de Salud (SeNaSa) gan\u00f3 la Medalla de Oro en la XXI edici\u00f3n del Premio Iberoamericano de la Calidad 2020 que realiza la Fundaci\u00f3n [&hellip;]<\/p>\n","protected":false},"author":3,"featured_media":3076,"comment_status":"open","ping_status":"open","sticky":false,"template":"","format":"standard","meta":{"inline_featured_image":false,"yasr_overall_rating":0,"yasr_post_is_review":"","yasr_auto_insert_disabled":"","yasr_review_type":"","_glsr_average":0,"_glsr_ranking":0,"_glsr_reviews":0,"footnotes":""},"categories":[13],"tags":[],"class_list":["post-5520","post","type-post","status-publish","format-standard","has-post-thumbnail","hentry","category-noticias"],"yoast_head":"<!-- This site is optimized with the Yoast SEO plugin v26.6 - https:\/\/yoast.com\/wordpress\/plugins\/seo\/ -->\n<title>SeNaSa gana Medalla de Oro en el Premio Iberoamericano de la Calidad, convirti\u00e9ndose en la \u00fanica ARS en lograrlo en el pa\u00eds - ARSSeNaSa<\/title>\n<meta name=\"description\" content=\"%\" \/>\n<meta name=\"robots\" content=\"index, follow, max-snippet:-1, max-image-preview:large, max-video-preview:-1\" \/>\n<link rel=\"canonical\" href=\"https:\/\/www.arssenasa.gob.do\/index.php\/blog\/2020\/10\/20\/senasa-gana-medalla-de-oro-en-el-premio-iberoamericano-de-la-calidad-convirtiendose-en-la-unica-ars-en-lograrlo-en-el-pais\/\" \/>\n<meta property=\"og:locale\" content=\"es_ES\" \/>\n<meta property=\"og:type\" content=\"article\" \/>\n<meta property=\"og:title\" content=\"SeNaSa gana Medalla de Oro en el Premio Iberoamericano de la Calidad, convirti\u00e9ndose en la \u00fanica ARS en lograrlo en el pa\u00eds - ARSSeNaSa\" \/>\n<meta property=\"og:description\" content=\"%\" \/>\n<meta property=\"og:url\" content=\"https:\/\/www.arssenasa.gob.do\/index.php\/blog\/2020\/10\/20\/senasa-gana-medalla-de-oro-en-el-premio-iberoamericano-de-la-calidad-convirtiendose-en-la-unica-ars-en-lograrlo-en-el-pais\/\" \/>\n<meta property=\"og:site_name\" content=\"ARSSeNaSa\" \/>\n<meta property=\"article:publisher\" content=\"https:\/\/www.facebook.com\/ARSSeNaSaRD\" \/>\n<meta property=\"article:published_time\" content=\"2020-10-20T14:33:03+00:00\" \/>\n<meta property=\"article:modified_time\" content=\"2020-10-20T14:33:05+00:00\" \/>\n<meta property=\"og:image\" content=\"https:\/\/www.arssenasa.gob.do\/wp-content\/uploads\/2019\/12\/Edificio-SeNaSa.jpeg\" \/>\n\t<meta property=\"og:image:width\" content=\"1024\" \/>\n\t<meta property=\"og:image:height\" content=\"683\" \/>\n\t<meta property=\"og:image:type\" content=\"image\/jpeg\" \/>\n<meta name=\"author\" content=\"SeNaSa\" \/>\n<meta name=\"twitter:card\" content=\"summary_large_image\" \/>\n<meta name=\"twitter:creator\" content=\"@arssenasard\" \/>\n<meta name=\"twitter:site\" content=\"@arssenasard\" \/>\n<meta name=\"twitter:label1\" content=\"Written by\" \/>\n\t<meta name=\"twitter:data1\" content=\"SeNaSa\" \/>\n\t<meta name=\"twitter:label2\" content=\"Est. reading time\" \/>\n\t<meta name=\"twitter:data2\" content=\"2 minutos\" \/>\n<script type=\"application\/ld+json\" class=\"yoast-schema-graph\">{\"@context\":\"https:\/\/schema.org\",\"@graph\":[{\"@type\":\"Article\",\"@id\":\"https:\/\/www.arssenasa.gob.do\/index.php\/blog\/2020\/10\/20\/senasa-gana-medalla-de-oro-en-el-premio-iberoamericano-de-la-calidad-convirtiendose-en-la-unica-ars-en-lograrlo-en-el-pais\/#article\",\"isPartOf\":{\"@id\":\"https:\/\/www.arssenasa.gob.do\/index.php\/blog\/2020\/10\/20\/senasa-gana-medalla-de-oro-en-el-premio-iberoamericano-de-la-calidad-convirtiendose-en-la-unica-ars-en-lograrlo-en-el-pais\/\"},\"author\":{\"name\":\"SeNaSa\",\"@id\":\"https:\/\/www.arssenasa.gob.do\/#\/schema\/person\/b9d6c2c58f44cdecdcdaab7a6f9504c0\"},\"headline\":\"SeNaSa gana Medalla de Oro en el Premio Iberoamericano de la Calidad, convirti\u00e9ndose en la \u00fanica ARS en lograrlo en el pa\u00eds\",\"datePublished\":\"2020-10-20T14:33:03+00:00\",\"dateModified\":\"2020-10-20T14:33:05+00:00\",\"mainEntityOfPage\":{\"@id\":\"https:\/\/www.arssenasa.gob.do\/index.php\/blog\/2020\/10\/20\/senasa-gana-medalla-de-oro-en-el-premio-iberoamericano-de-la-calidad-convirtiendose-en-la-unica-ars-en-lograrlo-en-el-pais\/\"},\"wordCount\":495,\"commentCount\":0,\"publisher\":{\"@id\":\"https:\/\/www.arssenasa.gob.do\/#organization\"},\"image\":{\"@id\":\"https:\/\/www.arssenasa.gob.do\/index.php\/blog\/2020\/10\/20\/senasa-gana-medalla-de-oro-en-el-premio-iberoamericano-de-la-calidad-convirtiendose-en-la-unica-ars-en-lograrlo-en-el-pais\/#primaryimage\"},\"thumbnailUrl\":\"https:\/\/www.arssenasa.gob.do\/wp-content\/uploads\/2019\/12\/Edificio-SeNaSa.jpeg\",\"articleSection\":[\"Noticias\"],\"inLanguage\":\"es\",\"potentialAction\":[{\"@type\":\"CommentAction\",\"name\":\"Comment\",\"target\":[\"https:\/\/www.arssenasa.gob.do\/index.php\/blog\/2020\/10\/20\/senasa-gana-medalla-de-oro-en-el-premio-iberoamericano-de-la-calidad-convirtiendose-en-la-unica-ars-en-lograrlo-en-el-pais\/#respond\"]}]},{\"@type\":\"WebPage\",\"@id\":\"https:\/\/www.arssenasa.gob.do\/index.php\/blog\/2020\/10\/20\/senasa-gana-medalla-de-oro-en-el-premio-iberoamericano-de-la-calidad-convirtiendose-en-la-unica-ars-en-lograrlo-en-el-pais\/\",\"url\":\"https:\/\/www.arssenasa.gob.do\/index.php\/blog\/2020\/10\/20\/senasa-gana-medalla-de-oro-en-el-premio-iberoamericano-de-la-calidad-convirtiendose-en-la-unica-ars-en-lograrlo-en-el-pais\/\",\"name\":\"SeNaSa gana Medalla de Oro en el Premio Iberoamericano de la Calidad, convirti\u00e9ndose en la \u00fanica ARS en lograrlo en el pa\u00eds - ARSSeNaSa\",\"isPartOf\":{\"@id\":\"https:\/\/www.arssenasa.gob.do\/#website\"},\"primaryImageOfPage\":{\"@id\":\"https:\/\/www.arssenasa.gob.do\/index.php\/blog\/2020\/10\/20\/senasa-gana-medalla-de-oro-en-el-premio-iberoamericano-de-la-calidad-convirtiendose-en-la-unica-ars-en-lograrlo-en-el-pais\/#primaryimage\"},\"image\":{\"@id\":\"https:\/\/www.arssenasa.gob.do\/index.php\/blog\/2020\/10\/20\/senasa-gana-medalla-de-oro-en-el-premio-iberoamericano-de-la-calidad-convirtiendose-en-la-unica-ars-en-lograrlo-en-el-pais\/#primaryimage\"},\"thumbnailUrl\":\"https:\/\/www.arssenasa.gob.do\/wp-content\/uploads\/2019\/12\/Edificio-SeNaSa.jpeg\",\"datePublished\":\"2020-10-20T14:33:03+00:00\",\"dateModified\":\"2020-10-20T14:33:05+00:00\",\"description\":\"%\",\"breadcrumb\":{\"@id\":\"https:\/\/www.arssenasa.gob.do\/index.php\/blog\/2020\/10\/20\/senasa-gana-medalla-de-oro-en-el-premio-iberoamericano-de-la-calidad-convirtiendose-en-la-unica-ars-en-lograrlo-en-el-pais\/#breadcrumb\"},\"inLanguage\":\"es\",\"potentialAction\":[{\"@type\":\"ReadAction\",\"target\":[\"https:\/\/www.arssenasa.gob.do\/index.php\/blog\/2020\/10\/20\/senasa-gana-medalla-de-oro-en-el-premio-iberoamericano-de-la-calidad-convirtiendose-en-la-unica-ars-en-lograrlo-en-el-pais\/\"]}]},{\"@type\":\"ImageObject\",\"inLanguage\":\"es\",\"@id\":\"https:\/\/www.arssenasa.gob.do\/index.php\/blog\/2020\/10\/20\/senasa-gana-medalla-de-oro-en-el-premio-iberoamericano-de-la-calidad-convirtiendose-en-la-unica-ars-en-lograrlo-en-el-pais\/#primaryimage\",\"url\":\"https:\/\/www.arssenasa.gob.do\/wp-content\/uploads\/2019\/12\/Edificio-SeNaSa.jpeg\",\"contentUrl\":\"https:\/\/www.arssenasa.gob.do\/wp-content\/uploads\/2019\/12\/Edificio-SeNaSa.jpeg\",\"width\":1024,\"height\":683,\"caption\":\"Fachada Sede principal\"},{\"@type\":\"BreadcrumbList\",\"@id\":\"https:\/\/www.arssenasa.gob.do\/index.php\/blog\/2020\/10\/20\/senasa-gana-medalla-de-oro-en-el-premio-iberoamericano-de-la-calidad-convirtiendose-en-la-unica-ars-en-lograrlo-en-el-pais\/#breadcrumb\",\"itemListElement\":[{\"@type\":\"ListItem\",\"position\":1,\"name\":\"Inicio\",\"item\":\"https:\/\/www.arssenasa.gob.do\/\"},{\"@type\":\"ListItem\",\"position\":2,\"name\":\"SeNaSa gana Medalla de Oro en el Premio Iberoamericano de la Calidad, convirti\u00e9ndose en la \u00fanica ARS en lograrlo en el pa\u00eds\"}]},{\"@type\":\"WebSite\",\"@id\":\"https:\/\/www.arssenasa.gob.do\/#website\",\"url\":\"https:\/\/www.arssenasa.gob.do\/\",\"name\":\"ARSSeNaSa\",\"description\":\"\",\"publisher\":{\"@id\":\"https:\/\/www.arssenasa.gob.do\/#organization\"},\"potentialAction\":[{\"@type\":\"SearchAction\",\"target\":{\"@type\":\"EntryPoint\",\"urlTemplate\":\"https:\/\/www.arssenasa.gob.do\/?s={search_term_string}\"},\"query-input\":{\"@type\":\"PropertyValueSpecification\",\"valueRequired\":true,\"valueName\":\"search_term_string\"}}],\"inLanguage\":\"es\"},{\"@type\":\"Organization\",\"@id\":\"https:\/\/www.arssenasa.gob.do\/#organization\",\"name\":\"SeNaSa - Seguro Nacional de Salud\",\"url\":\"https:\/\/www.arssenasa.gob.do\/\",\"logo\":{\"@type\":\"ImageObject\",\"inLanguage\":\"es\",\"@id\":\"https:\/\/www.arssenasa.gob.do\/#\/schema\/logo\/image\/\",\"url\":\"https:\/\/www.arssenasa.gob.do\/wp-content\/uploads\/2018\/11\/logo2022.png\",\"contentUrl\":\"https:\/\/www.arssenasa.gob.do\/wp-content\/uploads\/2018\/11\/logo2022.png\",\"width\":310,\"height\":200,\"caption\":\"SeNaSa - Seguro Nacional de Salud\"},\"image\":{\"@id\":\"https:\/\/www.arssenasa.gob.do\/#\/schema\/logo\/image\/\"},\"sameAs\":[\"https:\/\/www.facebook.com\/ARSSeNaSaRD\",\"https:\/\/x.com\/arssenasard\",\"https:\/\/www.instagram.com\/arssenasard\/\",\"https:\/\/www.youtube.com\/user\/ARSSeNaSa\"]},{\"@type\":\"Person\",\"@id\":\"https:\/\/www.arssenasa.gob.do\/#\/schema\/person\/b9d6c2c58f44cdecdcdaab7a6f9504c0\",\"name\":\"SeNaSa\",\"image\":{\"@type\":\"ImageObject\",\"inLanguage\":\"es\",\"@id\":\"https:\/\/www.arssenasa.gob.do\/#\/schema\/person\/image\/\",\"url\":\"https:\/\/secure.gravatar.com\/avatar\/3c45125f46520136bb5577344179f8312f2704a1174137df27ae1baa182b5a6e?s=96&d=mm&r=g\",\"contentUrl\":\"https:\/\/secure.gravatar.com\/avatar\/3c45125f46520136bb5577344179f8312f2704a1174137df27ae1baa182b5a6e?s=96&d=mm&r=g\",\"caption\":\"SeNaSa\"},\"url\":\"https:\/\/www.arssenasa.gob.do\/index.php\/blog\/author\/admin\/\"},false]}<\/script>\n<!-- \/ Yoast SEO plugin. -->","yoast_head_json":{"title":"SeNaSa gana Medalla de Oro en el Premio Iberoamericano de la Calidad, convirti\u00e9ndose en la \u00fanica ARS en lograrlo en el pa\u00eds - ARSSeNaSa","description":"%","robots":{"index":"index","follow":"follow","max-snippet":"max-snippet:-1","max-image-preview":"max-image-preview:large","max-video-preview":"max-video-preview:-1"},"canonical":"https:\/\/www.arssenasa.gob.do\/index.php\/blog\/2020\/10\/20\/senasa-gana-medalla-de-oro-en-el-premio-iberoamericano-de-la-calidad-convirtiendose-en-la-unica-ars-en-lograrlo-en-el-pais\/","og_locale":"es_ES","og_type":"article","og_title":"SeNaSa gana Medalla de Oro en el Premio Iberoamericano de la Calidad, convirti\u00e9ndose en la \u00fanica ARS en lograrlo en el pa\u00eds - ARSSeNaSa","og_description":"%","og_url":"https:\/\/www.arssenasa.gob.do\/index.php\/blog\/2020\/10\/20\/senasa-gana-medalla-de-oro-en-el-premio-iberoamericano-de-la-calidad-convirtiendose-en-la-unica-ars-en-lograrlo-en-el-pais\/","og_site_name":"ARSSeNaSa","article_publisher":"https:\/\/www.facebook.com\/ARSSeNaSaRD","article_published_time":"2020-10-20T14:33:03+00:00","article_modified_time":"2020-10-20T14:33:05+00:00","og_image":[{"width":1024,"height":683,"url":"https:\/\/www.arssenasa.gob.do\/wp-content\/uploads\/2019\/12\/Edificio-SeNaSa.jpeg","type":"image\/jpeg"}],"author":"SeNaSa","twitter_card":"summary_large_image","twitter_creator":"@arssenasard","twitter_site":"@arssenasard","twitter_misc":{"Written by":"SeNaSa","Est. reading time":"2 minutos"},"schema":{"@context":"https:\/\/schema.org","@graph":[{"@type":"Article","@id":"https:\/\/www.arssenasa.gob.do\/index.php\/blog\/2020\/10\/20\/senasa-gana-medalla-de-oro-en-el-premio-iberoamericano-de-la-calidad-convirtiendose-en-la-unica-ars-en-lograrlo-en-el-pais\/#article","isPartOf":{"@id":"https:\/\/www.arssenasa.gob.do\/index.php\/blog\/2020\/10\/20\/senasa-gana-medalla-de-oro-en-el-premio-iberoamericano-de-la-calidad-convirtiendose-en-la-unica-ars-en-lograrlo-en-el-pais\/"},"author":{"name":"SeNaSa","@id":"https:\/\/www.arssenasa.gob.do\/#\/schema\/person\/b9d6c2c58f44cdecdcdaab7a6f9504c0"},"headline":"SeNaSa gana Medalla de Oro en el Premio Iberoamericano de la Calidad, convirti\u00e9ndose en la \u00fanica ARS en lograrlo en el pa\u00eds","datePublished":"2020-10-20T14:33:03+00:00","dateModified":"2020-10-20T14:33:05+00:00","mainEntityOfPage":{"@id":"https:\/\/www.arssenasa.gob.do\/index.php\/blog\/2020\/10\/20\/senasa-gana-medalla-de-oro-en-el-premio-iberoamericano-de-la-calidad-convirtiendose-en-la-unica-ars-en-lograrlo-en-el-pais\/"},"wordCount":495,"commentCount":0,"publisher":{"@id":"https:\/\/www.arssenasa.gob.do\/#organization"},"image":{"@id":"https:\/\/www.arssenasa.gob.do\/index.php\/blog\/2020\/10\/20\/senasa-gana-medalla-de-oro-en-el-premio-iberoamericano-de-la-calidad-convirtiendose-en-la-unica-ars-en-lograrlo-en-el-pais\/#primaryimage"},"thumbnailUrl":"https:\/\/www.arssenasa.gob.do\/wp-content\/uploads\/2019\/12\/Edificio-SeNaSa.jpeg","articleSection":["Noticias"],"inLanguage":"es","potentialAction":[{"@type":"CommentAction","name":"Comment","target":["https:\/\/www.arssenasa.gob.do\/index.php\/blog\/2020\/10\/20\/senasa-gana-medalla-de-oro-en-el-premio-iberoamericano-de-la-calidad-convirtiendose-en-la-unica-ars-en-lograrlo-en-el-pais\/#respond"]}]},{"@type":"WebPage","@id":"https:\/\/www.arssenasa.gob.do\/index.php\/blog\/2020\/10\/20\/senasa-gana-medalla-de-oro-en-el-premio-iberoamericano-de-la-calidad-convirtiendose-en-la-unica-ars-en-lograrlo-en-el-pais\/","url":"https:\/\/www.arssenasa.gob.do\/index.php\/blog\/2020\/10\/20\/senasa-gana-medalla-de-oro-en-el-premio-iberoamericano-de-la-calidad-convirtiendose-en-la-unica-ars-en-lograrlo-en-el-pais\/","name":"SeNaSa gana Medalla de Oro en el Premio Iberoamericano de la Calidad, convirti\u00e9ndose en la \u00fanica ARS en lograrlo en el pa\u00eds - ARSSeNaSa","isPartOf":{"@id":"https:\/\/www.arssenasa.gob.do\/#website"},"primaryImageOfPage":{"@id":"https:\/\/www.arssenasa.gob.do\/index.php\/blog\/2020\/10\/20\/senasa-gana-medalla-de-oro-en-el-premio-iberoamericano-de-la-calidad-convirtiendose-en-la-unica-ars-en-lograrlo-en-el-pais\/#primaryimage"},"image":{"@id":"https:\/\/www.arssenasa.gob.do\/index.php\/blog\/2020\/10\/20\/senasa-gana-medalla-de-oro-en-el-premio-iberoamericano-de-la-calidad-convirtiendose-en-la-unica-ars-en-lograrlo-en-el-pais\/#primaryimage"},"thumbnailUrl":"https:\/\/www.arssenasa.gob.do\/wp-content\/uploads\/2019\/12\/Edificio-SeNaSa.jpeg","datePublished":"2020-10-20T14:33:03+00:00","dateModified":"2020-10-20T14:33:05+00:00","description":"%","breadcrumb":{"@id":"https:\/\/www.arssenasa.gob.do\/index.php\/blog\/2020\/10\/20\/senasa-gana-medalla-de-oro-en-el-premio-iberoamericano-de-la-calidad-convirtiendose-en-la-unica-ars-en-lograrlo-en-el-pais\/#breadcrumb"},"inLanguage":"es","potentialAction":[{"@type":"ReadAction","target":["https:\/\/www.arssenasa.gob.do\/index.php\/blog\/2020\/10\/20\/senasa-gana-medalla-de-oro-en-el-premio-iberoamericano-de-la-calidad-convirtiendose-en-la-unica-ars-en-lograrlo-en-el-pais\/"]}]},{"@type":"ImageObject","inLanguage":"es","@id":"https:\/\/www.arssenasa.gob.do\/index.php\/blog\/2020\/10\/20\/senasa-gana-medalla-de-oro-en-el-premio-iberoamericano-de-la-calidad-convirtiendose-en-la-unica-ars-en-lograrlo-en-el-pais\/#primaryimage","url":"https:\/\/www.arssenasa.gob.do\/wp-content\/uploads\/2019\/12\/Edificio-SeNaSa.jpeg","contentUrl":"https:\/\/www.arssenasa.gob.do\/wp-content\/uploads\/2019\/12\/Edificio-SeNaSa.jpeg","width":1024,"height":683,"caption":"Fachada Sede principal"},{"@type":"BreadcrumbList","@id":"https:\/\/www.arssenasa.gob.do\/index.php\/blog\/2020\/10\/20\/senasa-gana-medalla-de-oro-en-el-premio-iberoamericano-de-la-calidad-convirtiendose-en-la-unica-ars-en-lograrlo-en-el-pais\/#breadcrumb","itemListElement":[{"@type":"ListItem","position":1,"name":"Inicio","item":"https:\/\/www.arssenasa.gob.do\/"},{"@type":"ListItem","position":2,"name":"SeNaSa gana Medalla de Oro en el Premio Iberoamericano de la Calidad, convirti\u00e9ndose en la \u00fanica ARS en lograrlo en el pa\u00eds"}]},{"@type":"WebSite","@id":"https:\/\/www.arssenasa.gob.do\/#website","url":"https:\/\/www.arssenasa.gob.do\/","name":"ARSSeNaSa","description":"","publisher":{"@id":"https:\/\/www.arssenasa.gob.do\/#organization"},"potentialAction":[{"@type":"SearchAction","target":{"@type":"EntryPoint","urlTemplate":"https:\/\/www.arssenasa.gob.do\/?s={search_term_string}"},"query-input":{"@type":"PropertyValueSpecification","valueRequired":true,"valueName":"search_term_string"}}],"inLanguage":"es"},{"@type":"Organization","@id":"https:\/\/www.arssenasa.gob.do\/#organization","name":"SeNaSa - Seguro Nacional de Salud","url":"https:\/\/www.arssenasa.gob.do\/","logo":{"@type":"ImageObject","inLanguage":"es","@id":"https:\/\/www.arssenasa.gob.do\/#\/schema\/logo\/image\/","url":"https:\/\/www.arssenasa.gob.do\/wp-content\/uploads\/2018\/11\/logo2022.png","contentUrl":"https:\/\/www.arssenasa.gob.do\/wp-content\/uploads\/2018\/11\/logo2022.png","width":310,"height":200,"caption":"SeNaSa - Seguro Nacional de Salud"},"image":{"@id":"https:\/\/www.arssenasa.gob.do\/#\/schema\/logo\/image\/"},"sameAs":["https:\/\/www.facebook.com\/ARSSeNaSaRD","https:\/\/x.com\/arssenasard","https:\/\/www.instagram.com\/arssenasard\/","https:\/\/www.youtube.com\/user\/ARSSeNaSa"]},{"@type":"Person","@id":"https:\/\/www.arssenasa.gob.do\/#\/schema\/person\/b9d6c2c58f44cdecdcdaab7a6f9504c0","name":"SeNaSa","image":{"@type":"ImageObject","inLanguage":"es","@id":"https:\/\/www.arssenasa.gob.do\/#\/schema\/person\/image\/","url":"https:\/\/secure.gravatar.com\/avatar\/3c45125f46520136bb5577344179f8312f2704a1174137df27ae1baa182b5a6e?s=96&d=mm&r=g","contentUrl":"https:\/\/secure.gravatar.com\/avatar\/3c45125f46520136bb5577344179f8312f2704a1174137df27ae1baa182b5a6e?s=96&d=mm&r=g","caption":"SeNaSa"},"url":"https:\/\/www.arssenasa.gob.do\/index.php\/blog\/author\/admin\/"},false]}},"yasr_visitor_votes":{"stars_attributes":{"read_only":false,"span_bottom":false},"number_of_votes":0,"sum_votes":0},"_links":{"self":[{"href":"https:\/\/www.arssenasa.gob.do\/index.php\/wp-json\/wp\/v2\/posts\/5520","targetHints":{"allow":["GET"]}}],"collection":[{"href":"https:\/\/www.arssenasa.gob.do\/index.php\/wp-json\/wp\/v2\/posts"}],"about":[{"href":"https:\/\/www.arssenasa.gob.do\/index.php\/wp-json\/wp\/v2\/types\/post"}],"author":[{"embeddable":true,"href":"https:\/\/www.arssenasa.gob.do\/index.php\/wp-json\/wp\/v2\/users\/3"}],"replies":[{"embeddable":true,"href":"https:\/\/www.arssenasa.gob.do\/index.php\/wp-json\/wp\/v2\/comments?post=5520"}],"version-history":[{"count":1,"href":"https:\/\/www.arssenasa.gob.do\/index.php\/wp-json\/wp\/v2\/posts\/5520\/revisions"}],"predecessor-version":[{"id":5523,"href":"https:\/\/www.arssenasa.gob.do\/index.php\/wp-json\/wp\/v2\/posts\/5520\/revisions\/5523"}],"wp:featuredmedia":[{"embeddable":true,"href":"https:\/\/www.arssenasa.gob.do\/index.php\/wp-json\/wp\/v2\/media\/3076"}],"wp:attachment":[{"href":"https:\/\/www.arssenasa.gob.do\/index.php\/wp-json\/wp\/v2\/media?parent=5520"}],"wp:term":[{"taxonomy":"category","embeddable":true,"href":"https:\/\/www.arssenasa.gob.do\/index.php\/wp-json\/wp\/v2\/categories?post=5520"},{"taxonomy":"post_tag","embeddable":true,"href":"https:\/\/www.arssenasa.gob.do\/index.php\/wp-json\/wp\/v2\/tags?post=5520"}],"curies":[{"name":"wp","href":"https:\/\/api.w.org\/{rel}","templated":true}]}}